{"id":387248,"date":"2025-09-13T07:05:11","date_gmt":"2025-09-13T07:05:11","guid":{"rendered":"https:\/\/www.europesays.com\/fr\/387248\/"},"modified":"2025-09-13T07:05:11","modified_gmt":"2025-09-13T07:05:11","slug":"175-m-pour-69-kg-raphael-sadonne-a-une-activite-physique-5-jours-sur-7-a-montmartre-et-ne-peut-plus-sen-passer","status":"publish","type":"post","link":"https:\/\/www.europesays.com\/fr\/387248\/","title":{"rendered":"1,75 m pour 69 kg, Rapha\u00ebl s\u2019adonne \u00e0 une activit\u00e9 physique 5 jours sur 7 \u00e0 Montmartre et ne peut plus s\u2019en passer"},"content":{"rendered":"<p>La suite apr\u00e8s la publicit\u00e9<\/p>\n<p><a href=\"https:\/\/www.purepeople.com\/people\/raphael_p689\" rel=\"nofollow noopener\" target=\"_blank\"><strong>Rapha\u00ebl<\/strong><\/a><strong>, 1,75 m pour 69 kg, a fait de la course \u00e0 pied un rituel incontournable. <\/strong>Cinq jours par semaine, il sillonne les rues pentues de Montmartre. Pour l\u2019artiste, <strong>ce n\u2019est pas une simple activit\u00e9 physique mais une respiration essentielle<\/strong>. A L&rsquo;\u00c9quipe, il confiait : \u00ab\u00a0Courir tous les jours, pas longtemps, \u00e0 Montmartre, me lib\u00e8re l\u2019esprit, me donne des id\u00e9es, d\u00e9noue des blocages que je peux rencontrer dans l\u2019\u00e9criture.\u00a0\u00bb Nos confr\u00e8res pr\u00e9cisent qu\u2019\u00e0 peine remis d\u2019une grippe, il n\u2019a pas h\u00e9sit\u00e9 \u00e0 rechausser ses baskets malgr\u00e9 la fi\u00e8vre, preuve que <strong>la course est devenue pour lui une seconde nature<\/strong>.<\/p>\n<p>Avec son gabarit \u00e9lanc\u00e9, Rapha\u00ebl, <a href=\"https:\/\/www.purepeople.com\/article\/raphael-son-prenom-parait-anodin-mais-il-ne-s-appelle-pas-comme-ca-pour-rien-il-y-a-une-raison-bien-precise_a524225\/1\" rel=\"nofollow noopener\" target=\"_blank\">dont le pr\u00e9nom n&rsquo;est pas vraiment d\u00fb au hasard<\/a>, ressemble \u00e0 <strong>un coureur amateur r\u00e9gulier : aff\u00fbt\u00e9, \u00e9quilibr\u00e9, sans chercher la performance extr\u00eame<\/strong>. Ce rituel lui permet d\u2019entretenir sa condition physique tout en nourrissant sa cr\u00e9ativit\u00e9.<strong> Install\u00e9 \u00e0 Montmartre avec sa compagne <\/strong><a href=\"https:\/\/www.purepeople.com\/people\/melanie-thierry_p687\" rel=\"nofollow noopener\" target=\"_blank\"><strong>M\u00e9lanie Thierry<\/strong><\/a><strong> et leurs enfants<\/strong>, il r\u00e9ussit \u00e0 concilier sa vie de famille et sa pratique sportive. La course repr\u00e9sente un espace de libert\u00e9 qui ne l\u2019isole pas mais l\u2019ancre dans un \u00e9quilibre quotidien.<\/p>\n<p>Peut-on devenir accro au running ?<\/p>\n<p>Reste que cette assiduit\u00e9 interroge : <strong>peut-on devenir \u00ab\u00a0accro\u00a0\u00bb \u00e0 la course ?<\/strong> L\u2019id\u00e9e est largement r\u00e9pandue. Selon le m\u00e9dia Dans la t\u00eate d\u2019un coureur, \u00ab\u00a0l&rsquo;id\u00e9e que l&rsquo;on peut \u00eatre accro aux endorphines est tr\u00e8s r\u00e9pandue. <strong>Certains parlent m\u00eame de drogue naturelle<\/strong>\u00ab\u00a0. La sensation d\u2019euphorie apr\u00e8s l\u2019effort alimente ce discours. Pourtant, la science rappelle que le sport ne peut \u00eatre assimil\u00e9 \u00e0 une drogue au sens chimique : il stimule le circuit de la r\u00e9compense mais ne modifie pas durablement la chimie du cerveau.<\/p>\n<p>Cependant, nos confr\u00e8res soulignent l\u2019existence d\u2019une <strong>d\u00e9pendance comportementale : la bigorexie, ou hyperactivit\u00e9 sportive<\/strong>. L\u2019OMS la classe parmi les addictions comportementales, au m\u00eame titre que les jeux vid\u00e9o ou les achats compulsifs. Elle se manifeste par <strong>un besoin irr\u00e9pressible de s\u2019entra\u00eener<\/strong>, une anxi\u00e9t\u00e9 en cas d\u2019arr\u00eat, une intensit\u00e9 toujours croissante et parfois des cons\u00e9quences n\u00e9gatives sur la vie sociale et familiale.\u00a0<\/p>\n<p>Maintenir un lien entre corps et esprit<\/p>\n<p>Dans le cas de Rapha\u00ebl, <a href=\"https:\/\/www.purepeople.com\/article\/melanie-thierry-et-raphael-ne-cachent-pas-leurs-sentiments-en-public-leur-derniere-sortie-est-adorable_a540142\/1\" rel=\"nofollow noopener\" target=\"_blank\">qui n&rsquo;a pas peur de montrer ses sentiments amoureux en public<\/a>, il semble au contraire avoir trouv\u00e9 un \u00e9quilibre. Selon L&rsquo;\u00c9quipe, <strong>il court avant tout pour <\/strong><strong>\u00ab\u00a0se lib\u00e9rer l\u2019esprit\u00a0\u00bb<\/strong><strong> et maintenir un lien entre corps et cr\u00e9ativit\u00e9<\/strong>. Son rapport \u00e0 la course reste celui d\u2019une passion, pas d\u2019une contrainte.<\/p>\n<p>En r\u00e9sum\u00e9, <strong>la pratique de Rapha\u00ebl illustre cette fronti\u00e8re subtile entre passion et d\u00e9pendance<\/strong>. Oui, le sport peut procurer des sensations proches d\u2019une \u00ab\u00a0drogue naturelle\u00a0\u00bb. <strong>Non, il ne constitue pas une addiction au sens strict.<\/strong> Tant que l\u2019\u00e9quilibre est pr\u00e9serv\u00e9 et que le plaisir prime, comme c\u2019est le cas pour lui \u00e0 Montmartre, la course reste une alli\u00e9e pr\u00e9cieuse, source d\u2019inspiration et de bien-\u00eatre.<\/p>\n","protected":false},"excerpt":{"rendered":"La suite apr\u00e8s la publicit\u00e9 Rapha\u00ebl, 1,75 m pour 69 kg, a fait de la course \u00e0 pied&hellip;\n","protected":false},"author":2,"featured_media":387249,"comment_status":"","ping_status":"","sticky":false,"template":"","format":"standard","meta":{"footnotes":""},"categories":[1359],"tags":[58,59,1011,27,973],"class_list":{"0":"post-387248","1":"post","2":"type-post","3":"status-publish","4":"format-standard","5":"has-post-thumbnail","7":"category-people","8":"tag-divertissement","9":"tag-entertainment","10":"tag-fr","11":"tag-france","12":"tag-people"},"share_on_mastodon":{"url":"https:\/\/pubeurope.com\/@fr\/115195722188255560","error":""},"_links":{"self":[{"href":"https:\/\/www.europesays.com\/fr\/wp-json\/wp\/v2\/posts\/387248","targetHints":{"allow":["GET"]}}],"collection":[{"href":"https:\/\/www.europesays.com\/fr\/wp-json\/wp\/v2\/posts"}],"about":[{"href":"https:\/\/www.europesays.com\/fr\/wp-json\/wp\/v2\/types\/post"}],"author":[{"embeddable":true,"href":"https:\/\/www.europesays.com\/fr\/wp-json\/wp\/v2\/users\/2"}],"replies":[{"embeddable":true,"href":"https:\/\/www.europesays.com\/fr\/wp-json\/wp\/v2\/comments?post=387248"}],"version-history":[{"count":0,"href":"https:\/\/www.europesays.com\/fr\/wp-json\/wp\/v2\/posts\/387248\/revisions"}],"wp:featuredmedia":[{"embeddable":true,"href":"https:\/\/www.europesays.com\/fr\/wp-json\/wp\/v2\/media\/387249"}],"wp:attachment":[{"href":"https:\/\/www.europesays.com\/fr\/wp-json\/wp\/v2\/media?parent=387248"}],"wp:term":[{"taxonomy":"category","embeddable":true,"href":"https:\/\/www.europesays.com\/fr\/wp-json\/wp\/v2\/categories?post=387248"},{"taxonomy":"post_tag","embeddable":true,"href":"https:\/\/www.europesays.com\/fr\/wp-json\/wp\/v2\/tags?post=387248"}],"curies":[{"name":"wp","href":"https:\/\/api.w.org\/{rel}","templated":true}]}}