{"id":387250,"date":"2025-09-13T07:06:17","date_gmt":"2025-09-13T07:06:17","guid":{"rendered":"https:\/\/www.europesays.com\/fr\/387250\/"},"modified":"2025-09-13T07:06:17","modified_gmt":"2025-09-13T07:06:17","slug":"loeuvre-de-riquet-au-centre-dun-concours-de-photographie-qui-encourage-audace-et-creativite","status":"publish","type":"post","link":"https:\/\/www.europesays.com\/fr\/387250\/","title":{"rendered":"l&rsquo;\u0153uvre de Riquet au centre d\u2019un concours de photographie qui encourage audace et cr\u00e9ativit\u00e9"},"content":{"rendered":"<p>            Par<br \/>\n        <strong><br \/>\n            <a href=\"https:\/\/actu.fr\/auteur\/gilles-rolland\" title=\"Consulter tous les articles de Gilles Rolland\" target=\"_blank\" rel=\"noopener\">Gilles Rolland<\/a><br \/>\n        <\/strong><\/p>\n<p>        Publi\u00e9 le<\/p>\n<p>            11 sept. 2025 \u00e0 17h49        <\/p>\n<p>Incontournable, l\u2019ouvrage de<a href=\"https:\/\/actu.fr\/occitanie\/revel_31451\/patrimoine-la-maison-ou-a-vecu-pierre-paul-riquet-a-revel-raconte-les-origines-du-canal-du-midi_62648008.html\" target=\"_blank\" rel=\"noopener\"> Pierre-Paul Riquet<\/a>, le c\u00e9l\u00e8bre <b>canal du Midi<\/b>, n\u2019en finit plus de fasciner. En particulier dans le Lauragais o\u00f9 il tient une place pr\u00e9pond\u00e9rante, encourageant \u00e0 la fois la d\u00e9couverte de l\u2019histoire \u00e0 travers les r\u00e9cits de ses origines, mais aussi de la nature environnante, au fil de balades sur l\u2019eau, de <a href=\"https:\/\/actu.fr\/occitanie\/castanet-tolosan_31113\" target=\"_blank\" rel=\"noopener\">Castanet-Tolosan<\/a> \u00e0 <a href=\"https:\/\/actu.fr\/occitanie\/castelnaudary_11076\" target=\"_blank\" rel=\"noopener\">Castelnaudary<\/a>, en passant bien s\u00fbr par <a href=\"https:\/\/actu.fr\/occitanie\/gardouch_31210\" target=\"_blank\" rel=\"noopener\">Gardouch<\/a>.<\/p>\n<p class=\" wall-content\">Le canal qu\u2019il s\u2019agit aujourd\u2019hui de mettre en valeur dans le cadre d\u2019un <b>concours de photographies<\/b> ouvert \u00e0 tous !<\/p>\n<p>Le canal du Midi \u00e0 l\u2019honneur<\/p>\n<p class=\" wall-content\">Organis\u00e9 dans le cadre de la <b>journ\u00e9e des usages du Canal<\/b>, le concours est port\u00e9 par la Minoterie de Gardouch. Le th\u00e8me\u2009? <b>Le Canal Insolite<\/b>.<\/p>\n<p class=\" wall-content\">De quoi inspirer les <b>photographes amateurs<\/b>\u00a0qui peuvent s\u2019en donner \u00e0 c\u0153ur joie pour imaginer des sc\u00e8nes, faire preuve d\u2019inventivit\u00e9 ou encore aller \u00e0 contre-courant des conventions pour au final proposer un clich\u00e9 m\u00e9morable du canal du Midi.<\/p>\n<p>Les r\u00e8gles du concours<\/p>\n<p class=\" wall-content\">Il faut tout d\u2019abord souligner que seules les photos couleurs et noir et blanc seront retenues par le jury. Pas de cr\u00e9ations num\u00e9riques, de photomontages ou de prises de vues a\u00e9riennes. Au garage, les drones\u2009!<\/p>\n<p>Vid\u00e9os : en ce moment sur Actu<\/p>\n<p class=\" wall-content\">Il est en outre possible de fournir jusqu\u2019\u00e0 <b>deux photos<\/b>. Photographies qui seront ensuite s\u00e9lectionn\u00e9es en fonction des crit\u00e8res suivants\u2009: qualit\u00e9 de la prise de vue, originalit\u00e9, esth\u00e9tique, coh\u00e9rence et originalit\u00e9 du titre, et respect du th\u00e8me impos\u00e9.<\/p>\n<p class=\" wall-content\">Et si les photos mettent en sc\u00e8ne des personnes, il est aussi important de fournir le <b>certificat de droit \u00e0 l\u2019image<\/b> d\u00fbment rempli, fourni sur le <a href=\"https:\/\/www.minoterie-gardouch.fr\/fr\/evenements-2\/detail\/concours-photos-le-canal-insolite\/84888\" target=\"_blank\" rel=\"noopener\">site internet <\/a>de la Minoterie.<\/p>\n<p>Votre r\u00e9gion, votre actu !<\/p>\n<p>Recevez chaque jour les infos qui comptent pour vous.<\/p>\n<p>\t<a href=\"https:\/\/actu.fr\/newsletter\" class=\"ac-btn ac-btn--corner ac-btn--medium ac-btn--blue800\" target=\"_blank\" rel=\"noopener\">S&rsquo;incrire<\/a><br \/>\nAu fil de l\u2019eau<\/p>\n<p class=\" wall-content\">Le r\u00e8glement du concours stipule que la ou <b>les photos peuvent \u00eatre prises tout au long du canal du Midi<\/b> et pas seulement \u00e0 Gardouch.<\/p>\n<p class=\" wall-content\">Seul imp\u00e9ratif\u2009: il faut que le lieu photographi\u00e9 se situe dans le <b>Lauragais<\/b>. Date limite pour soumettre ses clich\u00e9s\u2009:<b> le vendredi 31\u00a0octobre 2025<\/b>.<\/p>\n<p><b>Infos pratiques<\/b><br \/>R\u00e8glement et bulletin d\u2019inscription sur<a href=\"https:\/\/www.minoterie-gardouch.fr\/fr\/evenements-2\/detail\/concours-photos-le-canal-insolite\/84888\" target=\"_blank\" rel=\"noopener\"> le site de la Minoterie de Gardouch<\/a>.<\/p>\n<p class=\" wall-content\">Personnalisez votre actualit\u00e9 en ajoutant vos villes et m\u00e9dias en favori avec <a href=\"https:\/\/moncompte.actu.fr\" title=\"D\u00e9couvez Mon Actu\" rel=\"nofollow noopener\" data-trk=\"{&quot;cta&quot;:{&quot;action&quot;:&quot;https:\\\/\\\/moncompte.actu.fr&quot;,&quot;category&quot;:&quot;mon compte&quot;,&quot;from&quot;:&quot;article footer&quot;,&quot;name&quot;:&quot;Mon actu&quot;,&quot;type&quot;:&quot;cta&quot;}}\" target=\"_blank\">Mon Actu<\/a>.<\/p>\n","protected":false},"excerpt":{"rendered":"Par Gilles Rolland Publi\u00e9 le 11 sept. 2025 \u00e0 17h49 Incontournable, l\u2019ouvrage de Pierre-Paul Riquet, le c\u00e9l\u00e8bre canal&hellip;\n","protected":false},"author":2,"featured_media":387251,"comment_status":"","ping_status":"","sticky":false,"template":"","format":"standard","meta":{"footnotes":""},"categories":[1358],"tags":[1348,1384,1385,4861,1386,58,59,1011,27,1756,104],"class_list":{"0":"post-387250","1":"post","2":"type-post","3":"status-publish","4":"format-standard","5":"has-post-thumbnail","7":"category-arts-et-design","8":"tag-arts","9":"tag-arts-and-design","10":"tag-arts-et-design","11":"tag-canal-du-midi","12":"tag-design","13":"tag-divertissement","14":"tag-entertainment","15":"tag-fr","16":"tag-france","17":"tag-photographie","18":"tag-societe"},"share_on_mastodon":{"url":"https:\/\/pubeurope.com\/@fr\/115195726020176096","error":""},"_links":{"self":[{"href":"https:\/\/www.europesays.com\/fr\/wp-json\/wp\/v2\/posts\/387250","targetHints":{"allow":["GET"]}}],"collection":[{"href":"https:\/\/www.europesays.com\/fr\/wp-json\/wp\/v2\/posts"}],"about":[{"href":"https:\/\/www.europesays.com\/fr\/wp-json\/wp\/v2\/types\/post"}],"author":[{"embeddable":true,"href":"https:\/\/www.europesays.com\/fr\/wp-json\/wp\/v2\/users\/2"}],"replies":[{"embeddable":true,"href":"https:\/\/www.europesays.com\/fr\/wp-json\/wp\/v2\/comments?post=387250"}],"version-history":[{"count":0,"href":"https:\/\/www.europesays.com\/fr\/wp-json\/wp\/v2\/posts\/387250\/revisions"}],"wp:featuredmedia":[{"embeddable":true,"href":"https:\/\/www.europesays.com\/fr\/wp-json\/wp\/v2\/media\/387251"}],"wp:attachment":[{"href":"https:\/\/www.europesays.com\/fr\/wp-json\/wp\/v2\/media?parent=387250"}],"wp:term":[{"taxonomy":"category","embeddable":true,"href":"https:\/\/www.europesays.com\/fr\/wp-json\/wp\/v2\/categories?post=387250"},{"taxonomy":"post_tag","embeddable":true,"href":"https:\/\/www.europesays.com\/fr\/wp-json\/wp\/v2\/tags?post=387250"}],"curies":[{"name":"wp","href":"https:\/\/api.w.org\/{rel}","templated":true}]}}