{"id":387254,"date":"2025-09-13T07:08:17","date_gmt":"2025-09-13T07:08:17","guid":{"rendered":"https:\/\/www.europesays.com\/fr\/387254\/"},"modified":"2025-09-13T07:08:17","modified_gmt":"2025-09-13T07:08:17","slug":"mask-singer-2025-quelle-celebrite-se-cachait-sous-le-lynx-et-a-ete-revelee-ce-vendredi-soir-sur-tf1","status":"publish","type":"post","link":"https:\/\/www.europesays.com\/fr\/387254\/","title":{"rendered":"\u201cMask Singer\u201d 2025 : Quelle c\u00e9l\u00e9brit\u00e9 se cachait sous \u00ab\u00a0Le Lynx\u201d et a \u00e9t\u00e9 r\u00e9v\u00e9l\u00e9e ce vendredi soir sur TF1 ?"},"content":{"rendered":"<p>            <img loading=\"lazy\" decoding=\"async\" src=\"https:\/\/www.europesays.com\/fr\/wp-content\/uploads\/2025\/05\/76-64f37ccd06ff0-35x35-1.jpg\" class=\"author-article-picture\" width=\"35\" height=\"35\"\/><\/p>\n<p>                Par<br \/>\n                                    <a class=\"author-article-bio-link\" href=\"https:\/\/www.ozap.com\/auteur\/guillaume-faivre_a76\" rel=\"nofollow noopener\" target=\"_blank\">Guillaume Faivre<\/a><br \/>\n                                                    | Journaliste<\/p>\n<p>\n                Lorsque Guillaume Faivre est devant son petit \u00e9cran, c\u2019est pour regarder \u201cFort Boyard\u201d, son \u00e9mission f\u00e9tiche. Lorsqu\u2019il est devant son \u00e9cran de t\u00e9l\u00e9phone, c\u2019est pour voir \u201cLupin\u201d, sa s\u00e9rie pr\u00e9f\u00e9r\u00e9e. Lorsqu\u2019il est devant son \u00e9cran d\u2019ordi, le dimanche, c\u2019est pour \u00e9crire des articles pour Purem\u00e9dias.\n            <\/p>\n<p>\n    Ce vendredi 12 septembre 2025, pour le premier \u00e9pisode de la saison 8 de \u00ab\u00a0Mask Singer\u00a0\u00bb, deux costumes ont \u00e9t\u00e9 \u00e9limin\u00e9s.\n<\/p>\n<p>                            <img loading=\"lazy\" decoding=\"async\" class=\"player-thumbnail\" src=\"https:\/\/www.europesays.com\/fr\/wp-content\/uploads\/2025\/09\/aea423dad8b16d3c-580x326-1.jpg\" width=\"580\" height=\"326\"\/><\/p>\n<p>                    La bande-annonce faite avec de l&rsquo;IA de \u00ab\u00a0Mask Singer\u00a0\u00bb saison 8.<\/p>\n<p>La suite apr\u00e8s la publicit\u00e9<\/p>\n<p>Premier prime, deux \u00e9liminations. Ce vendredi soir, apr\u00e8s le d\u00e9masquage du <a href=\"https:\/\/www.ozap.com\/actu\/mask-singer-2025-qui-se-cachait-derriere-le-plancton-et-a-ete-demasque-ce-vendredi-12-septembre-sur-tf1\/651589\" rel=\"nofollow noopener\" target=\"_blank\">Plancton alias Vincent Moscato<\/a> quelques minutes plus t\u00f4t, les t\u00e9l\u00e9spectateurs de TF1 ont pu d\u00e9couvrir les autres costumes de la saison 8 de \u00ab\u00a0Mask Singer\u00a0\u00bb. \u00c0 tour de r\u00f4le, la Taupe, le Castor, le Lynx et le DJ ont repris les plus grands tubes de la chanson fran\u00e7aise devant des enqu\u00eateurs aux aguets compos\u00e9 de <a href=\"https:\/\/www.ozap.com\/actu\/mask-singer-pourquoi-michael-youn-remplace-t-il-laurent-ruquier-a-la-presentation-de-la-deuxieme-partie-de-soiree-sur-tf1\/651572\" rel=\"nofollow noopener\" target=\"_blank\">Micha\u00ebl Youn<\/a>, <a href=\"https:\/\/www.ozap.com\/actu\/on-etait-faches-ces-dernieres-annees-laurent-ruquier-evoque-pour-la-premiere-fois-depuis-la-disparition-de-thierry-ardisson-sa-relation-avec-l-homme-en-noir\/651476\" rel=\"nofollow noopener\" target=\"_blank\">Laurent Ruquier<\/a>, <a href=\"https:\/\/www.ozap.com\/actu\/chantal-ladesou-debarque-dans-scenes-de-menages-sur-m6-et-donnera-la-replique-a-gerard-hernandez\/648034\" rel=\"nofollow noopener\" target=\"_blank\">Chantal Ladesou<\/a>, et <a href=\"https:\/\/www.ozap.com\/actu\/cest-toujours-un-peu-effrayant-pour-eux-pourquoi-kev-adams-a-connu-des-difficultes-pour-attirer-des-humoristes-celebres-dans-lhumour-a-la-plage-2-sur-tf1\/650818\" rel=\"nofollow noopener\" target=\"_blank\">Kev Adams<\/a>.<\/p>\n<p>Le Castor et le Lynx en ballottage\u00a0<\/p>\n<p>Apr\u00e8s un premier round qui a oppos\u00e9 la Taupe et le Castor, <a href=\"https:\/\/www.ozap.com\/personnalite\/camille-combal_e124623\" rel=\"nofollow noopener\" target=\"_blank\">Camille Combal <\/a>a invit\u00e9 en plateau deux nouveaux personnages : le Lynx et le DJ. Ce dernier n&rsquo;est autre que le YouTubeur <a href=\"https:\/\/www.ozap.com\/actu\/-c-est-enorme-et-sec-dans-c-a-vous-gabriel-attal-felicite-tibo-inshape-devenu-premier-youtubeur-francais\/644214\" rel=\"nofollow noopener\" target=\"_blank\">Tibo InShape<\/a>. D\u00e9voilant les coulisses de \u00ab\u00a0<a href=\"https:\/\/www.ozap.com\/actu\/mask-singer-2025-nouveautes-costumes-jures-casting-date-de-diffusion-tout-ce-qu-il-faut-savoir-sur-la-saison-8-de-l-emission-de-tf1\/651230\" rel=\"nofollow noopener\" target=\"_blank\">Mask Singer<\/a>\u00ab\u00a0, le \u201ccomplice du public\u201d va faire son maximum pour tromper, le plus longtemps possible, les enqu\u00eateurs et Camille Combal sur son identit\u00e9. \u00a0<\/p>\n<p>Apr\u00e8s leur performance, le Castor et le Lynx se sont malheureusement retrouv\u00e9s en ballottage. Le public pr\u00e9sent dans la salle a alors d\u00fb voter sur un bo\u00eetier et a choisi de qualifier pour la suite de la comp\u00e9tition le Castor. C&rsquo;est donc le Lynx qui a \u00e9t\u00e9 pri\u00e9 de rentrer chez lui. Sous le costume, les fans du divertissement ont ainsi pu d\u00e9couvrir&#8230; la com\u00e9dienne belge Natacha Amal. Sur TF1, cette derni\u00e8re avait notamment incarn\u00e9 les r\u00f4les de Samantha Beaumont dans la s\u00e9rie \u00ab\u00a0Commissaire Moulin\u00a0\u00bb durant treize ans, et d&rsquo;\u00c9lisabeth Broch\u00e8ne dans \u00ab\u00a0Femmes de loi\u00a0\u00bb pendant neuf ans.\u00a0<\/p>\n<p>Les indices \u00e9taient les suivants :<\/p>\n<p>&#8211; Classe<br \/>&#8211; Lundi (pour le jour de diffusion de la s\u00e9rie \u00ab\u00a0Femmes de loi\u00a0\u00bb)<br \/>&#8211; Anglais<br \/>\u00a0<\/p>\n<p>A lire aussi : <a href=\"https:\/\/www.ozap.com\/actu\/mask-singer-2025-surprise-tf1-devoile-deja-la-star-qui-se-cache-sous-le-costume-du-dj-il-s-agit-d-un-celebre-youtubeur-francais\/651541\" rel=\"nofollow noopener\" target=\"_blank\">\u00ab\u00a0Mask Singer\u00a0\u00bb 2025 : Surprise ! TF1 d\u00e9voile (d\u00e9j\u00e0) la star qui se cache sous le costume du DJ&#8230; il s&rsquo;agit d&rsquo;un c\u00e9l\u00e8bre youtubeur fran\u00e7ais<\/a><\/p>\n<p>Audiences : Quel bilan pour la saison 7 ?<\/p>\n<p>Diffus\u00e9e du 2 mai au 27 juin 2025, la septi\u00e8me saison de \u00ab\u00a0Mask Singer\u00a0\u00bb \u00e9tait parvenue \u00e0 r\u00e9unir 2,68 millions de t\u00e9l\u00e9spectateurs (16,1% sur l&rsquo;ensemble du public, 32,2% des FRDA-50) pour la partie 1, et 2,54 millions de t\u00e9l\u00e9spectateurs (20,7% de PDA sur les 4+ et 36,1% sur les FRDA-50) pour la partie 2. Selon TF1, le programme avait rassembl\u00e9 plus de 3,2 millions de t\u00e9l\u00e9spectateurs en moyenne \u00e0 J+7.<\/p>\n<p>\u00ab\u00a0Mask Singer\u00a0\u00bb 2025 : On a d\u00e9j\u00e0 d\u00e9masqu\u00e9 \u00ab\u00a0Le Castor\u00a0\u00bb\u2026 Il s\u2019agit d\u2019un c\u00e9l\u00e8bre acteur et humoriste fran\u00e7ais<\/p>\n","protected":false},"excerpt":{"rendered":"Par Guillaume Faivre | Journaliste Lorsque Guillaume Faivre est devant son petit \u00e9cran, c\u2019est pour regarder \u201cFort Boyard\u201d,&hellip;\n","protected":false},"author":2,"featured_media":387255,"comment_status":"","ping_status":"","sticky":false,"template":"","format":"standard","meta":{"footnotes":""},"categories":[1356],"tags":[58,59,1011,27,252,1364],"class_list":{"0":"post-387254","1":"post","2":"type-post","3":"status-publish","4":"format-standard","5":"has-post-thumbnail","7":"category-television","8":"tag-divertissement","9":"tag-entertainment","10":"tag-fr","11":"tag-france","12":"tag-television","13":"tag-tv"},"share_on_mastodon":{"url":"https:\/\/pubeurope.com\/@fr\/115195734041332100","error":""},"_links":{"self":[{"href":"https:\/\/www.europesays.com\/fr\/wp-json\/wp\/v2\/posts\/387254","targetHints":{"allow":["GET"]}}],"collection":[{"href":"https:\/\/www.europesays.com\/fr\/wp-json\/wp\/v2\/posts"}],"about":[{"href":"https:\/\/www.europesays.com\/fr\/wp-json\/wp\/v2\/types\/post"}],"author":[{"embeddable":true,"href":"https:\/\/www.europesays.com\/fr\/wp-json\/wp\/v2\/users\/2"}],"replies":[{"embeddable":true,"href":"https:\/\/www.europesays.com\/fr\/wp-json\/wp\/v2\/comments?post=387254"}],"version-history":[{"count":0,"href":"https:\/\/www.europesays.com\/fr\/wp-json\/wp\/v2\/posts\/387254\/revisions"}],"wp:featuredmedia":[{"embeddable":true,"href":"https:\/\/www.europesays.com\/fr\/wp-json\/wp\/v2\/media\/387255"}],"wp:attachment":[{"href":"https:\/\/www.europesays.com\/fr\/wp-json\/wp\/v2\/media?parent=387254"}],"wp:term":[{"taxonomy":"category","embeddable":true,"href":"https:\/\/www.europesays.com\/fr\/wp-json\/wp\/v2\/categories?post=387254"},{"taxonomy":"post_tag","embeddable":true,"href":"https:\/\/www.europesays.com\/fr\/wp-json\/wp\/v2\/tags?post=387254"}],"curies":[{"name":"wp","href":"https:\/\/api.w.org\/{rel}","templated":true}]}}