{"id":387267,"date":"2025-09-13T07:15:15","date_gmt":"2025-09-13T07:15:15","guid":{"rendered":"https:\/\/www.europesays.com\/fr\/387267\/"},"modified":"2025-09-13T07:15:15","modified_gmt":"2025-09-13T07:15:15","slug":"lagence-de-notation-fitch-abaisse-la-note-de-la-france-sebastien-lecornu-au-defi-de-trouver-un-budget","status":"publish","type":"post","link":"https:\/\/www.europesays.com\/fr\/387267\/","title":{"rendered":"L\u2019agence de notation Fitch abaisse la note de la France, S\u00e9bastien Lecornu au d\u00e9fi de trouver un budget"},"content":{"rendered":"<p>        <img decoding=\"async\" loading=\"lazy\" src=\"https:\/\/www.europesays.com\/fr\/wp-content\/uploads\/2025\/09\/7c8a1c5_upload-1-wou9d6n9gmzg-afp-20250304-36zb6yf-v1-highres-francepoliticsassemblygovernment.jpg\"  width=\"728\" height=\"409\" alt=\"Le ministre de l\u2019Economie Eric Lombard a \u00ab\u00a0pris acte\u00a0\u00bb de la d\u00e9gradation de la note fran\u00e7aise, trois jours apr\u00e8s la nomination de S\u00e9bastien Lecornu \u00e0 Matignon. \"\/>  <\/p>\n<p>LUDOVIC MARIN \/ AFP<\/p>\n<p>Le ministre de l\u2019Economie Eric Lombard a \u00ab\u00a0pris acte\u00a0\u00bb de la d\u00e9gradation de la note fran\u00e7aise, trois jours apr\u00e8s la nomination de S\u00e9bastien Lecornu \u00e0 Matignon. <\/p>\n<p class=\"asset asset-text\">DETTE &#8211; Fini le double A de l\u2019\u00e9conomie fran\u00e7aise. En pleine <a href=\"https:\/\/www.huffingtonpost.fr\/politique\/article\/combien-de-temps-sebastien-lecornu-peut-il-rester-a-la-tete-d-un-gouvernement-demissionnaire_254740.html\" target=\"_blank\" rel=\"noopener\">incertitude politique<\/a> et budg\u00e9taire, l\u2019agence de notation Fitch a abaiss\u00e9 vendredi 12\u00a0septembre la note souveraine de <a href=\"https:\/\/www.huffingtonpost.fr\/politique\/article\/les-francais-responsables-de-la-dette-ce-constat-de-francois-bayrou-passe-mal_254011.html\" target=\"_blank\" rel=\"noopener\">la dette<\/a> de la France \u00e0 A+. Une d\u00e9cision \u00e0 laquelle <a href=\"https:\/\/www.huffingtonpost.fr\/politique\/video\/le-nouveau-premier-ministre-sebastien-lecornu-seul-ministre-en-poste-depuis-le-printemps-2017-clx1_239931.html\" target=\"_blank\" rel=\"noopener\">le nouveau Premier ministre S\u00e9bastien Lecornu<\/a> pouvait s\u2019attendre mais qui vient lui confirmer l\u2019ampleur de la t\u00e2che qui l\u2019attend.<\/p>\n<p class=\"asset asset-text\">Car la premi\u00e8re agence \u00e0 revoir sa notation avant m\u00eame le d\u00e9but de l\u2019automne dit sanctionner l\u2019instabilit\u00e9 politique persistante et les incertitudes budg\u00e9taires. Selon Fitch, ces deux facteurs contrarient l\u2019assainissement de comptes publics tr\u00e8s d\u00e9grad\u00e9s. Pointant la \u00ab\u00a0fragmentation et la polarisation croissante\u00a0\u00bb de la politique, Fitch estime dans un communiqu\u00e9 que \u00ab\u00a0cette instabilit\u00e9 affaiblit la capacit\u00e9 du syst\u00e8me politique \u00e0 mettre en \u0153uvre une consolidation budg\u00e9taire d\u2019ampleur\u00a0\u00bb.<\/p>\n<p class=\"asset asset-text\">Elle juge improbable de ramener le d\u00e9ficit public sous 3\u00a0% du PIB en 2029 comme l\u2019ambitionnait le gouvernement sortant pour remettre la France dans les clous europ\u00e9ens. Car selon Fitch, il est \u00e9vident que S\u00e9bastien Lecornu -pour obtenir un budget pour l\u2019ann\u00e9e 2026- <a href=\"https:\/\/www.huffingtonpost.fr\/politique\/article\/sebastien-lecornu-peut-il-reussir-la-ou-francois-bayrou-et-michel-barnier-ont-echoue_254629.html\" target=\"_blank\" rel=\"noopener\">devra r\u00e9duire l\u2019ampleur de l\u2019effort budg\u00e9taire<\/a> que Fran\u00e7ois Bayrou avait envisag\u00e9 \u00e0 44\u00a0milliards d\u2019euros l\u2019ann\u00e9e prochaine. De quoi compromettre l\u2019objectif d\u2019un d\u00e9ficit projet\u00e9 \u00e0 4,6\u00a0% l\u2019an prochain\u00a0: l\u2019agence de notation le voit rester d\u2019ailleurs sup\u00e9rieur \u00e0 5\u00a0% en 2026 et 2027.<\/p>\n<p>    Lecornu consulte tous azimuts pour faire son budget    <\/p>\n<p class=\"asset asset-text\">Le ministre sortant de l\u2019\u00c9conomie, \u00c9ric Lombard, a dit prendre \u00ab\u00a0acte\u00a0\u00bb de la d\u00e9cision de l\u2019agence. Pour Fran\u00e7ois Bayrou, qui a d\u00e9nonc\u00e9 \u00e0 l\u2019envi la colossale dette fran\u00e7aise, \u00ab\u00a0un pays que ses \u201c\u00e9lites\u201d conduisent \u00e0 refuser la v\u00e9rit\u00e9 est condamn\u00e9 \u00e0 en payer le prix\u00a0\u00bb. \u00c0 l\u2019oppos\u00e9, \u00c9ric Coquerel, pr\u00e9sident LFI de la commission des Finances de l\u2019Assembl\u00e9e nationale, voit dans cette d\u00e9gradation le r\u00e9sultat de \u00ab\u00a0deux mois (d\u2019)un discours catastrophiste sur la situation financi\u00e8re du pays\u00a0\u00bb.<\/p>\n<p> La lecture de ce contenu est susceptible d\u2019entra\u00eener un d\u00e9p\u00f4t de cookies de la part de l\u2019op\u00e9rateur tiers qui l\u2019h\u00e9berge. Compte-tenu des choix que vous avez exprim\u00e9s en mati\u00e8re de d\u00e9p\u00f4t de cookies, nous avons bloqu\u00e9 l\u2019affichage de ce contenu. Si vous souhaitez y acc\u00e9der, vous devez accepter la cat\u00e9gorie de cookies \u201cContenus tiers\u201d en cliquant sur le bouton ci-dessous. <\/p>\n<p> Lire la Vid\u00e9o        <\/p>\n<p class=\"asset asset-text\">Nomm\u00e9 mardi \u00e0 Matignon, S\u00e9bastien Lecornu est engag\u00e9 dans une course contre la montre pour pr\u00e9senter dans les temps un budget 2026 qui puisse \u00e9chapper \u00e0 la censure des oppositions, notamment celle du PS qui r\u00e9clame de revenir sur la r\u00e9forme des retraites et de mettre en place une taxe Zucman sur les plus hauts patrimoines. Il a \u00e9galement commenc\u00e9 \u00e0 consulter les partenaires sociaux, dans un climat social tendu qui se traduira par une journ\u00e9e intersyndicale de mobilisation le 18\u00a0septembre.<\/p>\n<p class=\"asset asset-text\">Cet abaissement, le deuxi\u00e8me par Fitch depuis avril\u00a02023, peut laisser pr\u00e9figurer d\u2019un mouvement similaire par les deux autres grandes agences mondiales de notation, <a href=\"https:\/\/www.huffingtonpost.fr\/economie\/article\/moody-s-degrade-la-note-de-la-france-le-jour-de-la-nomination-de-francois-bayrou-comme-premier-ministre_243535.html\" target=\"_blank\" rel=\"noopener\">Moody\u2019s<\/a> le 24\u00a0octobre et S&amp;P le 28\u00a0novembre.<\/p>\n","protected":false},"excerpt":{"rendered":"LUDOVIC MARIN \/ AFP Le ministre de l\u2019Economie Eric Lombard a \u00ab\u00a0pris acte\u00a0\u00bb de la d\u00e9gradation de la&hellip;\n","protected":false},"author":2,"featured_media":387268,"comment_status":"","ping_status":"","sticky":false,"template":"","format":"standard","meta":{"footnotes":""},"categories":[6],"tags":[35,6327,33,34,34558,1011,27,316,11067],"class_list":{"0":"post-387267","1":"post","2":"type-post","3":"status-publish","4":"format-standard","5":"has-post-thumbnail","7":"category-economie","8":"tag-business","9":"tag-dette","10":"tag-economie","11":"tag-economy","12":"tag-fitch","13":"tag-fr","14":"tag-france","15":"tag-politique","16":"tag-sebastien-lecornu"},"share_on_mastodon":{"url":"https:\/\/pubeurope.com\/@fr\/115195761537107761","error":""},"_links":{"self":[{"href":"https:\/\/www.europesays.com\/fr\/wp-json\/wp\/v2\/posts\/387267","targetHints":{"allow":["GET"]}}],"collection":[{"href":"https:\/\/www.europesays.com\/fr\/wp-json\/wp\/v2\/posts"}],"about":[{"href":"https:\/\/www.europesays.com\/fr\/wp-json\/wp\/v2\/types\/post"}],"author":[{"embeddable":true,"href":"https:\/\/www.europesays.com\/fr\/wp-json\/wp\/v2\/users\/2"}],"replies":[{"embeddable":true,"href":"https:\/\/www.europesays.com\/fr\/wp-json\/wp\/v2\/comments?post=387267"}],"version-history":[{"count":0,"href":"https:\/\/www.europesays.com\/fr\/wp-json\/wp\/v2\/posts\/387267\/revisions"}],"wp:featuredmedia":[{"embeddable":true,"href":"https:\/\/www.europesays.com\/fr\/wp-json\/wp\/v2\/media\/387268"}],"wp:attachment":[{"href":"https:\/\/www.europesays.com\/fr\/wp-json\/wp\/v2\/media?parent=387267"}],"wp:term":[{"taxonomy":"category","embeddable":true,"href":"https:\/\/www.europesays.com\/fr\/wp-json\/wp\/v2\/categories?post=387267"},{"taxonomy":"post_tag","embeddable":true,"href":"https:\/\/www.europesays.com\/fr\/wp-json\/wp\/v2\/tags?post=387267"}],"curies":[{"name":"wp","href":"https:\/\/api.w.org\/{rel}","templated":true}]}}