{"id":387269,"date":"2025-09-13T07:16:19","date_gmt":"2025-09-13T07:16:19","guid":{"rendered":"https:\/\/www.europesays.com\/fr\/387269\/"},"modified":"2025-09-13T07:16:19","modified_gmt":"2025-09-13T07:16:19","slug":"pierre-edouard-sterin-renomme-sa-holding-du-nom-dun-journaliste-de-lhumanite-qui-denonce-un-ciblage","status":"publish","type":"post","link":"https:\/\/www.europesays.com\/fr\/387269\/","title":{"rendered":"Pierre-\u00c9douard St\u00e9rin renomme sa holding du nom d\u2019un journaliste de \u00ab\u00a0l\u2019Humanit\u00e9\u00a0\u00bb qui d\u00e9nonce un \u00ab\u00a0ciblage\u00a0\u00bb"},"content":{"rendered":"<p>        <img decoding=\"async\" loading=\"lazy\" src=\"https:\/\/www.europesays.com\/fr\/wp-content\/uploads\/2025\/09\/ac1956f_upload-1-mdsc3ndwmowr-afp-20220909-32j33wc-v1-highres-francepoliticsmusicfestival.jpg\"  width=\"728\" height=\"409\" alt=\"Des personnes assistant \u00e0 la 87e \u00e9dition de la F\u00eate de l\u2019Humanit\u00e9, \u00e0 Br\u00e9tigny-sur-Orge (Essonne), le 9\u00a0septembre 2022. (photo d\u2019illustration)\"\/>  <\/p>\n<p>&#8211; \/ AFP<\/p>\n<p>Des personnes assistant \u00e0 la 87e \u00e9dition de la F\u00eate de l\u2019Humanit\u00e9, \u00e0 Br\u00e9tigny-sur-Orge (Essonne), le 9\u00a0septembre 2022. (photo d\u2019illustration)<\/p>\n<p class=\"asset asset-text\">M\u00c9DIAS &#8211; Faut-il y voir un \u00ab\u00a0pied de nez\u00a0\u00bb ou une \u00ab\u00a0intimidation\u00a0\u00bb\u00a0? <a href=\"https:\/\/www.huffingtonpost.fr\/international\/article\/gaza-l-humanite-prouve-l-authenticite-de-sa-une-choc-ce-mercredi-14-mai-face-aux-attaques_250019.html\" target=\"_blank\" rel=\"noopener\">Le quotidien communiste L\u2019Humanit\u00e9<\/a> reproche ce vendredi 12\u00a0septembre au <a href=\"https:\/\/www.huffingtonpost.fr\/politique\/article\/pierre-edouard-sterin-milliardaire-proche-de-l-extreme-droite-seche-une-convocation-de-l-assemblee_250011.html\" target=\"_blank\" rel=\"noopener\">milliardaire conservateur Pierre-\u00c9douard St\u00e9rin<\/a> d\u2019avoir rebaptis\u00e9 sa principale holding du nom d\u2019un de ses journalistes, qui avait enqu\u00eat\u00e9 sur l\u2019homme d\u2019affaires.<\/p>\n<p class=\"asset asset-text\">Pierre-\u00c9douard St\u00e9rin a renomm\u00e9 cette structure \u00ab\u00a0Lemahieu Holding, s\u2019appropriant le patronyme de notre coll\u00e8gue Thomas Lemahieu, qui a publi\u00e9 dans ces colonnes de nombreuses r\u00e9v\u00e9lations sur ses vis\u00e9es\u00a0\u00bb, \u00e9crit L\u2019Humanit\u00e9.<\/p>\n<p> La lecture de ce contenu est susceptible d\u2019entra\u00eener un d\u00e9p\u00f4t de cookies de la part de l\u2019op\u00e9rateur tiers qui l\u2019h\u00e9berge. Compte-tenu des choix que vous avez exprim\u00e9s en mati\u00e8re de d\u00e9p\u00f4t de cookies, nous avons bloqu\u00e9 l\u2019affichage de ce contenu. Si vous souhaitez y acc\u00e9der, vous devez accepter la cat\u00e9gorie de cookies \u201cContenus tiers\u201d en cliquant sur le bouton ci-dessous. <\/p>\n<p> Lire la Vid\u00e9o        <\/p>\n<p class=\"asset asset-text\">Selon le quotidien, cette structure domicili\u00e9e en Belgique est au sommet des soci\u00e9t\u00e9s de l\u2019homme d\u2019affaires (ce que l\u2019on appelle une holding de t\u00eate). Sollicit\u00e9 par l\u2019AFP pour une r\u00e9action de Pierre-\u00c9douard St\u00e9rin, son fonds d\u2019investissement, Otium Capital, a r\u00e9pondu\u00a0: \u00ab\u00a0nous n\u2019avons pas de commentaire \u00e0 faire\u00a0\u00bb.<\/p>\n<p class=\"asset asset-text\">Cit\u00e9 dans L\u2019Humanit\u00e9, le directeur du journal, Fabien Gay, a vu dans ce nom \u00ab\u00a0une provocation inacceptable, voire une tentative d\u2019intimidation\u00a0\u00bb.<\/p>\n<p class=\"asset asset-text\">\u00ab\u00a0Je ne sais pas si c\u2019est un pied de nez ou une forme d\u2019intimidation, mais c\u2019est un ciblage, \u00e7a me met en avant personnellement, donc c\u2019est potentiellement dangereux et je ne prends pas \u00e7a \u00e0 la l\u00e9g\u00e8re\u00a0\u00bb, a lui d\u00e9clar\u00e9 le journaliste Thomas Lemahieu \u00e0 l\u2019AFP.<\/p>\n<p>    Un e-mail envoy\u00e9 par le milliardaire au journaliste    <\/p>\n<p class=\"asset asset-text\">Il dit avoir d\u00e9couvert ce nom le 10\u00a0ao\u00fbt, en \u00ab\u00a0compulsant des \u00e9l\u00e9ments sur les soci\u00e9t\u00e9s enregistr\u00e9es \u00e0 l\u2019adresse (de M. St\u00e9rin) en Belgique\u00a0\u00bb\u00a0: \u00ab\u00a0je me suis demand\u00e9 si je n\u2019avais pas la berlue, si ce n\u2019\u00e9tait pas une forme d\u2019hallucination\u00a0\u00bb. Selon lui, le milliardaire lui a envoy\u00e9 un e-mail \u00e0 ce sujet\u00a0fin ao\u00fbt.<\/p>\n<p class=\"asset asset-text\">\u00ab\u00a0Cher Monsieur, j\u2019ai \u00e9t\u00e9 tr\u00e8s sensible \u00e0 la tr\u00e8s grande attention que vous avez bien voulu porter \u00e0 mes activit\u00e9s sur les derni\u00e8res ann\u00e9es. Je suis certain que vous appr\u00e9cierez en retour le nom que j\u2019ai donn\u00e9 \u00e0 ma holding de t\u00eate\u00a0\u00bb, est-il \u00e9crit dans ce message dont le texte est reproduit dans L\u2019Huma mais que l\u2019AFP n\u2019a pas pu consulter.<\/p>\n<p class=\"asset asset-text\">\u00ab\u00a0Pointer ainsi nomm\u00e9ment un journaliste (&#8230;), c\u2019est tr\u00e8s s\u00e9rieux\u00a0\u00bb, a d\u00e9nonc\u00e9 dans un communiqu\u00e9 le SNJ, premier syndicat de journalistes, dont Thomas Lemahieu est d\u00e9l\u00e9gu\u00e9 syndical.<\/p>\n<p class=\"asset asset-text\">Devenu milliardaire gr\u00e2ce aux coffrets cadeaux Smartbox, Pierre-\u00c9douard St\u00e9rin se d\u00e9finit comme catholique, conservateur et lib\u00e9ral, et est partisan de l\u2019union des droites. Il a pour cela fond\u00e9 un projet baptis\u00e9 P\u00e9ricl\u00e8s, du nom du strat\u00e8ge ath\u00e9nien mais aussi acronyme de \u00ab\u00a0Patriotes Enracin\u00e9s R\u00e9sistants Identitaires Chr\u00e9tiens Lib\u00e9raux Europ\u00e9ens Souverainistes\u00a0\u00bb.<\/p>\n<p class=\"asset asset-text\">En 2024, il avait \u00e9chou\u00e9 \u00e0 racheter le magazine Marianne. La r\u00e9daction s\u2019y \u00e9tait oppos\u00e9e apr\u00e8s un article du Monde affirmant que le milliardaire <a href=\"https:\/\/www.huffingtonpost.fr\/politique\/article\/pierre-edouard-sterin-tout-ce-que-vous-devez-savoir-sur-ce-milliardaire-qui-sponsorise-l-extreme-droite_252493.html\" target=\"_blank\" rel=\"noopener\">avait des accointances politiques avec le RN<\/a>.<\/p>\n","protected":false},"excerpt":{"rendered":"&#8211; \/ AFP Des personnes assistant \u00e0 la 87e \u00e9dition de la F\u00eate de l\u2019Humanit\u00e9, \u00e0 Br\u00e9tigny-sur-Orge (Essonne),&hellip;\n","protected":false},"author":2,"featured_media":387270,"comment_status":"","ping_status":"","sticky":false,"template":"","format":"standard","meta":{"footnotes":""},"categories":[5],"tags":[11,251,257,1011,27,14,9877,51980,500,12,28],"class_list":{"0":"post-387269","1":"post","2":"type-post","3":"status-publish","4":"format-standard","5":"has-post-thumbnail","7":"category-international","8":"tag-actualites","9":"tag-culture","10":"tag-entreprise","11":"tag-fr","12":"tag-france","13":"tag-international","14":"tag-journalisme","15":"tag-l-humanite","16":"tag-medias","17":"tag-news","18":"tag-world"},"share_on_mastodon":{"url":"https:\/\/pubeurope.com\/@fr\/115195765360180286","error":""},"_links":{"self":[{"href":"https:\/\/www.europesays.com\/fr\/wp-json\/wp\/v2\/posts\/387269","targetHints":{"allow":["GET"]}}],"collection":[{"href":"https:\/\/www.europesays.com\/fr\/wp-json\/wp\/v2\/posts"}],"about":[{"href":"https:\/\/www.europesays.com\/fr\/wp-json\/wp\/v2\/types\/post"}],"author":[{"embeddable":true,"href":"https:\/\/www.europesays.com\/fr\/wp-json\/wp\/v2\/users\/2"}],"replies":[{"embeddable":true,"href":"https:\/\/www.europesays.com\/fr\/wp-json\/wp\/v2\/comments?post=387269"}],"version-history":[{"count":0,"href":"https:\/\/www.europesays.com\/fr\/wp-json\/wp\/v2\/posts\/387269\/revisions"}],"wp:featuredmedia":[{"embeddable":true,"href":"https:\/\/www.europesays.com\/fr\/wp-json\/wp\/v2\/media\/387270"}],"wp:attachment":[{"href":"https:\/\/www.europesays.com\/fr\/wp-json\/wp\/v2\/media?parent=387269"}],"wp:term":[{"taxonomy":"category","embeddable":true,"href":"https:\/\/www.europesays.com\/fr\/wp-json\/wp\/v2\/categories?post=387269"},{"taxonomy":"post_tag","embeddable":true,"href":"https:\/\/www.europesays.com\/fr\/wp-json\/wp\/v2\/tags?post=387269"}],"curies":[{"name":"wp","href":"https:\/\/api.w.org\/{rel}","templated":true}]}}