{"id":387275,"date":"2025-09-13T07:19:12","date_gmt":"2025-09-13T07:19:12","guid":{"rendered":"https:\/\/www.europesays.com\/fr\/387275\/"},"modified":"2025-09-13T07:19:12","modified_gmt":"2025-09-13T07:19:12","slug":"la-complexe-equation-de-mines-saint-etienne","status":"publish","type":"post","link":"https:\/\/www.europesays.com\/fr\/387275\/","title":{"rendered":"la complexe \u00e9quation de Mines Saint-\u00c9tienne"},"content":{"rendered":"<p>L\u2019instabilit\u00e9 politique au niveau national n\u2019est pas sans cons\u00e9quence au niveau local et impacte notamment des institutions comme l\u2019\u00e9cole Mines Saint-\u00c9tienne. \u00ab\u00a0Sans budget vot\u00e9, nous n\u2019avons pas d\u2019\u00e9l\u00e9ments de cadrage\u00a0\u00bb, confie Jacques Fayolle, directeur de l\u2019\u00e9tablissement.<\/p>\n<p>\u00ab\u00a0C\u2019est tr\u00e8s compliqu\u00e9. Aujourd\u2019hui, commence \u00e0 se poser la question de certains emplois en CDD qui pourraient ne pas \u00eatre reconduits \u00e0 cause de ce manque de visibilit\u00e9. \u00bb<\/p>\n<p>  \u00ab\u00a0En 2025, l\u2019\u00c9tat a r\u00e9duit notre dotation de 8\u00a0%\u00a0\u00bb<\/p>\n<p>L\u2019\u00e9cole st\u00e9phanoise doit \u00e9galement r\u00e9pondre \u00e0 une demande contradictoire du gouvernement de <a href=\"https:\/\/www.leprogres.fr\/economie\/2025\/05\/11\/a-l-ecole-des-mines-des-futurs-ingenieurs-imaginent-les-start-ups-de-demain\" target=\"_blank\" rel=\"noopener\">former plus d\u2019ing\u00e9nieurs<\/a> avec moins de moyens. \u00ab\u00a0En 2025, l\u2019\u00c9tat a r\u00e9duit notre dotation de 8\u00a0%, ce qui repr\u00e9sente 2,4\u00a0millions d\u2019euros.\u00a0\u00bb Cela sur un budget global de 48\u00a0millions d\u2019euros, dont 18\u00a0millions d\u2019euros de ressources propres.<\/p>\n<p>Pour pallier la baisse r\u00e9currente des dotations, l\u2019\u00e9tablissement travaille justement sur le d\u00e9veloppement de ses ressources propres, que ce soit via des contrats avec des entreprises ou au niveau europ\u00e9en. \u00ab\u00a0La France sous-consomme son budget europ\u00e9en sur nos sujets. Mines Saint-\u00c9tienne a remport\u00e9 trois projets r\u00e9cemment. Cela repr\u00e9sente une hausse 17\u00a0% de ressources propres sur l\u2019Europe en 2025.\u00a0\u00bb<\/p>\n<p>  Inverser la balance entre financements publics et priv\u00e9s<\/p>\n<p>La balance tend ainsi \u00e0 s\u2019\u00e9quilibrer\u00a0: \u00ab Actuellement, nous sommes \u00e0 60\u00a0% de financements publics contre 40\u00a0% de priv\u00e9s. L\u2019objectif est d\u2019inverser peu \u00e0 peu ces proportions. Nous sommes dans une forme de transfert avec une hausse de 7\u00a0millions d\u2019euros de ressources propres en 2025. Mais il faut g\u00e9rer ce transfert dans la longueur, car les financements priv\u00e9s sont plus volatils.\u00a0\u00bb<\/p>\n<p>  \u00ab\u00a0Une \u00e9quipe est mobilis\u00e9e sur ce nouveau paradigme\u00a0\u00bb<\/p>\n<p>Pour \u00e9quilibrer la balance, l\u2019\u00e9tablissement active diff\u00e9rents leviers comme l\u2019optimisation des charges, mais aussi une hausse de la facturation de ses actions de formation et recherche\u00a0: \u00ab\u00a0Quand on travaille avec des entreprises, nous allons, \u00e0 partir du 1er janvier, facturer nos prestations au juste prix, en englobant toutes nos charges, ce qui n\u2019\u00e9tait pas le cas. Cela repr\u00e9sente une hausse d\u2019environ 10\u00a0% que nous allons argumenter.\u00a0\u00bb<\/p>\n<p>Pour travailler sur ces nouveaux leviers, l\u2019\u00e9cole a cr\u00e9\u00e9, d\u00e9but septembre, une direction du d\u00e9veloppement. \u00ab\u00a0Une \u00e9quipe d\u2019une dizaine de personnes est mobilis\u00e9e pour travailler sur ce nouveau paradigme. On se donne les moyens. Quand l\u2019\u00c9tat r\u00e9duit son budget, soit on r\u00e9duit la voilure et on rentre dans un cercle vicieux avec moins de projets, ou alors, on prend le taureau par les cornes. On a des besoins, des comp\u00e9tences\u2026 Il faut trouver le mod\u00e8le\u00a0\u00bb, explique Jacques Fayolle.<\/p>\n<p>L\u2019inversion de la balance ne doit pas changer la ligne de l\u2019institution\u00a0: \u00ab\u00a0Le jour o\u00f9 nous aurons plus de financements priv\u00e9s que publics, nous resterons une \u00e9cole de service public. Nous faisons attention de ne pas mettre le doigt dans certains contrats avec le priv\u00e9\u2026 Les valeurs du public sont consubstantielles \u00e0 notre fonctionnement.\u00a0\u00bb<\/p>\n<p>  De\u00a01\u00a0500 \u00e0\u00a02\u00a0800 \u00e9l\u00e8ves en dix ans<\/p>\n<p>La baisse de dotations n\u2019a pas emp\u00each\u00e9 Mines Saint-\u00c9tienne pr\u00e9voit de \u00ab\u00a0doubler notre effectif en passant de 1\u00a0500 \u00e9l\u00e8ves en 2008 \u00e0 2\u00a0800 \u00e9l\u00e8ves en 2028\u00a0\u00bb. Et cela en am\u00e9liorant son classement national puisque l\u2019\u00e9cole est 11\u1d49 au classement de L\u2019\u00c9tudiant en 2025, contre 19\u1d49 en 2021.<\/p>\n<p>\u00ab\u00a0Depuis 2023, nous sommes dans une stabilisation int\u00e9ressante. L\u2019objectif est de franchir le cap de cette baisse de dotation et poursuivre notre croissance. Cette trajectoire r\u00e9pond \u00e0 un besoin de former des ing\u00e9nieurs. Un besoin des entreprises est repris et accentu\u00e9 avec la loi pour l\u2019industrie verte en France qui a \u00e9t\u00e9 vot\u00e9e en octobre\u00a02023.\u00a0\u00bb<\/p>\n<p>  \u00ab\u00a0La crise climatique ne va pas s\u2019arr\u00eater parce que Trump est \u00e9lu\u00a0\u00bb<\/p>\n<p>L\u2019\u00e9cole st\u00e9phanoise est align\u00e9e sur cette dynamique avec trois axes majeurs\u00a0: climat, environnement et biodiversit\u00e9\u00a0; num\u00e9rique et industrie du futur\u00a0; sant\u00e9 et ing\u00e9nieur de la sant\u00e9.<\/p>\n<p>Un positionnement en r\u00e9ponse \u00e0 la crise climatique qui est moins audible ces derniers mois\u00a0: \u00ab\u00a0Avec l\u2019actualit\u00e9 g\u00e9opolitique, d\u2019autres sujets ont pris le pas sur la crise \u00e9cologique en termes de communication. Sur les chiffres, la crise climatique ne va pas s\u2019arr\u00eater parce que <a href=\"https:\/\/www.leprogres.fr\/p\/donald-trump\" target=\"_blank\" rel=\"noopener\">Donald Trump<\/a> est \u00e9lu. Il faut continuer de travailler dans cette direction parce que les r\u00e9percussions vont nous revenir comme un boomerang.\u00a0\u00bb<\/p>\n<p>C\u2019est aussi pour cela que Mines Saint-\u00c9tienne travaille sur une r\u00e9novation de son campus \u00e0 hauteur de 36\u00a0millions d\u2019euros, \u00e0 horizon 2030.<\/p>\n","protected":false},"excerpt":{"rendered":"L\u2019instabilit\u00e9 politique au niveau national n\u2019est pas sans cons\u00e9quence au niveau local et impacte notamment des institutions comme&hellip;\n","protected":false},"author":2,"featured_media":387276,"comment_status":"","ping_status":"","sticky":false,"template":"","format":"standard","meta":{"footnotes":""},"categories":[9653],"tags":[1111,11,2430,7539,1057,4854,1777,674,1011,27,3367,12,25,4001,7538],"class_list":{"0":"post-387275","1":"post","2":"type-post","3":"status-publish","4":"format-standard","5":"has-post-thumbnail","7":"category-saint-etienne","8":"tag-actu","9":"tag-actualites","10":"tag-auvergne-rhone-alpes","11":"tag-edition-loire-sud","12":"tag-education","13":"tag-enseignement-superieur","14":"tag-eu","15":"tag-europe","16":"tag-fr","17":"tag-france","18":"tag-loire","19":"tag-news","20":"tag-republique-francaise","21":"tag-saint-etienne","22":"tag-saint-etienne-ville"},"share_on_mastodon":{"url":"https:\/\/pubeurope.com\/@fr\/115195777180957599","error":""},"_links":{"self":[{"href":"https:\/\/www.europesays.com\/fr\/wp-json\/wp\/v2\/posts\/387275","targetHints":{"allow":["GET"]}}],"collection":[{"href":"https:\/\/www.europesays.com\/fr\/wp-json\/wp\/v2\/posts"}],"about":[{"href":"https:\/\/www.europesays.com\/fr\/wp-json\/wp\/v2\/types\/post"}],"author":[{"embeddable":true,"href":"https:\/\/www.europesays.com\/fr\/wp-json\/wp\/v2\/users\/2"}],"replies":[{"embeddable":true,"href":"https:\/\/www.europesays.com\/fr\/wp-json\/wp\/v2\/comments?post=387275"}],"version-history":[{"count":0,"href":"https:\/\/www.europesays.com\/fr\/wp-json\/wp\/v2\/posts\/387275\/revisions"}],"wp:featuredmedia":[{"embeddable":true,"href":"https:\/\/www.europesays.com\/fr\/wp-json\/wp\/v2\/media\/387276"}],"wp:attachment":[{"href":"https:\/\/www.europesays.com\/fr\/wp-json\/wp\/v2\/media?parent=387275"}],"wp:term":[{"taxonomy":"category","embeddable":true,"href":"https:\/\/www.europesays.com\/fr\/wp-json\/wp\/v2\/categories?post=387275"},{"taxonomy":"post_tag","embeddable":true,"href":"https:\/\/www.europesays.com\/fr\/wp-json\/wp\/v2\/tags?post=387275"}],"curies":[{"name":"wp","href":"https:\/\/api.w.org\/{rel}","templated":true}]}}