{"id":387277,"date":"2025-09-13T07:20:25","date_gmt":"2025-09-13T07:20:25","guid":{"rendered":"https:\/\/www.europesays.com\/fr\/387277\/"},"modified":"2025-09-13T07:20:25","modified_gmt":"2025-09-13T07:20:25","slug":"que-faire-ce-week-end-dans-la-loire-13-et-14-septembre-2025","status":"publish","type":"post","link":"https:\/\/www.europesays.com\/fr\/387277\/","title":{"rendered":"Que faire ce week-end dans la Loire ? (13 et 14 septembre 2025)"},"content":{"rendered":"<p><img loading=\"lazy\" decoding=\"async\" alt=\"\u00a9 Swim Run - Quelque 650 sportifs seront pr\u00e9sents pour le Swim Run de ce week-end \u00e0 Saint-Victor-sur-Loire.\" data-zoom-src=\"https:\/\/www.europesays.com\/fr\/wp-content\/uploads\/2025\/09\/initial-swim-run.jpg\" data-zoomable=\"\" height=\"702\" src=\"https:\/\/www.europesays.com\/fr\/wp-content\/uploads\/2025\/09\/initial-swim-run.jpg\" width=\"1248\"\/>  <\/p>\n<p class=\"article-desc\">\u00a9 Swim Run &#8211; Quelque 650 sportifs seront pr\u00e9sents pour le Swim Run de ce week-end \u00e0 Saint-Victor-sur-Loire. <\/p>\n<p>Voici notre s\u00e9lection d\u2019\u00e9v\u00e9nements immanquables dans la <strong>Loire<\/strong> ce week-end du <strong>13 au 14 septembre<\/strong>, pour se divertir autour d&rsquo;une manifestation a\u00e9rienne ou musicale. <\/p>\n<p>Le Swim Run de retour \u00e0 Saint-Victor-sur-Loire <img decoding=\"async\" alt=\"\" class=\"img-align-center img-size-limited\" data-zoomable=\"\" height=\"682\" loading=\"lazy\" src=\"https:\/\/www.europesays.com\/fr\/wp-content\/uploads\/2025\/09\/swim-run-2.jpg\" width=\"1024\"\/> \u00a9 Pao Photographie &#8211; Un parcours sportif avec un paysage typique de la Loire. <\/p>\n<p>Le<strong> Swim Run<\/strong> revient avec ses parcours en pleine nature m\u00ealant <strong>course \u00e0 pied et natation<\/strong>, \u00e0 r\u00e9aliser en bin\u00f4me sans transition. <strong>Cinq formats sont propos\u00e9s<\/strong>, de la course d\u00e9couverte \u00e0 l\u2019\u00e9preuve longue de <strong>40 kilom\u00e8tres<\/strong>. Labellis\u00e9 Eco-manifestation Aura et Triathlon durable, l\u2019\u00e9v\u00e9nement valorise une pratique respectueuse de l\u2019environnement et compte 650 sportifs chaque ann\u00e9e. <\/p>\n<p>Infos pratiques\u00a0: <\/p>\n<p>Plage de Saint-Victor-sur-Loire. <\/p>\n<p>Inscriptions allant de 18 euros \u00e0 165 euros. <\/p>\n<p>Samedi 13 septembre \u00e0 15 heures.<\/p>\n<p> \u00c0 la d\u00e9couverte des plantes comestibles, \u00e0 Saint-\u00c9tienne <img decoding=\"async\" alt=\"\" class=\"img-align-center\" data-zoomable=\"\" height=\"668\" loading=\"lazy\" src=\"https:\/\/www.europesays.com\/fr\/wp-content\/uploads\/2025\/09\/plantes-sauvages.png\" width=\"1086\"\/> \u00a9 Fabuleuse Cantine &#8211; Une journ\u00e9e apprentissage pour les plus curieux. <\/p>\n<p>\u00c0 l\u2019occasion des cinq ans de la Fabuleuse Cantine, une sortie autour des <strong>plantes sauvages<\/strong> sera anim\u00e9e par <strong>Charlie Braesch<\/strong>, praticien en ethnobotanique. L\u2019\u00e9v\u00e9nement a pour le but<strong> de rep\u00e9rer et d\u00e9couvrir<\/strong> cette nourriture sauvage, souvent m\u00e9connue en milieu urbain. La sortie se cl\u00f4turera par une d\u00e9gustation mettant en valeur les saveurs de ces plantes oubli\u00e9es.<\/p>\n<p> Infos pratiques\u00a0: <\/p>\n<p>Rue des forces motrices, Saint-\u00c9tienne. <\/p>\n<p>Samedi 13 septembre de 16h \u00e0 18h. <\/p>\n<p>Tarif unique de 10 euros.<\/p>\n<p> Le MF\u00a0Festival va faire vibrer Sail-sous-Couzan <img decoding=\"async\" alt=\"\" class=\"img-align-center img-size-limited\" data-zoomable=\"\" height=\"900\" loading=\"lazy\" src=\"https:\/\/www.europesays.com\/fr\/wp-content\/uploads\/2025\/09\/mf-festival.jpg\" width=\"1200\"\/> \u00a9 Pixabay &#8211; Des noms populaires comme les Fatals Picards seront pr\u00e9sents. <\/p>\n<p>Le <strong>samedi 13 septembre<\/strong>, le stade Aim\u00e9 Jacquet accueillera la 5\u1d49 \u00e9dition du MF Festival, organis\u00e9e par LFC Events. Au programme : Picon Mon Amour (18h), Oldelaf (20h) et Les Fatals Picards (22h), suivis d\u2019une surprise, d\u2019un feu d\u2019artifice et d\u2019un DJ set. Restauration moules-frites, animations enfants et camping compl\u00e8tent ce rendez-vous festif et familial. <\/p>\n<p>Infos pratiques\u00a0: <\/p>\n<p>Entr\u00e9e seule : 18\u20ac. <\/p>\n<p>Repas Adulte + entr\u00e9e : 28\u20ac. <\/p>\n<p>Repas -10 ans + entr\u00e9e : 20\u20ac.<\/p>\n<p> Visite dans les ateliers de Charles Chocolartisan, \u00e0 Civens <img decoding=\"async\" alt=\"\" class=\"img-size-full\" data-zoomable=\"\" height=\"608\" loading=\"lazy\" src=\"https:\/\/www.europesays.com\/fr\/wp-content\/uploads\/2025\/09\/chocolartisan.jpg\" width=\"1080\"\/> \u00a9 Chocolartisan &#8211; Une sortie id\u00e9ale pour les gourmands. <\/p>\n<p>C\u2019est un rendez-vous \u00e0 cocher pour les amateurs de <strong>chocolats <\/strong>et les gourmands. La boutique <strong>Charles Chocolartisan<\/strong> organise ce samedi 13 septembre<strong> la d\u00e9couverte de la fabrication<\/strong> de la p\u00e2te \u00e0 tartiner autour d&rsquo;une d\u00e9gustation.<\/p>\n<p>  Infos pratiques\u00a0: <\/p>\n<p>\u00a0Samedi 13 septembre de 14h30 \u00e0 16 heures <\/p>\n<p>Tarif unique de 4 euros<\/p>\n<p> La 25e \u00e9dition du Meeting a\u00e9rien international \u00e0 Roanne <img decoding=\"async\" alt=\"\" class=\"img-align-center img-size-limited\" data-zoomable=\"\" height=\"1024\" loading=\"lazy\" src=\"https:\/\/www.europesays.com\/fr\/wp-content\/uploads\/2025\/09\/roanne-tourisme-saint-leger-sur-roanne-meeting-aerien-a-denis-blettery-19-1536x1024.jpg\" width=\"1536\"\/> \u00a9 Denis Blettery &#8211; Plus de 80 d\u00e9monstrations sont attendues. <\/p>\n<p>Le<strong> Meeting a\u00e9rien international de Roanne<\/strong> revient les <strong>13 et 14 septembre 2025<\/strong> \u00e0 l\u2019<strong>a\u00e9rodrome de Saint-L\u00e9ger-sur-Roanne<\/strong>. Pour cette 25e \u00e9dition, plus de <strong>80 d\u00e9monstrations sont attendues<\/strong>, avec la <strong>Patrouille de France<\/strong> et le Rafale Solo Display en t\u00eates d\u2019affiche. Organis\u00e9 par l\u2019ICAR, l\u2019\u00e9v\u00e9nement mobilisera pr\u00e8s de 300 b\u00e9n\u00e9voles. Jusqu\u2019\u00e0 20\u202f000 visiteurs sont attendus sur le week-end. <\/p>\n<p>Infos pratiques\u00a0: <\/p>\n<p>Pour plus d\u2019informations sur la billetterie, rendez-vous sur <a href=\"https:\/\/www.billetweb.fr\/25-meeting-aerien-international-de-roanne\" rel=\"noopener\" target=\"_blank\">ce lien<\/a><\/p>\n","protected":false},"excerpt":{"rendered":"\u00a9 Swim Run &#8211; Quelque 650 sportifs seront pr\u00e9sents pour le Swim Run de ce week-end \u00e0 Saint-Victor-sur-Loire.&hellip;\n","protected":false},"author":2,"featured_media":387278,"comment_status":"","ping_status":"","sticky":false,"template":"","format":"standard","meta":{"footnotes":""},"categories":[9653],"tags":[1111,11,2430,1777,674,1011,27,12,36516,25,4001],"class_list":{"0":"post-387277","1":"post","2":"type-post","3":"status-publish","4":"format-standard","5":"has-post-thumbnail","7":"category-saint-etienne","8":"tag-actu","9":"tag-actualites","10":"tag-auvergne-rhone-alpes","11":"tag-eu","12":"tag-europe","13":"tag-fr","14":"tag-france","15":"tag-news","16":"tag-que-faire-ce-week-end-dans-la-loire","17":"tag-republique-francaise","18":"tag-saint-etienne"},"share_on_mastodon":{"url":"https:\/\/pubeurope.com\/@fr\/115195781289959138","error":""},"_links":{"self":[{"href":"https:\/\/www.europesays.com\/fr\/wp-json\/wp\/v2\/posts\/387277","targetHints":{"allow":["GET"]}}],"collection":[{"href":"https:\/\/www.europesays.com\/fr\/wp-json\/wp\/v2\/posts"}],"about":[{"href":"https:\/\/www.europesays.com\/fr\/wp-json\/wp\/v2\/types\/post"}],"author":[{"embeddable":true,"href":"https:\/\/www.europesays.com\/fr\/wp-json\/wp\/v2\/users\/2"}],"replies":[{"embeddable":true,"href":"https:\/\/www.europesays.com\/fr\/wp-json\/wp\/v2\/comments?post=387277"}],"version-history":[{"count":0,"href":"https:\/\/www.europesays.com\/fr\/wp-json\/wp\/v2\/posts\/387277\/revisions"}],"wp:featuredmedia":[{"embeddable":true,"href":"https:\/\/www.europesays.com\/fr\/wp-json\/wp\/v2\/media\/387278"}],"wp:attachment":[{"href":"https:\/\/www.europesays.com\/fr\/wp-json\/wp\/v2\/media?parent=387277"}],"wp:term":[{"taxonomy":"category","embeddable":true,"href":"https:\/\/www.europesays.com\/fr\/wp-json\/wp\/v2\/categories?post=387277"},{"taxonomy":"post_tag","embeddable":true,"href":"https:\/\/www.europesays.com\/fr\/wp-json\/wp\/v2\/tags?post=387277"}],"curies":[{"name":"wp","href":"https:\/\/api.w.org\/{rel}","templated":true}]}}