{"id":387289,"date":"2025-09-13T07:26:13","date_gmt":"2025-09-13T07:26:13","guid":{"rendered":"https:\/\/www.europesays.com\/fr\/387289\/"},"modified":"2025-09-13T07:26:13","modified_gmt":"2025-09-13T07:26:13","slug":"la-demande-de-creation-de-huit-commerces-a-odysseum-rejetee","status":"publish","type":"post","link":"https:\/\/www.europesays.com\/fr\/387289\/","title":{"rendered":"la demande de cr\u00e9ation de huit commerces \u00e0 Odysseum rejet\u00e9e"},"content":{"rendered":"<p>\nLe projet de cr\u00e9ation de huit commerces au sein du centre commercial Odysseum, \u00e0 Montpellier, a \u00e9t\u00e9 rejet\u00e9 par la commission d\u00e9partementale d\u2019am\u00e9nagement commercial<\/p>\n<p>\n\u00a9 Montpellier M\u00e9diterran\u00e9e M\u00e9tropole. Odysseum Montpellier.<\/p>\n<p><a data-no-instant=\"1\" href=\"https:\/\/www.nimes-metropole.fr\/index.php?id=1885\" rel=\"noopener nofollow\" class=\"a2t-link\" aria-label=\"686-image\" target=\"_blank\"><img decoding=\"async\" src=\"https:\/\/www.europesays.com\/fr\/wp-content\/uploads\/2025\/09\/686-image.jpeg\" alt=\"\"  \/><\/a><\/p>\n<p>Malgr\u00e9 <a href=\"https:\/\/infoccitanie.fr\/primark-odysseum-montpellier-les-premieres-images-du-magasin\/\" rel=\"nofollow noopener\" target=\"_blank\"><strong>l\u2019ouverture d\u2019une boutique Primark<\/strong><\/a> le 10 septembre dernier \u00e0 <strong>Odysseum<\/strong>, le pr\u00e9fet de l\u2019H\u00e9rault a annonc\u00e9 le <strong>rejet <\/strong>de la demande d\u2019autorisation d\u2019exploitation commerciale pour la cr\u00e9ation de <strong>huit autres commerces au sein du centre commercial.<\/strong><\/p>\n<p>Le projet, formul\u00e9 par la <strong>SNC Montpellier Odyss\u00e9e<\/strong>, porte sur \u00ab\u00a0la restructuration d\u2019une cellule vacante de 12 000 m\u00b2, accompagn\u00e9e d\u2019une r\u00e9serve de 1 970 m\u00b2, pour une surface finale de 13 970 m\u00b2. Il pr\u00e9voyait la cr\u00e9ation d\u2019une boutique ainsi que de sept moyennes surfaces\u00a0\u00bb, d\u00e9taille la <a href=\"https:\/\/www.entreprises.gouv.fr\/organisation-et-fonctionnement-des-commissions-departementales-damenagement-commercial-cdac\" target=\"_blank\" rel=\"nofollow noopener\"><strong>commission d\u00e9partementale d\u2019am\u00e9nagement commercial<\/strong><\/a> (CDAC) . Cette demande d\u2019exploitation a re\u00e7u un avis d\u00e9favorable.<\/p>\n","protected":false},"excerpt":{"rendered":"Le projet de cr\u00e9ation de huit commerces au sein du centre commercial Odysseum, \u00e0 Montpellier, a \u00e9t\u00e9 rejet\u00e9&hellip;\n","protected":false},"author":2,"featured_media":264837,"comment_status":"","ping_status":"","sticky":false,"template":"","format":"standard","meta":{"footnotes":""},"categories":[9599],"tags":[1111,11,1777,674,1011,27,2208,12,2680,17697,25],"class_list":{"0":"post-387289","1":"post","2":"type-post","3":"status-publish","4":"format-standard","5":"has-post-thumbnail","7":"category-montpellier","8":"tag-actu","9":"tag-actualites","10":"tag-eu","11":"tag-europe","12":"tag-fr","13":"tag-france","14":"tag-montpellier","15":"tag-news","16":"tag-occitanie","17":"tag-primark","18":"tag-republique-francaise"},"share_on_mastodon":{"url":"https:\/\/pubeurope.com\/@fr\/115195804689622094","error":""},"_links":{"self":[{"href":"https:\/\/www.europesays.com\/fr\/wp-json\/wp\/v2\/posts\/387289","targetHints":{"allow":["GET"]}}],"collection":[{"href":"https:\/\/www.europesays.com\/fr\/wp-json\/wp\/v2\/posts"}],"about":[{"href":"https:\/\/www.europesays.com\/fr\/wp-json\/wp\/v2\/types\/post"}],"author":[{"embeddable":true,"href":"https:\/\/www.europesays.com\/fr\/wp-json\/wp\/v2\/users\/2"}],"replies":[{"embeddable":true,"href":"https:\/\/www.europesays.com\/fr\/wp-json\/wp\/v2\/comments?post=387289"}],"version-history":[{"count":0,"href":"https:\/\/www.europesays.com\/fr\/wp-json\/wp\/v2\/posts\/387289\/revisions"}],"wp:featuredmedia":[{"embeddable":true,"href":"https:\/\/www.europesays.com\/fr\/wp-json\/wp\/v2\/media\/264837"}],"wp:attachment":[{"href":"https:\/\/www.europesays.com\/fr\/wp-json\/wp\/v2\/media?parent=387289"}],"wp:term":[{"taxonomy":"category","embeddable":true,"href":"https:\/\/www.europesays.com\/fr\/wp-json\/wp\/v2\/categories?post=387289"},{"taxonomy":"post_tag","embeddable":true,"href":"https:\/\/www.europesays.com\/fr\/wp-json\/wp\/v2\/tags?post=387289"}],"curies":[{"name":"wp","href":"https:\/\/api.w.org\/{rel}","templated":true}]}}