{"id":387296,"date":"2025-09-13T07:33:15","date_gmt":"2025-09-13T07:33:15","guid":{"rendered":"https:\/\/www.europesays.com\/fr\/387296\/"},"modified":"2025-09-13T07:33:15","modified_gmt":"2025-09-13T07:33:15","slug":"ligue-1-un-vieux-et-prestigieux-record-attend-lol-a-rennes-ce-dimanche","status":"publish","type":"post","link":"https:\/\/www.europesays.com\/fr\/387296\/","title":{"rendered":"Ligue 1 : Un vieux et prestigieux record attend l\u2019OL \u00e0 Rennes ce dimanche"},"content":{"rendered":"<p data-testid=\"article-teaser\">L\u2019OL r\u00eave d\u2019\u00e9galer une s\u00e9rie vieille de plus de 40 ans. Pour cela, il faudra battre Rennes dimanche. Un d\u00e9fi charg\u00e9 d\u2019histoire.<\/p>\n<p>Le d\u00e9but de saison de l\u2019Olympique Lyonnais ressemble \u00e0 un r\u00eave \u00e9veill\u00e9 pour ses supporters. Trois victoires cons\u00e9cutives ont replac\u00e9 l\u2019\u00e9quipe de Paulo Fonseca sur le devant de la sc\u00e8ne, avec une solidit\u00e9 et une confiance qui rappellent les grandes heures du club. Mais ce week-end, un nouveau d\u00e9fi s\u2019annonce : battre Rennes pour \u00e9galer une performance qui remonte \u00e0 plus de quatre d\u00e9cennies. Une opportunit\u00e9 rare d\u2019inscrire \u00e0 nouveau le nom de l\u2019OL dans les livres d\u2019histoire du championnat de France.<\/p>\n","protected":false},"excerpt":{"rendered":"L\u2019OL r\u00eave d\u2019\u00e9galer une s\u00e9rie vieille de plus de 40 ans. Pour cela, il faudra battre Rennes dimanche.&hellip;\n","protected":false},"author":2,"featured_media":387297,"comment_status":"","ping_status":"","sticky":false,"template":"","format":"standard","meta":{"footnotes":""},"categories":[2821],"tags":[1111,11,829,1777,674,1011,27,66,2428,12,3811,584,50764,25],"class_list":{"0":"post-387296","1":"post","2":"type-post","3":"status-publish","4":"format-standard","5":"has-post-thumbnail","7":"category-rennes","8":"tag-actu","9":"tag-actualites","10":"tag-bretagne","11":"tag-eu","12":"tag-europe","13":"tag-fr","14":"tag-france","15":"tag-ligue-1","16":"tag-lyon","17":"tag-news","18":"tag-p-fonseca","19":"tag-rennes","20":"tag-rennes-vs-lyon","21":"tag-republique-francaise"},"share_on_mastodon":{"url":"https:\/\/pubeurope.com\/@fr\/115195832146378967","error":""},"_links":{"self":[{"href":"https:\/\/www.europesays.com\/fr\/wp-json\/wp\/v2\/posts\/387296","targetHints":{"allow":["GET"]}}],"collection":[{"href":"https:\/\/www.europesays.com\/fr\/wp-json\/wp\/v2\/posts"}],"about":[{"href":"https:\/\/www.europesays.com\/fr\/wp-json\/wp\/v2\/types\/post"}],"author":[{"embeddable":true,"href":"https:\/\/www.europesays.com\/fr\/wp-json\/wp\/v2\/users\/2"}],"replies":[{"embeddable":true,"href":"https:\/\/www.europesays.com\/fr\/wp-json\/wp\/v2\/comments?post=387296"}],"version-history":[{"count":0,"href":"https:\/\/www.europesays.com\/fr\/wp-json\/wp\/v2\/posts\/387296\/revisions"}],"wp:featuredmedia":[{"embeddable":true,"href":"https:\/\/www.europesays.com\/fr\/wp-json\/wp\/v2\/media\/387297"}],"wp:attachment":[{"href":"https:\/\/www.europesays.com\/fr\/wp-json\/wp\/v2\/media?parent=387296"}],"wp:term":[{"taxonomy":"category","embeddable":true,"href":"https:\/\/www.europesays.com\/fr\/wp-json\/wp\/v2\/categories?post=387296"},{"taxonomy":"post_tag","embeddable":true,"href":"https:\/\/www.europesays.com\/fr\/wp-json\/wp\/v2\/tags?post=387296"}],"curies":[{"name":"wp","href":"https:\/\/api.w.org\/{rel}","templated":true}]}}