{"id":387298,"date":"2025-09-13T07:34:10","date_gmt":"2025-09-13T07:34:10","guid":{"rendered":"https:\/\/www.europesays.com\/fr\/387298\/"},"modified":"2025-09-13T07:34:10","modified_gmt":"2025-09-13T07:34:10","slug":"eckbolsheim-une-residence-sociale-seniors-au-coeur-de-la-commune","status":"publish","type":"post","link":"https:\/\/www.europesays.com\/fr\/387298\/","title":{"rendered":"Eckbolsheim. Une r\u00e9sidence sociale seniors au c\u0153ur de la commune"},"content":{"rendered":"<p>Cr\u00e9\u00e9 il y a plus d\u2019un si\u00e8cle \u00e0 l\u2019initiative d\u2019un r\u00e9seau d\u2019entrepreneurs du nord de la France, le groupe Vilogia est aujourd\u2019hui implant\u00e9 dans les principales zones tendues. Bailleur social, constructeur, am\u00e9nageur, promoteur, il loge pr\u00e8s de 190\u00a0000 personnes.<\/p>\n<p>Une r\u00e9sidence int\u00e9gr\u00e9e dans la commune<\/p>\n<p>Avec ses deux b\u00e2timents neufs, perpendiculaires, \u00e0 deux \u00e9tages et une maison ancienne r\u00e9habilit\u00e9e, En\u00e9a accueille 22 logements\u00a0: deux et trois&#8230;<\/p>\n","protected":false},"excerpt":{"rendered":"Cr\u00e9\u00e9 il y a plus d\u2019un si\u00e8cle \u00e0 l\u2019initiative d\u2019un r\u00e9seau d\u2019entrepreneurs du nord de la France, le&hellip;\n","protected":false},"author":2,"featured_media":387299,"comment_status":"","ping_status":"","sticky":false,"template":"","format":"standard","meta":{"footnotes":""},"categories":[2820],"tags":[1111,11,11353,2880,1777,674,107,1011,27,775,1908,12,25,104,640,3089],"class_list":{"0":"post-387298","1":"post","2":"type-post","3":"status-publish","4":"format-standard","5":"has-post-thumbnail","7":"category-strasbourg","8":"tag-actu","9":"tag-actualites","10":"tag-eckbolsheim","11":"tag-edition-strasbourg","12":"tag-eu","13":"tag-europe","14":"tag-fil-info","15":"tag-fr","16":"tag-france","17":"tag-grand-est","18":"tag-logement","19":"tag-news","20":"tag-republique-francaise","21":"tag-societe","22":"tag-strasbourg","23":"tag-strasbourg-sud"},"share_on_mastodon":{"url":"https:\/\/pubeurope.com\/@fr\/115195836470660274","error":""},"_links":{"self":[{"href":"https:\/\/www.europesays.com\/fr\/wp-json\/wp\/v2\/posts\/387298","targetHints":{"allow":["GET"]}}],"collection":[{"href":"https:\/\/www.europesays.com\/fr\/wp-json\/wp\/v2\/posts"}],"about":[{"href":"https:\/\/www.europesays.com\/fr\/wp-json\/wp\/v2\/types\/post"}],"author":[{"embeddable":true,"href":"https:\/\/www.europesays.com\/fr\/wp-json\/wp\/v2\/users\/2"}],"replies":[{"embeddable":true,"href":"https:\/\/www.europesays.com\/fr\/wp-json\/wp\/v2\/comments?post=387298"}],"version-history":[{"count":0,"href":"https:\/\/www.europesays.com\/fr\/wp-json\/wp\/v2\/posts\/387298\/revisions"}],"wp:featuredmedia":[{"embeddable":true,"href":"https:\/\/www.europesays.com\/fr\/wp-json\/wp\/v2\/media\/387299"}],"wp:attachment":[{"href":"https:\/\/www.europesays.com\/fr\/wp-json\/wp\/v2\/media?parent=387298"}],"wp:term":[{"taxonomy":"category","embeddable":true,"href":"https:\/\/www.europesays.com\/fr\/wp-json\/wp\/v2\/categories?post=387298"},{"taxonomy":"post_tag","embeddable":true,"href":"https:\/\/www.europesays.com\/fr\/wp-json\/wp\/v2\/tags?post=387298"}],"curies":[{"name":"wp","href":"https:\/\/api.w.org\/{rel}","templated":true}]}}