{"id":387300,"date":"2025-09-13T07:35:22","date_gmt":"2025-09-13T07:35:22","guid":{"rendered":"https:\/\/www.europesays.com\/fr\/387300\/"},"modified":"2025-09-13T07:35:22","modified_gmt":"2025-09-13T07:35:22","slug":"mercato-strasbourg-achete-par-chelsea-emmanuel-emegha-rejoindra-les-blues-a-lete-2026","status":"publish","type":"post","link":"https:\/\/www.europesays.com\/fr\/387300\/","title":{"rendered":"Mercato Strasbourg. Achet\u00e9 par Chelsea, Emmanuel Emegha rejoindra les Blues \u00e0 l\u2019\u00e9t\u00e9 2026 ."},"content":{"rendered":"<p>L\u2019officialisation est tomb\u00e9e ce vendredi 12\u00a0septembre\u00a0: Emmanuel Emegha sera un joueur de Chelsea l\u2019an prochain, a annonc\u00e9 le club anglais. Alors qu\u2019un <a href=\"https:\/\/maubeuge.maville.com\/sport\/detail_-mercato.-emanuel-emegha-pourrait-rester-une-saison-de-plus-a-strasbourg-avant-de-rejoindre-chelsea-_54135-6827789_actu.Htm\" target=\"_self\" rel=\"noopener\">accord avait \u00e9t\u00e9 trouv\u00e9 au tout d\u00e9but de l\u2019\u00e9t\u00e9, en mai dernier, entre Strasbourg, Chelsea et le joueur n\u00e9erlandais<\/a>, le dossier a \u00e9t\u00e9 conclu plusieurs jours apr\u00e8s la fin du mercato. Le capitaine du RC Strasbourg va donc pouvoir vivre une derni\u00e8re saison sous les couleurs du club alsacien, et d\u00e9couvrir l\u2019Europe avec ses partenaires.<\/p>\n<p><strong>Lire aussi\u00a0:<\/strong>\u00a0<a href=\"https:\/\/rennes.maville.com\/sport\/detail_-mercato.-le-strasbourgeois-dilane-bakwa-rejoint-nottingham-forest-pour-35-millions-d-euros-_54135-6956589_actu.Htm\" target=\"_self\" rel=\"noopener\">Mercato. Le Strasbourgeois Dilane Bakwa rejoint Nottingham Forest pour 35\u00a0millions d\u2019euros<\/a><\/p>\n<blockquote class=\"instagram-media\" data-instgrm-captioned=\"\" data-instgrm-permalink=\"https:\/\/www.instagram.com\/p\/DOgE4DpjDjR\/?utm_source=ig_embed&amp;utm_campaign=loading\" data-instgrm-version=\"14\" style=\" background:#FFF; border:0; border-radius:3px; box-shadow:0 0 1px 0 rgba(0,0,0,0.5),0 1px 10px 0 rgba(0,0,0,0.15); margin: 1px; max-width:540px; min-width:326px; padding:0; width:99.375%; width:-webkit-calc(100% - 2px); width:calc(100% - 2px);\" wp_automatic_readability=\"-0.23333333333333\"\/>\n<p>Achet\u00e9 13\u00a0millions en 2023<\/p>\n<p>Auteur d\u2019une tr\u00e8s belle saison 2024-2025, Emmanuel Emegha avait rejoint en 2023 le RCSA en provenance du club autrichien, Sturm Graz. L\u2019attaquant n\u00e9erlandais a tap\u00e9 dans l\u2019\u0153il du club anglais, d\u00e9tenu par BlueCo, \u00e9galement propri\u00e9taire du RC Starsbourg.<\/p>\n<p><strong>Lire aussi\u00a0:<\/strong>\u00a0<a href=\"https:\/\/rennes.maville.com\/sport\/detail_-mercato-strasbourg.-l-international-anglais-chilwell-debarque-en-alsace-en-provenance-de-chelsea-_54135-6955671_actu.Htm\" target=\"_self\" rel=\"noopener\">Mercato Strasbourg. L\u2019international anglais Chilwell d\u00e9barque en Alsace en provenance de Chelsea<\/a><\/p>\n<p>Emegha a sign\u00e9 un contrat de sept ans avec les Blues et d\u00e9couvrira la Premier League lors de la saison 2026-2027.<\/p>\n<p>\u00a0<\/p>\n<p>\t\t<script async src=\"\/\/www.instagram.com\/embed.js\"><\/script><\/p>\n","protected":false},"excerpt":{"rendered":"L\u2019officialisation est tomb\u00e9e ce vendredi 12\u00a0septembre\u00a0: Emmanuel Emegha sera un joueur de Chelsea l\u2019an prochain, a annonc\u00e9 le&hellip;\n","protected":false},"author":2,"featured_media":387301,"comment_status":"","ping_status":"","sticky":false,"template":"","format":"standard","meta":{"footnotes":""},"categories":[2820],"tags":[1111,11,3809,1465,1777,674,63,1011,27,775,1792,1922,12,25,479,4937,517,640,1470],"class_list":{"0":"post-387300","1":"post","2":"type-post","3":"status-publish","4":"format-standard","5":"has-post-thumbnail","7":"category-strasbourg","8":"tag-actu","9":"tag-actualites","10":"tag-ball","11":"tag-basket","12":"tag-eu","13":"tag-europe","14":"tag-football","15":"tag-fr","16":"tag-france","17":"tag-grand-est","18":"tag-handball","19":"tag-info","20":"tag-news","21":"tag-republique-francaise","22":"tag-rugby","23":"tag-saint-brieuc","24":"tag-sport","25":"tag-strasbourg","26":"tag-volley"},"share_on_mastodon":{"url":"https:\/\/pubeurope.com\/@fr\/115195839978010213","error":""},"_links":{"self":[{"href":"https:\/\/www.europesays.com\/fr\/wp-json\/wp\/v2\/posts\/387300","targetHints":{"allow":["GET"]}}],"collection":[{"href":"https:\/\/www.europesays.com\/fr\/wp-json\/wp\/v2\/posts"}],"about":[{"href":"https:\/\/www.europesays.com\/fr\/wp-json\/wp\/v2\/types\/post"}],"author":[{"embeddable":true,"href":"https:\/\/www.europesays.com\/fr\/wp-json\/wp\/v2\/users\/2"}],"replies":[{"embeddable":true,"href":"https:\/\/www.europesays.com\/fr\/wp-json\/wp\/v2\/comments?post=387300"}],"version-history":[{"count":0,"href":"https:\/\/www.europesays.com\/fr\/wp-json\/wp\/v2\/posts\/387300\/revisions"}],"wp:featuredmedia":[{"embeddable":true,"href":"https:\/\/www.europesays.com\/fr\/wp-json\/wp\/v2\/media\/387301"}],"wp:attachment":[{"href":"https:\/\/www.europesays.com\/fr\/wp-json\/wp\/v2\/media?parent=387300"}],"wp:term":[{"taxonomy":"category","embeddable":true,"href":"https:\/\/www.europesays.com\/fr\/wp-json\/wp\/v2\/categories?post=387300"},{"taxonomy":"post_tag","embeddable":true,"href":"https:\/\/www.europesays.com\/fr\/wp-json\/wp\/v2\/tags?post=387300"}],"curies":[{"name":"wp","href":"https:\/\/api.w.org\/{rel}","templated":true}]}}