{"id":387308,"date":"2025-09-13T07:39:24","date_gmt":"2025-09-13T07:39:24","guid":{"rendered":"https:\/\/www.europesays.com\/fr\/387308\/"},"modified":"2025-09-13T07:39:24","modified_gmt":"2025-09-13T07:39:24","slug":"lignes-de-trams-coupees-drones-rassemblement-ce-quil-faut-savoir","status":"publish","type":"post","link":"https:\/\/www.europesays.com\/fr\/387308\/","title":{"rendered":"lignes de trams coup\u00e9es, drones, rassemblement\u2026 Ce qu&rsquo;il faut savoir"},"content":{"rendered":"<p>            Par<br \/>\n        <strong><br \/>\n            <a href=\"https:\/\/actu.fr\/auteur\/thomas-bernard\" title=\"Consulter tous les articles de Thomas Bernard\" target=\"_blank\" rel=\"noopener\">Thomas Bernard<\/a><br \/>\n        <\/strong><\/p>\n<p>        Publi\u00e9 le<\/p>\n<p>            13 sept. 2025 \u00e0 8h41        <\/p>\n<p>Ils \u00e9taient au moins 5\u2009000\u00a0personnes \u00e0 d\u00e9filer dans les rues de Nantes,<a href=\"https:\/\/actu.fr\/pays-de-la-loire\/nantes_44109\/bloquons-tout-le-10-septembre-a-nantes-suivez-la-mobilisation-et-la-circulation-en-direct_63134135.html\" target=\"_blank\" rel=\"noopener\"> lors de la journ\u00e9e du mercredi 10\u00a0septembre<\/a> initi\u00e9e par le mouvement populaire \u00ab\u2009Bloquons tout\u2009\u00bb.\u00a0La tenue d\u2019une nouvelle mobilisation a \u00e9t\u00e9 act\u00e9e en assembl\u00e9e g\u00e9n\u00e9rale. Un rassemblement est pr\u00e9vu \u00e0 partir de <strong>14\u2009h, ce samedi 13\u00a0septembre 2025 \u00e0 la crois\u00e9e des trams<\/strong>, dans le centre-ville de Nantes.<\/p>\n<p>Des transports en commun perturb\u00e9s<\/p>\n<p class=\" wall-content\">En raison du d\u00e9fil\u00e9 des manifestants dans le centre-ville, Naolib a annonc\u00e9 la modification des itin\u00e9raires de transports en commun. <strong>Les trois lignes de tramway seront coup\u00e9es entre 13\u2009h\u200930 et 17\u2009h\u200930<\/strong>.<\/p>\n<p class=\" wall-content\">La ligne 1 sera entre les arr\u00eats Commerce et Duchesse Anne, la ligne 2 effectuera son terminus 50 Otages (les stations entre 50 Otages et Gare de Pont Rousseau ne sont pas desservies, il faudra prendre la ligne 3 entre Pont-Rousseau Martyrs et H\u00f4tel Dieu) alors que la ligne 3 sera coup\u00e9e entre Bretagne et H\u00f4tel Dieu.<\/p>\n<p class=\" wall-content\">\n<p class=\" wall-content\">\u00ab\u2009En fonction de l\u2019avanc\u00e9e des manifestants et des conditions de circulation, les lignes de bus seront susceptibles de faire l\u2019objet d\u2019adaptations en temps r\u00e9el\u2009\u00bb, compl\u00e8te Naolib.<\/p>\n<p>Le pr\u00e9fet prend des mesures<\/p>\n<p class=\" wall-content\">Suite \u00e0 l\u2019appel \u00e0 manifestation du 13\u00a0septembre, Fabrice Rigoulet-Roze, pr\u00e9fet de Loire-Atlantique, a pris des mesures de s\u00e9curit\u00e9 \u00e0 l\u2019\u00e9chelle du d\u00e9partement \u00ab\u2009afin de pr\u00e9server l\u2019ordre public\u2009\u00bb.<\/p>\n<p class=\" wall-content\">Du vendredi 12\u00a0septembre 2025 \u00e0 18\u2009h au dimanche 14\u00a0septembre 2025 \u00e0 8\u2009h, sont interdits\u2009:<\/p>\n<p>Votre r\u00e9gion, votre actu !<\/p>\n<p>Recevez chaque jour les infos qui comptent pour vous.<\/p>\n<p>\t<a href=\"https:\/\/actu.fr\/newsletter\" class=\"ac-btn ac-btn--corner ac-btn--medium ac-btn--blue800\" target=\"_blank\" rel=\"noopener\">S&rsquo;incrire<\/a><\/p>\n<ul class=\" wall-content\">\n<li>Le port et le transport d\u2019objets pouvant constituer une arme par destination.<\/li>\n<li>Le port, le transport et l\u2019utilisation d\u2019artifices de divertissement.<\/li>\n<li>L\u2019enl\u00e8vement ou le transport de tout carburant, par jerricans, cubitainers, bidons, flacons ou r\u00e9cipients divers.<\/li>\n<\/ul>\n<p class=\" wall-content\">De plus, <a href=\"https:\/\/www.loire-atlantique.gouv.fr\/contenu\/telechargement\/69070\/499236\/file\/RAA%20n%C2%B0153%20du%2012%20septembre%202025.pdf\" target=\"_blank\" rel=\"noopener\">un arr\u00eat\u00e9 pr\u00e9fectoral<\/a> autorise le survol de drones pour les forces de l\u2019ordre dans le centre-ville de Nantes, <strong>ce samedi 13\u00a0septembre de 12\u2009h \u00e0 20\u2009h<\/strong>.<\/p>\n<p class=\" wall-content\">\u00c0 l\u2019appel de l\u2019intersyndicale, une autre journ\u00e9e de mobilisation est pr\u00e9vue ce jeudi 18\u00a0septembre 2025.<\/p>\n<p class=\" wall-content\">Personnalisez votre actualit\u00e9 en ajoutant vos villes et m\u00e9dias en favori avec <a href=\"https:\/\/moncompte.actu.fr\" title=\"D\u00e9couvez Mon Actu\" rel=\"nofollow noopener\" data-trk=\"{&quot;cta&quot;:{&quot;action&quot;:&quot;https:\\\/\\\/moncompte.actu.fr&quot;,&quot;category&quot;:&quot;mon compte&quot;,&quot;from&quot;:&quot;article footer&quot;,&quot;name&quot;:&quot;Mon actu&quot;,&quot;type&quot;:&quot;cta&quot;}}\" target=\"_blank\">Mon Actu<\/a>.<\/p>\n","protected":false},"excerpt":{"rendered":"Par Thomas Bernard Publi\u00e9 le 13 sept. 2025 \u00e0 8h41 Ils \u00e9taient au moins 5\u2009000\u00a0personnes \u00e0 d\u00e9filer dans&hellip;\n","protected":false},"author":2,"featured_media":387309,"comment_status":"","ping_status":"","sticky":false,"template":"","format":"standard","meta":{"footnotes":""},"categories":[2818],"tags":[1111,11,1777,674,1011,27,1272,50957,766,12,2636,25,104],"class_list":{"0":"post-387308","1":"post","2":"type-post","3":"status-publish","4":"format-standard","5":"has-post-thumbnail","7":"category-nantes","8":"tag-actu","9":"tag-actualites","10":"tag-eu","11":"tag-europe","12":"tag-fr","13":"tag-france","14":"tag-manifestations","15":"tag-mouvement-du-10-septembre","16":"tag-nantes","17":"tag-news","18":"tag-pays-de-la-loire","19":"tag-republique-francaise","20":"tag-societe"},"share_on_mastodon":{"url":"https:\/\/pubeurope.com\/@fr\/115195855763616467","error":""},"_links":{"self":[{"href":"https:\/\/www.europesays.com\/fr\/wp-json\/wp\/v2\/posts\/387308","targetHints":{"allow":["GET"]}}],"collection":[{"href":"https:\/\/www.europesays.com\/fr\/wp-json\/wp\/v2\/posts"}],"about":[{"href":"https:\/\/www.europesays.com\/fr\/wp-json\/wp\/v2\/types\/post"}],"author":[{"embeddable":true,"href":"https:\/\/www.europesays.com\/fr\/wp-json\/wp\/v2\/users\/2"}],"replies":[{"embeddable":true,"href":"https:\/\/www.europesays.com\/fr\/wp-json\/wp\/v2\/comments?post=387308"}],"version-history":[{"count":0,"href":"https:\/\/www.europesays.com\/fr\/wp-json\/wp\/v2\/posts\/387308\/revisions"}],"wp:featuredmedia":[{"embeddable":true,"href":"https:\/\/www.europesays.com\/fr\/wp-json\/wp\/v2\/media\/387309"}],"wp:attachment":[{"href":"https:\/\/www.europesays.com\/fr\/wp-json\/wp\/v2\/media?parent=387308"}],"wp:term":[{"taxonomy":"category","embeddable":true,"href":"https:\/\/www.europesays.com\/fr\/wp-json\/wp\/v2\/categories?post=387308"},{"taxonomy":"post_tag","embeddable":true,"href":"https:\/\/www.europesays.com\/fr\/wp-json\/wp\/v2\/tags?post=387308"}],"curies":[{"name":"wp","href":"https:\/\/api.w.org\/{rel}","templated":true}]}}