{"id":387318,"date":"2025-09-13T07:44:15","date_gmt":"2025-09-13T07:44:15","guid":{"rendered":"https:\/\/www.europesays.com\/fr\/387318\/"},"modified":"2025-09-13T07:44:15","modified_gmt":"2025-09-13T07:44:15","slug":"vivatech-2025-northern-france-the-innovation-factory-3","status":"publish","type":"post","link":"https:\/\/www.europesays.com\/fr\/387318\/","title":{"rendered":"VivaTech 2025 : Northern France, the innovation factory"},"content":{"rendered":"<p>Avec 19 start-ups incarnant l\u2019ambition, l\u2019excellence et l\u2019audace du territoire, la M\u00e9tropole Europ\u00e9enne de Lille (MEL) revient en force cette ann\u00e9e au salon VivaTechnology, le plus grand salon mondial de la Tech, qui se tient du 11 au 14 juin 2025, Porte de Versailles \u00e0 Paris. Cette ann\u00e9e, Lille M\u00e9tropole affirme une nouvelle fois son r\u00f4le de locomotive de l\u2019innovation dans les Hauts-de-France en s\u2019associant \u00e0 deux autres territoires dynamiques : Dunkerque et Valenciennes.<br \/>&#13;<br \/>\nEnsemble, sous la banni\u00e8re Northern France, the innovation Factory, ils repr\u00e9senteront les atouts technologiques du Nord sur l\u2019un des plus grands salons europ\u00e9ens consacr\u00e9s \u00e0 la Tech et \u00e0 l\u2019innovation.<\/p>\n","protected":false},"excerpt":{"rendered":"Avec 19 start-ups incarnant l\u2019ambition, l\u2019excellence et l\u2019audace du territoire, la M\u00e9tropole Europ\u00e9enne de Lille (MEL) revient en&hellip;\n","protected":false},"author":2,"featured_media":387319,"comment_status":"","ping_status":"","sticky":false,"template":"","format":"standard","meta":{"footnotes":""},"categories":[2815],"tags":[1111,11,1777,674,1011,27,811,1307,12,25],"class_list":{"0":"post-387318","1":"post","2":"type-post","3":"status-publish","4":"format-standard","5":"has-post-thumbnail","7":"category-lille","8":"tag-actu","9":"tag-actualites","10":"tag-eu","11":"tag-europe","12":"tag-fr","13":"tag-france","14":"tag-hauts-de-france","15":"tag-lille","16":"tag-news","17":"tag-republique-francaise"},"share_on_mastodon":{"url":"https:\/\/pubeurope.com\/@fr\/115195875428752775","error":""},"_links":{"self":[{"href":"https:\/\/www.europesays.com\/fr\/wp-json\/wp\/v2\/posts\/387318","targetHints":{"allow":["GET"]}}],"collection":[{"href":"https:\/\/www.europesays.com\/fr\/wp-json\/wp\/v2\/posts"}],"about":[{"href":"https:\/\/www.europesays.com\/fr\/wp-json\/wp\/v2\/types\/post"}],"author":[{"embeddable":true,"href":"https:\/\/www.europesays.com\/fr\/wp-json\/wp\/v2\/users\/2"}],"replies":[{"embeddable":true,"href":"https:\/\/www.europesays.com\/fr\/wp-json\/wp\/v2\/comments?post=387318"}],"version-history":[{"count":0,"href":"https:\/\/www.europesays.com\/fr\/wp-json\/wp\/v2\/posts\/387318\/revisions"}],"wp:featuredmedia":[{"embeddable":true,"href":"https:\/\/www.europesays.com\/fr\/wp-json\/wp\/v2\/media\/387319"}],"wp:attachment":[{"href":"https:\/\/www.europesays.com\/fr\/wp-json\/wp\/v2\/media?parent=387318"}],"wp:term":[{"taxonomy":"category","embeddable":true,"href":"https:\/\/www.europesays.com\/fr\/wp-json\/wp\/v2\/categories?post=387318"},{"taxonomy":"post_tag","embeddable":true,"href":"https:\/\/www.europesays.com\/fr\/wp-json\/wp\/v2\/tags?post=387318"}],"curies":[{"name":"wp","href":"https:\/\/api.w.org\/{rel}","templated":true}]}}