{"id":387320,"date":"2025-09-13T07:45:14","date_gmt":"2025-09-13T07:45:14","guid":{"rendered":"https:\/\/www.europesays.com\/fr\/387320\/"},"modified":"2025-09-13T07:45:14","modified_gmt":"2025-09-13T07:45:14","slug":"pres-de-douai-controle-positif-a-la-cocaine-par-les-gendarmes-il-recupere-finalement-son-permis","status":"publish","type":"post","link":"https:\/\/www.europesays.com\/fr\/387320\/","title":{"rendered":"Pr\u00e8s de Douai. Contr\u00f4l\u00e9 positif \u00e0 la coca\u00efne par les gendarmes, il r\u00e9cup\u00e8re finalement son permis"},"content":{"rendered":"<p>            Par<br \/>\n        <strong><br \/>\n            <a href=\"https:\/\/actu.fr\/auteur\/redaction-lille\" title=\"Consulter tous les articles de R\u00e9daction Lille\" rel=\"nofollow noopener\" target=\"_blank\">R\u00e9daction Lille<\/a><br \/>\n        <\/strong><\/p>\n<p>        Publi\u00e9 le<\/p>\n<p>            13 sept. 2025 \u00e0 9h02        <\/p>\n<p>La <b>juge des r\u00e9f\u00e9r\u00e9s du tribunal administratif <\/b>de <a href=\"https:\/\/actu.fr\/hauts-de-france\/lille_59350\" rel=\"nofollow noopener\" target=\"_blank\">Lille<\/a> a donn\u00e9 <b>raison \u00e0 un automobiliste<\/b> de <a href=\"https:\/\/actu.fr\/hauts-de-france\/douai_59178\" rel=\"nofollow noopener\" target=\"_blank\">Douai<\/a> (Nord) qui avait \u00e9t\u00e9 <b>priv\u00e9 de son permis de conduire<\/b> le 17 juin 2025 par le pr\u00e9fet du <a href=\"https:\/\/actu.fr\/hauts-de-france\/pas-de-calais_62\" rel=\"nofollow noopener\" target=\"_blank\">Pas-de-Calais<\/a> apr\u00e8s avoir fait l\u2019<b>objet d\u2019un \u00ab\u00a0faux positif\u00a0\u00bb<\/b> \u00e0 la coca\u00efne, selon lui. D\u00e9tails.<\/p>\n<p>Un homme contr\u00f4l\u00e9 positif \u00e0 la coca\u00efne r\u00e9cup\u00e8re son permis au tribunal<\/p>\n<p class=\" wall-content\">Le requ\u00e9rant avait en fait \u00e9t\u00e9 <b>contr\u00f4l\u00e9 le 29 mai 2025<\/b> par les <a href=\"https:\/\/actu.fr\/tag\/gendarmerie\" rel=\"nofollow noopener\" target=\"_blank\">gendarmes<\/a> \u00e0 <a href=\"https:\/\/actu.fr\/hauts-de-france\/corbehem_62240\" rel=\"nofollow noopener\" target=\"_blank\">Corbehem<\/a> (Pas-de-Calais), juste de l\u2019autre c\u00f4t\u00e9 de la fronti\u00e8re entre les d\u00e9partements du Nord et du Pas-de-Calais.<\/p>\n<p class=\" wall-content\">Son permis de conduire lui avait alors \u00e9t\u00e9 <b>imm\u00e9diatement retir\u00e9<\/b> \u00ab\u00a0au motif qu\u2019il aurait consomm\u00e9 de la <a href=\"https:\/\/actu.fr\/tag\/cocaine\" rel=\"nofollow noopener\" target=\"_blank\">coca\u00efne<\/a>\u00ab\u00a0, relate le juge des r\u00e9f\u00e9r\u00e9s du tribunal administratif de Lille dans une ordonnance en date du 7 ao\u00fbt 2025 qui vient d\u2019\u00eatre rendue publique. Le m\u00eame permis avait par la suite \u00e9t\u00e9 <b>suspendu par les services de l\u2019Etat pour une dur\u00e9e de six mois<\/b>.<\/p>\n<p class=\" wall-content\">L\u2019int\u00e9ress\u00e9 avait donc saisi la justice administrative dans le cadre d\u2019une proc\u00e9dure d\u2019urgence : la d\u00e9cision du pr\u00e9fet du Pas-de-Calais \u00ab\u00a0ne lui permet plus de se rendre \u00e0 son travail\u00a0\u00bb \u00e0 <a href=\"https:\/\/actu.fr\/hauts-de-france\/beauvais_60057\" rel=\"nofollow noopener\" target=\"_blank\">Beauvais<\/a> (Oise), expliquait son avocat, puisque celui-ci est \u00ab\u00a0distant de 166 km\u00a0\u00bb. \u00ab\u00a0Il <b>ne peut s\u2019y rendre en train d\u00e8s lors qu\u2019il doit \u00eatre sur site \u00e0 7h45<\/b>\u00ab\u00a0, ajoutait l\u2019avocat lillois. \u00ab\u00a0L\u2019utilisation de son <b>v\u00e9hicule est indispensable<\/b> pour accompagner sa compagne dans la vie quotidienne et pour ses rendez-vous m\u00e9dicaux, ainsi que pour ceux de son fils, \u00e2g\u00e9 de 6 ans.\u00a0\u00bb<\/p>\n<p class=\" wall-content\">Sur le fond du dossier, son client soutenait qu\u2019il avait \u00ab\u00a0<b>sollicit\u00e9 spontan\u00e9ment\u00a0\u00bb une contre-expertise sanguine<\/b> aupr\u00e8s des gendarmes qui lui avaient fait passer un test salivaire lors du contr\u00f4le routier, mais que ces derniers avaient \u00ab\u00a0refus\u00e9 d\u2019y faire droit\u00a0\u00bb au motif qu\u2019ils n\u2019\u00e9taient \u00ab\u00a0<b>pas en mesure d\u2019assurer son retour depuis le centre hospitalier<\/b> d\u2019<a href=\"https:\/\/actu.fr\/hauts-de-france\/arras_62041\" rel=\"nofollow noopener\" target=\"_blank\">Arras<\/a>\u00ab\u00a0. \u00ab\u00a0En tout \u00e9tat de cause, le r\u00e9sultat du test salivaire sera n\u00e9cessairement confirm\u00e9\u00a0\u00bb, lui auraient \u00e9galement dit les militaires de la gendarmerie.<\/p>\n<p>Une \u00ab\u00a0menace pour la s\u00e9curit\u00e9 publique\u00a0\u00bb<\/p>\n<p class=\" wall-content\">Seulement voil\u00e0 : un \u00ab\u00a0<b>rapport toxicologique\u00a0\u00bb r\u00e9alis\u00e9 \u00ab\u00a0dans un laboratoire<\/b>\u00a0\u00bb le 31 mai 2025, soit deux jours apr\u00e8s son contr\u00f4le positif \u00e0 Corbehem, avait <b>conclu que l\u2019automobilise n\u2019avait \u00ab\u00a0pas pris de produits stup\u00e9fiants\u00a0\u00bb<\/b>. \u00ab\u00a0Le r\u00e9sultat positif du test et du pr\u00e9l\u00e8vement salivaires r\u00e9alis\u00e9s par les forces de l\u2019ordre constitue \u00ab\u00a0un <b>faux positif\u00a0\u00bb r\u00e9sultant de la prise de certains m\u00e9dicaments (\u2026) \u00e0 base de lidoca\u00efne\u00a0\u00bb<\/b>, en d\u00e9duisait l\u2019avocat du p\u00e8re de famille.<\/p>\n<p>Votre r\u00e9gion, votre actu !<\/p>\n<p>Recevez chaque jour les infos qui comptent pour vous.<\/p>\n<p>\t<a href=\"https:\/\/actu.fr\/newsletter\" class=\"ac-btn ac-btn--corner ac-btn--medium ac-btn--blue800\" rel=\"nofollow noopener\" target=\"_blank\">S&rsquo;incrire<\/a><\/p>\n<p class=\" wall-content\">\u00ab\u00a0Un test salivaire ne permet la d\u00e9tection de coca\u00efne que six \u00e0 dix heures apr\u00e8s la prise de ce produit, alors qu\u2019un test urinaire comme celui qu\u2019il a effectu\u00e9 permet de d\u00e9tecter ce produit entre deux et quatre jours\u00a0\u00bb, rappelait encore l\u2019avocat du requ\u00e9rant. \u00ab\u00a0Le test urinaire effectu\u00e9 30 heures apr\u00e8s le contr\u00f4le aurait donc n\u00e9cessairement d\u00fb \u00eatre positif.\u00a0\u00bb<\/p>\n<p class=\" wall-content\">Le pr\u00e9fet du Pas-de-Calais, pour sa part, maintenait que cet automobiliste repr\u00e9sentait \u00ab\u00a0une <b>menace pour la s\u00e9curit\u00e9 publique<\/b>\u00a0\u00bb ; il n\u2019y avait en tout \u00e9tat de cause pas \u00ab\u00a0urgence\u00a0\u00bb \u00e0 suspendre sa propre d\u00e9cision puisque le<b> requ\u00e9rant \u00ab\u00a0ne d\u00e9montre pas \u00eatre dans l\u2019impossibilit\u00e9 de solliciter l\u2019aide d\u2019une personne tierce ou d\u2019une voiture sans permis<\/b> (\u2026) pour aider sa compagne\u00a0\u00bb. De la m\u00eame fa\u00e7on il n\u2019\u00e9tait pas prouv\u00e9 que cette femme handicap\u00e9e \u00e9tait \u00ab\u00a0dans l\u2019impossibilit\u00e9 d\u2019utiliser les transports en commun\u00a0\u00bb.<\/p>\n<p class=\" wall-content\">\u00ab\u00a0Aucun \u00e9l\u00e9ment ne corrobore le fait que le requ\u00e9rant (\u2026) aurait \u00e9t\u00e9 dissuad\u00e9 (\u2026) par les forces de l\u2019ordre de r\u00e9aliser une contre-expertise\u00a0\u00bb, consid\u00e9rait enfin le repr\u00e9sentant de l\u2019Etat. Au demeurant, le <b>nouveau contrat \u00e0 dur\u00e9e ind\u00e9termin\u00e9e (CDI)<\/b> de l\u2019int\u00e9ress\u00e9 \u00e0 Beauvais avait \u00e9t\u00e9 <b>sign\u00e9 \u00ab\u00a0post\u00e9rieurement \u00e0 la notification\u00a0\u00bb de sa suspension de permis<\/b>, faisait-il observer.<\/p>\n<p>Sa compagne est atteinte d\u2019une \u00ab\u00a0maladie tr\u00e8s invalidante\u00a0\u00bb<\/p>\n<p class=\" wall-content\">\u00ab\u00a0Le pr\u00e9fet soutient (\u2026) que les informations [sur le droit de solliciter une contre-expertise sanguine, ndlr] ont \u00e9t\u00e9 communiqu\u00e9es (\u2026) par le biais d\u2019un formulaire, et que l\u2019int\u00e9ress\u00e9, d\u00fbment inform\u00e9, a <b>refus\u00e9 de r\u00e9aliser un pr\u00e9l\u00e8vement sanguin<\/b>\u00ab\u00a0, r\u00e9sume donc la juge des r\u00e9f\u00e9r\u00e9s du tribunal administratif de Lille.<\/p>\n<p class=\" wall-content\">\u00ab\u00a0Toutefois, (\u2026) l\u2019avis de r\u00e9tention du permis (\u2026) ne fait pas r\u00e9f\u00e9rence \u00e0 un tel formulaire\u00a0\u00bb, constate la magistrate, qui a donc un <b>\u00ab\u00a0doute s\u00e9rieux\u00a0\u00bb sur la l\u00e9galit\u00e9 de la proc\u00e9dure<\/b>. \u00ab\u00a0Le pr\u00e9fet (\u2026) ne produit aucune autre pi\u00e8ce de nature \u00e0 \u00e9tablir qu\u2019une telle information aurait \u00e9t\u00e9 donn\u00e9e.\u00a0\u00bb<\/p>\n<p class=\" wall-content\">Il y avait par ailleurs bel et bien <b>\u00ab\u00a0urgence\u00a0\u00bb \u00e0 suspendre cette d\u00e9cision<\/b> puisque le requ\u00e9rant \u00ab\u00a0soutient sans \u00eatre contest\u00e9\u00a0\u00bb que son activit\u00e9 professionnelle est \u00ab\u00a0essentielle pour subvenir \u00e0 ses besoins, \u00e0 ceux de sa compagne atteinte d\u2019une maladie tr\u00e8s invalidante et de son fils (\u2026) de 6 ans\u00a0\u00bb.<\/p>\n<p class=\" wall-content\">Le <b>permis de conduire a donc \u00e9t\u00e9 restitu\u00e9<\/b> \u00e0 l\u2019int\u00e9ress\u00e9 jusqu\u2019\u00e0 ce m\u00eame tribunal administratif de Lille r\u00e9examine la l\u00e9galit\u00e9 de l\u2019arr\u00eat\u00e9 par le biais d\u2019une formation coll\u00e9giale de trois juges, d\u2019ici dix-huit mois \u00e0 deux ans. S\u2019il venait \u00e0 \u00eatre annul\u00e9 et que le pr\u00e9fet ne faisait pas appel, alors le requ\u00e9rant serait en droit de demander des d\u00e9dommagements \u00e0 l\u2019Etat pour les <b>\u00ab\u00a0pr\u00e9judices\u00a0\u00bb qu\u2019il a subis<\/b> pendant ces sept semaines o\u00f9 il a \u00e9t\u00e9 priv\u00e9 de son permis. Dans l\u2019imm\u00e9diat, l\u2019Etat devra lui verser <b>1.000 \u20ac pour ses frais de justice<\/b>.<\/p>\n<p class=\" wall-content\"><b>GF (PressPepper)<\/b><\/p>\n<p aria-hidden=\"true\" class=\" wall-content\">\u00a0<\/p>\n<p class=\" wall-content\">Personnalisez votre actualit\u00e9 en ajoutant vos villes et m\u00e9dias en favori avec <a href=\"https:\/\/moncompte.actu.fr\" title=\"D\u00e9couvez Mon Actu\" rel=\"nofollow noopener\" data-trk=\"{&quot;cta&quot;:{&quot;action&quot;:&quot;https:\\\/\\\/moncompte.actu.fr&quot;,&quot;category&quot;:&quot;mon compte&quot;,&quot;from&quot;:&quot;article footer&quot;,&quot;name&quot;:&quot;Mon actu&quot;,&quot;type&quot;:&quot;cta&quot;}}\" target=\"_blank\">Mon Actu<\/a>.<\/p>\n","protected":false},"excerpt":{"rendered":"Par R\u00e9daction Lille Publi\u00e9 le 13 sept. 2025 \u00e0 9h02 La juge des r\u00e9f\u00e9r\u00e9s du tribunal administratif de&hellip;\n","protected":false},"author":2,"featured_media":387321,"comment_status":"","ping_status":"","sticky":false,"template":"","format":"standard","meta":{"footnotes":""},"categories":[2815],"tags":[1111,11,3993,1777,674,1011,27,3381,811,1307,12,25,104],"class_list":{"0":"post-387320","1":"post","2":"type-post","3":"status-publish","4":"format-standard","5":"has-post-thumbnail","7":"category-lille","8":"tag-actu","9":"tag-actualites","10":"tag-cocaine","11":"tag-eu","12":"tag-europe","13":"tag-fr","14":"tag-france","15":"tag-gendarmerie","16":"tag-hauts-de-france","17":"tag-lille","18":"tag-news","19":"tag-republique-francaise","20":"tag-societe"},"share_on_mastodon":{"url":"https:\/\/pubeurope.com\/@fr\/115195879331236621","error":""},"_links":{"self":[{"href":"https:\/\/www.europesays.com\/fr\/wp-json\/wp\/v2\/posts\/387320","targetHints":{"allow":["GET"]}}],"collection":[{"href":"https:\/\/www.europesays.com\/fr\/wp-json\/wp\/v2\/posts"}],"about":[{"href":"https:\/\/www.europesays.com\/fr\/wp-json\/wp\/v2\/types\/post"}],"author":[{"embeddable":true,"href":"https:\/\/www.europesays.com\/fr\/wp-json\/wp\/v2\/users\/2"}],"replies":[{"embeddable":true,"href":"https:\/\/www.europesays.com\/fr\/wp-json\/wp\/v2\/comments?post=387320"}],"version-history":[{"count":0,"href":"https:\/\/www.europesays.com\/fr\/wp-json\/wp\/v2\/posts\/387320\/revisions"}],"wp:featuredmedia":[{"embeddable":true,"href":"https:\/\/www.europesays.com\/fr\/wp-json\/wp\/v2\/media\/387321"}],"wp:attachment":[{"href":"https:\/\/www.europesays.com\/fr\/wp-json\/wp\/v2\/media?parent=387320"}],"wp:term":[{"taxonomy":"category","embeddable":true,"href":"https:\/\/www.europesays.com\/fr\/wp-json\/wp\/v2\/categories?post=387320"},{"taxonomy":"post_tag","embeddable":true,"href":"https:\/\/www.europesays.com\/fr\/wp-json\/wp\/v2\/tags?post=387320"}],"curies":[{"name":"wp","href":"https:\/\/api.w.org\/{rel}","templated":true}]}}