{"id":387324,"date":"2025-09-13T07:47:16","date_gmt":"2025-09-13T07:47:16","guid":{"rendered":"https:\/\/www.europesays.com\/fr\/387324\/"},"modified":"2025-09-13T07:47:16","modified_gmt":"2025-09-13T07:47:16","slug":"premier-match-et-premiere-defaite-pour-lhormadi-a-marseille","status":"publish","type":"post","link":"https:\/\/www.europesays.com\/fr\/387324\/","title":{"rendered":"premier match et premi\u00e8re d\u00e9faite pour l\u2019Hormadi \u00e0 Marseille"},"content":{"rendered":"<p>Et si l\u2019Hormadi a annonc\u00e9 vouloir \u00eatre \u00ab\u00a0une \u00e9quipe chiante \u00e0 jouer\u00a0\u00bb, d\u00e9sireuse de moins se faire peur pour le maintien qu\u2019\u00e0 l\u2019accoutum\u00e9e, les choses ont bien mal d\u00e9marr\u00e9 sur les bords de la M\u00e9diterran\u00e9e, avec une d\u00e9faite inaugurale (3-2).<\/p>\n<p>Pourtant, l\u2019entame avait \u00e9t\u00e9 r\u00e9jouissante, avec le premier but de la saison inscrit d\u00e8s la 15e minute par l\u2019historique Alexei Polodyan, au terme d\u2019une jolie action collective. Reste que les Angloys ont peut-\u00eatre manqu\u00e9 le coche en ne virant pas en t\u00eate \u00e0 l\u2019issue du premier tiers-temps, victimes de l\u2019\u00e9galisation phoc\u00e9enne sign\u00e9e Alexandre Lavoie (19e).<\/p>\n<p>Derri\u00e8re, on n\u2019a pas encore assez de recul pour savoir si l\u2019Hormadi sera r\u00e9ellement une \u00e9quipe p\u00e9nible \u00e0 jouer mais on peut, au moins, affirmer que ce groupe saura afficher une forme de r\u00e9silience. Domin\u00e9s pendant une grande majorit\u00e9 de la partie, longtemps accul\u00e9s devant leur but, les co\u00e9quipiers du capitaine Arnaud Faure auront longtemps su faire douter les Phoc\u00e9ens, port\u00e9s par la premi\u00e8re exceptionnelle du nouveau portier, Mathieu Caron (56 arr\u00eats), qui disputait son premier match professionnel apr\u00e8s un cursus \u00e9tudiant \u00e0 l\u2019universit\u00e9 de Boston.<\/p>\n<p>Tout pour le tout<\/p>\n<p>Il aura fallu un exploit individuel d\u2019Emil Tavernier, \u00e0 l\u2019approche du money-time (45e minute), pour que l\u2019Hormadi craque enfin. L\u2019attaquant franco-finlandais a notamment mystifi\u00e9 Th\u00e9o Fremond d\u2019un petit pont avant de trouver le chemin des filets. La fin des espoirs basques.<\/p>\n<p>Derri\u00e8re, St\u00e9phane Barin aura jou\u00e9 son va-tout en sortant Mathieu Caron des cages, afin de cr\u00e9er une situation de sup\u00e9riorit\u00e9 num\u00e9rique. Choix sanctionn\u00e9 neuf secondes plus tard par un troisi\u00e8me but marseillais. Rideau. La derni\u00e8re r\u00e9alisation de Jimi Jalonen, \u00e0 30 secondes de la sir\u00e8ne, n\u2019y changera rien, \u00e0 part laisser quelques regrets suppl\u00e9mentaires. Vaincus 3-2, les Angloys tenteront de r\u00e9ellement lancer leur saison mardi \u00e0 domicile contre Cergy-Pontoise (\u00e0 20\u00a0h\u00a030).<\/p>\n","protected":false},"excerpt":{"rendered":"Et si l\u2019Hormadi a annonc\u00e9 vouloir \u00eatre \u00ab\u00a0une \u00e9quipe chiante \u00e0 jouer\u00a0\u00bb, d\u00e9sireuse de moins se faire peur&hellip;\n","protected":false},"author":2,"featured_media":387325,"comment_status":"","ping_status":"","sticky":false,"template":"","format":"standard","meta":{"footnotes":""},"categories":[2814],"tags":[1111,11,1777,674,1011,27,884,12,882,25],"class_list":{"0":"post-387324","1":"post","2":"type-post","3":"status-publish","4":"format-standard","5":"has-post-thumbnail","7":"category-marseille","8":"tag-actu","9":"tag-actualites","10":"tag-eu","11":"tag-europe","12":"tag-fr","13":"tag-france","14":"tag-marseille","15":"tag-news","16":"tag-provence-alpes-cote-dazur","17":"tag-republique-francaise"},"share_on_mastodon":{"url":"https:\/\/pubeurope.com\/@fr\/115195887191612011","error":""},"_links":{"self":[{"href":"https:\/\/www.europesays.com\/fr\/wp-json\/wp\/v2\/posts\/387324","targetHints":{"allow":["GET"]}}],"collection":[{"href":"https:\/\/www.europesays.com\/fr\/wp-json\/wp\/v2\/posts"}],"about":[{"href":"https:\/\/www.europesays.com\/fr\/wp-json\/wp\/v2\/types\/post"}],"author":[{"embeddable":true,"href":"https:\/\/www.europesays.com\/fr\/wp-json\/wp\/v2\/users\/2"}],"replies":[{"embeddable":true,"href":"https:\/\/www.europesays.com\/fr\/wp-json\/wp\/v2\/comments?post=387324"}],"version-history":[{"count":0,"href":"https:\/\/www.europesays.com\/fr\/wp-json\/wp\/v2\/posts\/387324\/revisions"}],"wp:featuredmedia":[{"embeddable":true,"href":"https:\/\/www.europesays.com\/fr\/wp-json\/wp\/v2\/media\/387325"}],"wp:attachment":[{"href":"https:\/\/www.europesays.com\/fr\/wp-json\/wp\/v2\/media?parent=387324"}],"wp:term":[{"taxonomy":"category","embeddable":true,"href":"https:\/\/www.europesays.com\/fr\/wp-json\/wp\/v2\/categories?post=387324"},{"taxonomy":"post_tag","embeddable":true,"href":"https:\/\/www.europesays.com\/fr\/wp-json\/wp\/v2\/tags?post=387324"}],"curies":[{"name":"wp","href":"https:\/\/api.w.org\/{rel}","templated":true}]}}