{"id":387326,"date":"2025-09-13T07:48:14","date_gmt":"2025-09-13T07:48:14","guid":{"rendered":"https:\/\/www.europesays.com\/fr\/387326\/"},"modified":"2025-09-13T07:48:14","modified_gmt":"2025-09-13T07:48:14","slug":"les-premieres-sanctions-tombent-apres-les-debordements-du-10-septembre-a-lyon","status":"publish","type":"post","link":"https:\/\/www.europesays.com\/fr\/387326\/","title":{"rendered":"les premi\u00e8res sanctions tombent apr\u00e8s les d\u00e9bordements du 10 septembre\u00a0\u00e0 Lyon"},"content":{"rendered":"<p>Deux jours apr\u00e8s la manifestation <a href=\"https:\/\/www.lyonmag.com\/article\/146624\/blocages-du-10-septembre-a-lyon-et-ses-environs-15-interpellations-dans-le-rhone-une-journee-d-actions-intenses-mais-mal-preparees\" target=\"_blank\" rel=\"noopener nofollow\">\u00ab\u00a0Bloquons tout\u00a0\u00bb<\/a> du 10 septembre \u00e0 Lyon, la justice a statu\u00e9 sur le sort de plusieurs personnes interpell\u00e9es. Pour rappel, 21 personnes avaient \u00e9t\u00e9 interpell\u00e9es. Parmi elles, 11 ont vu leur garde \u00e0 vue prolong\u00e9e et ont \u00e9t\u00e9 d\u00e9f\u00e9r\u00e9es devant la justice.<\/p>\n<p>Neuf personnes ont ainsi \u00e9t\u00e9 jug\u00e9es ce vendredi pour des faits li\u00e9s aux incidents qui ont suivi la manifestation interdite. Ces derniers sont poursuivis pour des faits vari\u00e9s, allant des d\u00e9gradations aux violences contre les forces de l\u2019ordre.<\/p>\n<p>Parmi les pr\u00e9venus, plusieurs ont \u00e9t\u00e9 arr\u00eat\u00e9s en possession de mat\u00e9riel compromettant. L\u2019un d\u2019eux, arr\u00eat\u00e9\u00a0rue de Bonnel, avait dans son sac des fumig\u00e8nes, des barres m\u00e9talliques et des bombes de peinture.<\/p>\n<p>D\u2019autres, venus de Savoie et de Haute-Savoie, \u00e9taient poursuivis pour avoir lanc\u00e9 des pierres sur les forces de l\u2019ordre. Un \u00e9tudiant lyonnais \u00e9tait quant \u00e0 lui accus\u00e9 d\u2019avoir jet\u00e9 une canette en direction des policiers.<\/p>\n<p>Un autre pr\u00e9venu, contr\u00f4l\u00e9 \u00e0 proximit\u00e9 de la pr\u00e9fecture, avait sur lui un casque, un masque et des lunettes de ski. Son sac portant le sigle \u00ab\u00a0presse\u00a0\u00bb, il se pr\u00e9sentait comme un photographe ind\u00e9pendant. Il \u00e9tait poursuivi pour participation \u00e0 une manifestation masqu\u00e9e, infraction d\u00e9j\u00e0 relev\u00e9e \u00e0 son encontre lors de rassemblements ant\u00e9rieurs, notamment les gilets jaunes. Un jeune sans emploi, vivant en foyer, a quant \u00e0 lui \u00e9t\u00e9 d\u00e9f\u00e9r\u00e9 pour avoir incendi\u00e9 une poubelle. Leurs sorts ne sont pas encore connus.<\/p>\n<p>Dans le m\u00eame temps, trois autres manifestants ont \u00e9t\u00e9 jug\u00e9s. Un chef d\u2019\u00e9quipe de 29 ans a \u00e9t\u00e9 condamn\u00e9 \u00e0 un an de prison ferme, peine am\u00e9nag\u00e9e sous bracelet \u00e9lectronique, pour des jets de pierres. Un employ\u00e9 de restauration de 24 ans, arr\u00eat\u00e9 avec un sac contenant le n\u00e9cessaire pour confectionner un cocktail molotov, a re\u00e7u une peine de six mois ferme \u00e9galement sous surveillance \u00e9lectronique.<\/p>\n<p>Enfin, un autre pr\u00e9venu, \u00e2g\u00e9 de 26 ans et sans ant\u00e9c\u00e9dents, sera jug\u00e9 ult\u00e9rieurement. Il avait refus\u00e9 d\u2019obtemp\u00e9rer lors d\u2019un face-\u00e0-face avec les forces de l\u2019ordre dans le quartier de la Guilloti\u00e8re. Il a \u00e9t\u00e9 plac\u00e9 sous contr\u00f4le judiciaire avec interdiction de participer \u00e0 de nouvelles manifestations en attendant son audience pr\u00e9vue en octobre.<\/p>\n","protected":false},"excerpt":{"rendered":"Deux jours apr\u00e8s la manifestation \u00ab\u00a0Bloquons tout\u00a0\u00bb du 10 septembre \u00e0 Lyon, la justice a statu\u00e9 sur le&hellip;\n","protected":false},"author":2,"featured_media":387327,"comment_status":"","ping_status":"","sticky":false,"template":"","format":"standard","meta":{"footnotes":""},"categories":[1889],"tags":[1111,11,2813,2190,2430,1109,251,1112,2811,1777,674,118,1011,27,1922,1110,1114,2428,2810,12,241,316,25,2812,517,800],"class_list":{"0":"post-387326","1":"post","2":"type-post","3":"status-publish","4":"format-standard","5":"has-post-thumbnail","7":"category-lyon","8":"tag-actu","9":"tag-actualites","10":"tag-article","11":"tag-asvel","12":"tag-auvergne-rhone-alpes","13":"tag-breves","14":"tag-culture","15":"tag-depeches","16":"tag-economique","17":"tag-eu","18":"tag-europe","19":"tag-faits-divers","20":"tag-fr","21":"tag-france","22":"tag-info","23":"tag-informations","24":"tag-infos","25":"tag-lyon","26":"tag-lyonmag","27":"tag-news","28":"tag-ol","29":"tag-politique","30":"tag-republique-francaise","31":"tag-sociale","32":"tag-sport","33":"tag-transports"},"share_on_mastodon":{"url":"https:\/\/pubeurope.com\/@fr\/115195891145561200","error":""},"_links":{"self":[{"href":"https:\/\/www.europesays.com\/fr\/wp-json\/wp\/v2\/posts\/387326","targetHints":{"allow":["GET"]}}],"collection":[{"href":"https:\/\/www.europesays.com\/fr\/wp-json\/wp\/v2\/posts"}],"about":[{"href":"https:\/\/www.europesays.com\/fr\/wp-json\/wp\/v2\/types\/post"}],"author":[{"embeddable":true,"href":"https:\/\/www.europesays.com\/fr\/wp-json\/wp\/v2\/users\/2"}],"replies":[{"embeddable":true,"href":"https:\/\/www.europesays.com\/fr\/wp-json\/wp\/v2\/comments?post=387326"}],"version-history":[{"count":0,"href":"https:\/\/www.europesays.com\/fr\/wp-json\/wp\/v2\/posts\/387326\/revisions"}],"wp:featuredmedia":[{"embeddable":true,"href":"https:\/\/www.europesays.com\/fr\/wp-json\/wp\/v2\/media\/387327"}],"wp:attachment":[{"href":"https:\/\/www.europesays.com\/fr\/wp-json\/wp\/v2\/media?parent=387326"}],"wp:term":[{"taxonomy":"category","embeddable":true,"href":"https:\/\/www.europesays.com\/fr\/wp-json\/wp\/v2\/categories?post=387326"},{"taxonomy":"post_tag","embeddable":true,"href":"https:\/\/www.europesays.com\/fr\/wp-json\/wp\/v2\/tags?post=387326"}],"curies":[{"name":"wp","href":"https:\/\/api.w.org\/{rel}","templated":true}]}}