{"id":387332,"date":"2025-09-13T07:53:09","date_gmt":"2025-09-13T07:53:09","guid":{"rendered":"https:\/\/www.europesays.com\/fr\/387332\/"},"modified":"2025-09-13T07:53:09","modified_gmt":"2025-09-13T07:53:09","slug":"tetes-de-cochon-etoiles-de-david-que-sait-on-des-commanditaires-de-ces-actions-a-paris","status":"publish","type":"post","link":"https:\/\/www.europesays.com\/fr\/387332\/","title":{"rendered":"T\u00eates de cochon, \u00e9toiles de David&#8230; Que sait-on des commanditaires de ces actions \u00e0 Paris\u00a0?"},"content":{"rendered":"<p>            Par<br \/>\n        <strong><br \/>\n            <a href=\"https:\/\/actu.fr\/auteur\/thomas-martin\" title=\"Consulter tous les articles de Thomas Martin\" target=\"_blank\" rel=\"noopener\">Thomas Martin<\/a><br \/>\n        <\/strong><\/p>\n<p>        Publi\u00e9 le<\/p>\n<p>            13 sept. 2025 \u00e0 9h07        <\/p>\n<p>Neuf dossiers li\u00e9s \u00e0 des suppos\u00e9es ing\u00e9rences \u00e9trang\u00e8res, des \u00ab\u00a0mains rouges\u00a0\u00bb aux \u00e9toiles de David tagu\u00e9es, en passant par les <a href=\"https:\/\/actu.fr\/ile-de-france\/paris_75056\/tetes-de-cochons-devant-les-mosquees-a-paris-les-suspects-sont-des-etrangers-ayant-quitte-le-territoire_63146256.html\" target=\"_blank\" rel=\"noopener\">t\u00eates de cochon<\/a> d\u00e9pos\u00e9es devant des mosqu\u00e9es, sont g\u00e9r\u00e9s depuis octobre 2023 par le <a href=\"https:\/\/actu.fr\/tag\/tribunal-de-paris\" target=\"_blank\" rel=\"noopener\">parquet de Paris<\/a>, a indiqu\u00e9 vendredi 13 septembre la procureure <a href=\"https:\/\/actu.fr\/ile-de-france\/paris_75056\/laure-beccuau-devient-la-premiere-femme-procureure-de-la-republique-de-paris_45754643.html\" target=\"_blank\" rel=\"noopener\">Laure Beccuau<\/a>. L\u2019ing\u00e9rence \u00e9trang\u00e8re est \u00ab\u00a0une chose que nous devons prendre en compte et que nous prenons en compte, puisque pour faire un bilan de ce type d\u2019agissements qui ont eu lieu sur la place parisienne depuis octobre 2023, nous en sommes \u00e0 neuf dossiers\u00a0\u00bb, a-t-elle expliqu\u00e9 sur BFMTV.<\/p>\n<p>Certains commanditaires identifi\u00e9s<\/p>\n<p class=\" wall-content\">Elle a pr\u00e9cis\u00e9 qu\u2019il s\u2019agissait de dossiers \u00ab\u00a0sur Paris et sur la r\u00e9gion parisienne, puisqu\u2019un certain nombre de dossiers ont \u00e9t\u00e9 pris par des tribunaux p\u00e9riph\u00e9riques\u00a0\u00bb qui se sont ensuite \u00ab\u00a0dessaisis en raison des liens qu\u2019il y avait avec nos propres dossiers parisiens\u00a0\u00bb.<\/p>\n<p class=\" wall-content\">\u00ab\u00a0\u00c7a a commenc\u00e9 par les <a href=\"https:\/\/actu.fr\/ile-de-france\/paris_75056\/etoiles-de-david-taguees-a-paris-et-en-banlieue-la-justice-soupconne-une-seule-et-meme-equipe_60298430.html\" target=\"_blank\" rel=\"noopener\">\u00e9toiles de David bleues<\/a>, puis ensuite \u00e7a a \u00e9t\u00e9 les \u2018<a href=\"https:\/\/actu.fr\/ile-de-france\/paris_75056\/memorial-de-la-shoah-tague-a-paris-quatre-hommes-de-nationalite-bulgare-juges-a-l-automne_62961760.html\" target=\"_blank\" rel=\"noopener\">mains rouges<\/a>\u2018, puis des <a href=\"https:\/\/actu.fr\/ile-de-france\/paris_75056\/on-sait-ou-ca-commence-a-paris-jets-de-peinture-verte-sur-deux-synagogues-et-le-memorial-de-la-shoah_62711653.html\" target=\"_blank\" rel=\"noopener\">jets de peinture verte<\/a>, puis les pochoirs qui \u00e9taient li\u00e9s\u00a0\u00bb aux Mirage en Ukraine, \u00ab\u00a0puisque c\u2019\u00e9taient des cercueils avec des ailes ou c\u2019\u00e9tait \u2018vive le soldat fran\u00e7ais mort en Ukraine&rsquo;\u00a0\u00bb, a-t-elle d\u00e9taill\u00e9.<\/p>\n<p class=\" wall-content\">Il y a eu aussi \u00ab\u00a0des cercueils qui ont \u00e9t\u00e9 d\u00e9pos\u00e9s sur l\u2019Arc de triomphe\u00a0\u00bb, et plus r\u00e9cemment des affiches \u2013 pr\u00e9sentant l\u2019image d\u2019un soldat russe et la mention \u00ab\u00a0Dis merci au soldat sovi\u00e9tique vainqueur\u00a0\u00bb \u2013 au m\u00eame endroit, puis les t\u00eates de cochon d\u00e9pos\u00e9es devant des mosqu\u00e9es, a encore expliqu\u00e9 Mme Beccuau.<\/p>\n<p>\u00ab\u00a0Nous avons identifi\u00e9 les responsables de ces faits\u00a0\u00bb<\/p>\n<p class=\" wall-content\">\u00ab\u00a0Certains commanditaires sont identifi\u00e9s (\u2026) donc nous arrivons tout \u00e0 fait \u00e0 pouvoir \u00eatre convaincus que ces faits sont des op\u00e9rations d\u2019ing\u00e9rence\u00a0\u00bb, a affirm\u00e9 la procureure de Paris.<br \/>\u00ab\u00a0Pourquoi ? Parce qu\u2019ils ont, dans le mode op\u00e9ratoire, des attitudes similaires. Ce sont des gens d\u2019origine \u00e9trang\u00e8re qui arrivent\u00a0\u00bb d\u2019Europe de l\u2019Est, \u00ab\u00a0qui viennent dans un temps tr\u00e8s court sur le territoire fran\u00e7ais pour perp\u00e9trer leurs agissements\u00a0\u00bb, a-t-elle relat\u00e9.<\/p>\n<p class=\" wall-content\">\u00ab\u00a0Certaines fois, ils prennent en photo ce qu\u2019ils ont fait, et envoient les photos au-del\u00e0 des fronti\u00e8res \u00e0 des commanditaires\u00a0\u00bb, a ajout\u00e9 la procureure.<\/p>\n<p class=\" wall-content\">Elle a pr\u00e9cis\u00e9 qu\u2019\u00e0 l\u2019exception des deux derniers dossiers, les plus r\u00e9cents, o\u00f9 les enqu\u00eates sont en cours, \u00ab\u00a0nous avons identifi\u00e9 les responsables de ces faits\u00a0\u00bb, a-t-elle dit.<br \/>\u00ab\u00a0Nombre d\u2019entre eux ont \u00e9t\u00e9 plac\u00e9s en d\u00e9tention. Certains ont m\u00eame \u00e9t\u00e9 extrad\u00e9s gr\u00e2ce \u00e0 une coop\u00e9ration internationale. Et donc, nous identifions ces gens, et nous savons, eux-m\u00eames, parce qu\u2019ils le disent, qu\u2019ils ont des commanditaires\u00a0\u00bb, a-t-elle soulign\u00e9.<\/p>\n<p class=\" wall-content\"><strong>AFP<\/strong><\/p>\n<p class=\" wall-content\">Personnalisez votre actualit\u00e9 en ajoutant vos villes et m\u00e9dias en favori avec <a href=\"https:\/\/moncompte.actu.fr\" title=\"D\u00e9couvez Mon Actu\" rel=\"nofollow noopener\" data-trk=\"{&quot;cta&quot;:{&quot;action&quot;:&quot;https:\\\/\\\/moncompte.actu.fr&quot;,&quot;category&quot;:&quot;mon compte&quot;,&quot;from&quot;:&quot;article footer&quot;,&quot;name&quot;:&quot;Mon actu&quot;,&quot;type&quot;:&quot;cta&quot;}}\" target=\"_blank\">Mon Actu<\/a>.<\/p>\n","protected":false},"excerpt":{"rendered":"Par Thomas Martin Publi\u00e9 le 13 sept. 2025 \u00e0 9h07 Neuf dossiers li\u00e9s \u00e0 des suppos\u00e9es ing\u00e9rences \u00e9trang\u00e8res,&hellip;\n","protected":false},"author":2,"featured_media":387333,"comment_status":"","ping_status":"","sticky":false,"template":"","format":"standard","meta":{"footnotes":""},"categories":[1888],"tags":[1111,1928,11,1927,1777,674,118,1011,27,131,303,12,1926,626,1925,25,4595],"class_list":{"0":"post-387332","1":"post","2":"type-post","3":"status-publish","4":"format-standard","5":"has-post-thumbnail","7":"category-paris","8":"tag-actu","9":"tag-actu-paris","10":"tag-actualites","11":"tag-actualites-paris","12":"tag-eu","13":"tag-europe","14":"tag-faits-divers","15":"tag-fr","16":"tag-france","17":"tag-guerre-en-ukraine","18":"tag-justice","19":"tag-news","20":"tag-news-paris","21":"tag-paris","22":"tag-paris-news","23":"tag-republique-francaise","24":"tag-tribunal-de-paris"},"share_on_mastodon":{"url":"https:\/\/pubeurope.com\/@fr\/115195910829749277","error":""},"_links":{"self":[{"href":"https:\/\/www.europesays.com\/fr\/wp-json\/wp\/v2\/posts\/387332","targetHints":{"allow":["GET"]}}],"collection":[{"href":"https:\/\/www.europesays.com\/fr\/wp-json\/wp\/v2\/posts"}],"about":[{"href":"https:\/\/www.europesays.com\/fr\/wp-json\/wp\/v2\/types\/post"}],"author":[{"embeddable":true,"href":"https:\/\/www.europesays.com\/fr\/wp-json\/wp\/v2\/users\/2"}],"replies":[{"embeddable":true,"href":"https:\/\/www.europesays.com\/fr\/wp-json\/wp\/v2\/comments?post=387332"}],"version-history":[{"count":0,"href":"https:\/\/www.europesays.com\/fr\/wp-json\/wp\/v2\/posts\/387332\/revisions"}],"wp:featuredmedia":[{"embeddable":true,"href":"https:\/\/www.europesays.com\/fr\/wp-json\/wp\/v2\/media\/387333"}],"wp:attachment":[{"href":"https:\/\/www.europesays.com\/fr\/wp-json\/wp\/v2\/media?parent=387332"}],"wp:term":[{"taxonomy":"category","embeddable":true,"href":"https:\/\/www.europesays.com\/fr\/wp-json\/wp\/v2\/categories?post=387332"},{"taxonomy":"post_tag","embeddable":true,"href":"https:\/\/www.europesays.com\/fr\/wp-json\/wp\/v2\/tags?post=387332"}],"curies":[{"name":"wp","href":"https:\/\/api.w.org\/{rel}","templated":true}]}}