{"id":387336,"date":"2025-09-13T07:55:27","date_gmt":"2025-09-13T07:55:27","guid":{"rendered":"https:\/\/www.europesays.com\/fr\/387336\/"},"modified":"2025-09-13T07:55:27","modified_gmt":"2025-09-13T07:55:27","slug":"decembre-dans-le-20e-mairie-du-20%e1%b5%89","status":"publish","type":"post","link":"https:\/\/www.europesays.com\/fr\/387336\/","title":{"rendered":"D\u00e9cembre dans le 20e &#8211; Mairie du 20\u1d49"},"content":{"rendered":"<p>\n  Activit\u00e9s en plein air, sorties, art, culture, artisanat\u2026 Il s&rsquo;en passe des choses dans le 20e. D\u00e9couvrez l&rsquo;agenda de d\u00e9cembre dans le 20e arrondissement.\n<\/p>\n<p>  Lundi 1er d\u00e9cembre 2025<\/p>\n<p>  Les<br \/>\ncollectes des petits encombrants avec Trimobile<\/p>\n<p>        <a target=\"_blank\" rel=\"noopener\" title=\"Ouvrir l&#039;image dans un nouvel onglet\" href=\"https:\/\/www.europesays.com\/fr\/wp-content\/uploads\/2025\/09\/original-6ff0cd5d5e85e3a062dfde7a6ea41951.png\"><br \/>\n          <img decoding=\"async\" alt=\"Illustration d'un Trimobile\" loading=\"lazy\" src=\"https:\/\/www.europesays.com\/fr\/wp-content\/uploads\/2025\/09\/original-6ff0cd5d5e85e3a062dfde7a6ea41951.png\"\/><br \/>\n<\/a>    <\/p>\n<p>\n  Trimobile est un service<br \/>\npratique et gratuit pour collecter les petits encombrants des particuliers.\n<\/p>\n<p>  Jeudi 4 d\u00e9cembre 2025<\/p>\n<p>  Les<br \/>\ncollectes des petits encombrants avec Trimobile<\/p>\n<p>        <a target=\"_blank\" rel=\"noopener\" title=\"Ouvrir l&#039;image dans un nouvel onglet\" href=\"https:\/\/www.europesays.com\/fr\/wp-content\/uploads\/2025\/09\/original-6ff0cd5d5e85e3a062dfde7a6ea41951.png\"><br \/>\n          <img decoding=\"async\" alt=\"Illustration d'un Trimobile\" loading=\"lazy\" src=\"https:\/\/www.europesays.com\/fr\/wp-content\/uploads\/2025\/09\/original-6ff0cd5d5e85e3a062dfde7a6ea41951.png\"\/><br \/>\n<\/a>    <\/p>\n<p>\n  \ud83d\udccd Place Carmen (devant le<br \/>\nconservatoire du 20e)\n<\/p>\n<p>\n  Trimobile est un service<br \/>\npratique et gratuit pour collecter les petits encombrants des particuliers.\n<\/p>\n<p>  Conseil d&rsquo;arrondissement<\/p>\n<p>\n  \ud83d\udccd Mairie du 20e, 6 place Gambetta\n<\/p>\n<p>\n  Le Conseil d&rsquo;arrondissement est l&rsquo;organe consultatif et d\u00e9cisionnel majeur de l&rsquo;arrondissement. Il se r\u00e9unit r\u00e9guli\u00e8rement dans la nouvelle salle du Conseil de la mairie du 20e.\n<\/p>\n<p>  CAS20\u00a0: Une Carte de S\u00e9curit\u00e9 Sociale de l\u2019alimentation pour toutes et<br \/>\ntous\u00a0?<\/p>\n<p>        <a target=\"_blank\" rel=\"noopener\" title=\"Ouvrir l'image dans un nouvel onglet\" href=\"https:\/\/www.europesays.com\/fr\/wp-content\/uploads\/2025\/09\/original-e492b89fe0da819c7044356c428a6ea7.jpg\"><br \/>\n          <img decoding=\"async\" alt=\"Logo de la CAS20\" loading=\"lazy\" src=\"https:\/\/www.europesays.com\/fr\/wp-content\/uploads\/2025\/09\/original-e492b89fe0da819c7044356c428a6ea7.jpg\"\/><br \/>\n<\/a>    <\/p>\n<p>\n  \ud83d\ude4b avec Bernard Friot, sociologue<br \/>\net \u00e9conomiste\n<\/p>\n<p>\n  Bernard Friot a th\u00e9oris\u00e9 le salaire \u00e0 vie avec R\u00e9seau<br \/>\nsalariat (membres fondateurs du collectif nationale pour une SSA), auteur de Et<br \/>\nla cotisation sociale cr\u00e9era l\u2019emploi, \u00c9ditions La Dispute, 1999. Dans cette<br \/>\nconf\u00e9rence nous proposerons \u00e0 Bernard Friot de situer la SSA \u00e0 la lumi\u00e8re de<br \/>\nses travaux.\n<\/p>\n<p>  Lundi 8 d\u00e9cembre 2025<\/p>\n<p>  Les<br \/>\ncollectes des petits encombrants avec Trimobile<\/p>\n<p>        <a target=\"_blank\" rel=\"noopener\" title=\"Ouvrir l&#039;image dans un nouvel onglet\" href=\"https:\/\/www.europesays.com\/fr\/wp-content\/uploads\/2025\/09\/original-6ff0cd5d5e85e3a062dfde7a6ea41951.png\"><br \/>\n          <img decoding=\"async\" alt=\"Illustration d'un Trimobile\" loading=\"lazy\" src=\"https:\/\/www.europesays.com\/fr\/wp-content\/uploads\/2025\/09\/original-6ff0cd5d5e85e3a062dfde7a6ea41951.png\"\/><br \/>\n<\/a>    <\/p>\n<p>\n  Trimobile est un service<br \/>\npratique et gratuit pour collecter les petits encombrants des particuliers.\n<\/p>\n<p>  Mardi 9 d\u00e9cembre<\/p>\n<p>  Journ\u00e9e nationale de la La\u00efcit\u00e9<\/p>\n<p>\n  \ud83d\udd52 15h<br \/>\ud83d\udccd Rue \u00c9tienne Dolet\n<\/p>\n<p>  Samedi 13 d\u00e9cembre 2025<\/p>\n<p>  Lecture autour de Sofiane Zermani (Fianso) &#8211; Lecture sur le rap<\/p>\n<p>\n  \ud83d\udccd<br \/>\n\u00e0 l\u2019amphith\u00e9\u00e2tre du Parc de Belleville\n<\/p>\n<p>  CAS20\u00a0: Conf\u00e9rence d\u00e9jeuner \u00ab\u00a0Nourrir Paris\u00a0\u00bb sur le th\u00e8me\u00a0: Quid de<br \/>\nL\u2019(in)justice alimentaire dans l\u2019(in)justice climatique\u00a0? pr\u00e9sentation des<br \/>\ntravaux de l\u2019association Gett\u2019up<\/p>\n<p>        <a target=\"_blank\" rel=\"noopener\" title=\"Ouvrir l'image dans un nouvel onglet\" href=\"https:\/\/www.europesays.com\/fr\/wp-content\/uploads\/2025\/09\/original-e492b89fe0da819c7044356c428a6ea7.jpg\"><br \/>\n          <img decoding=\"async\" alt=\"Logo de la CAS20\" loading=\"lazy\" src=\"https:\/\/www.europesays.com\/fr\/wp-content\/uploads\/2025\/09\/original-e492b89fe0da819c7044356c428a6ea7.jpg\"\/><br \/>\n<\/a>    <\/p>\n<p>\n  \ud83d\udccd La Fl\u00e8che d\u2019Or, 102 bis<br \/>\nrue de Bagnolet\n<\/p>\n<p>\n  Lors de ces conf\u00e9rences, les participants et les<br \/>\nintervenants mangent les d\u00e9licieux plats de la cantine de la Fl\u00e8che d\u2019Or. Aussi<br \/>\nles interventions sont courtes et les invit\u00e9s viennent partager leurs<br \/>\nexp\u00e9riences sur la question soulev\u00e9e.\n<\/p>\n<p>  Lundi 15 d\u00e9cembre 2025<\/p>\n<p>  Les<br \/>\ncollectes des petits encombrants avec Trimobile<\/p>\n<p>        <a target=\"_blank\" rel=\"noopener\" title=\"Ouvrir l&#039;image dans un nouvel onglet\" href=\"https:\/\/www.europesays.com\/fr\/wp-content\/uploads\/2025\/09\/original-6ff0cd5d5e85e3a062dfde7a6ea41951.png\"><br \/>\n          <img decoding=\"async\" alt=\"Illustration d'un Trimobile\" loading=\"lazy\" src=\"https:\/\/www.europesays.com\/fr\/wp-content\/uploads\/2025\/09\/original-6ff0cd5d5e85e3a062dfde7a6ea41951.png\"\/><br \/>\n<\/a>    <\/p>\n<p>\n  \ud83d\udccd Place de la R\u00e9union\n<\/p>\n<p>\n  Trimobile est un service<br \/>\npratique et gratuit pour collecter les petits encombrants des particuliers.\n<\/p>\n<p>  Les permanences hors les murs quartier Amandiers<\/p>\n<p>        <a target=\"_blank\" rel=\"noopener\" title=\"Ouvrir l'image dans un nouvel onglet\" href=\"https:\/\/www.europesays.com\/fr\/wp-content\/uploads\/2025\/09\/original-a848a2cdc298b209f7ee331b6000ac3a.png\"><br \/>\n          <img decoding=\"async\" alt=\"\" loading=\"lazy\" src=\"https:\/\/www.europesays.com\/fr\/wp-content\/uploads\/2025\/09\/original-a848a2cdc298b209f7ee331b6000ac3a.png\"\/><br \/>\n<\/a>    <\/p>\n<p>\n  \ud83d\udccd 90 rue des Amandiers,<br \/>\ndevant l\u2019\u00e9cole\n<\/p>\n<p>\n  Vous avez des questions concernant l&rsquo;espace public,<br \/>\nl&#8217;emploi, l&rsquo;\u00e9ducation, l&rsquo;acc\u00e8s aux droits, etc. dans le 20e\u00a0? Vous<br \/>\nsouhaitez donner votre avis sur des am\u00e9nagements de l\u2019espace public, proposer<br \/>\ndes projets pour votre arrondissement\u00a0? Venez \u00e9changer avec vos \u00e9lues et<br \/>\n\u00e9lus.\n<\/p>\n<p>  Mardi 16 d\u00e9cembre<\/p>\n<p>  CAS20\u00a0: Webinaire &#8211; Qui va nous nourrir, au c\u0153ur de l\u2019urgence<br \/>\n\u00e9cologique le renouveau paysan<\/p>\n<p>        <a target=\"_blank\" rel=\"noopener\" title=\"Ouvrir l'image dans un nouvel onglet\" href=\"https:\/\/www.europesays.com\/fr\/wp-content\/uploads\/2025\/09\/original-e492b89fe0da819c7044356c428a6ea7.jpg\"><br \/>\n          <img decoding=\"async\" alt=\"Logo de la CAS20\" loading=\"lazy\" src=\"https:\/\/www.europesays.com\/fr\/wp-content\/uploads\/2025\/09\/original-e492b89fe0da819c7044356c428a6ea7.jpg\"\/><br \/>\n<\/a>    <\/p>\n<p>\n  \ud83d\udccd En pr\u00e9sentiel\u00a0:<br \/>\nArchip\u00e9lia, 17 rue des Envierges\n<\/p>\n<p>\n  \ud83d\ude4b avec Am\u00e9lie Poinssot,<br \/>\nautrice et journaliste \u00e0 M\u00e9diapart\n<\/p>\n<p>\n  \u00ab\u00a0Dans les entraves au renouveau paysan, il n\u2019y a pas de<br \/>\nfatalit\u00e9, il y a des responsables\u00a0\u00bb, nous dit l\u2019auteure. Aussi lors de cette<br \/>\nsoir\u00e9e nous chercherons \u00e0 comprendre ce qui pourrait bloquer les installations<br \/>\nen masse que n\u00e9cessitera le passage \u00e0 l\u2019\u00e9chelle de la SSA, comment se pr\u00e9parer<br \/>\n\u00e0 ce renouveau\u00a0?\n<\/p>\n<p>\n  Cet \u00e9change va se d\u00e9rouler en mode conf\u00e9rence invers\u00e9e. Cela<br \/>\nsignifie que suite \u00e0 une courte pr\u00e9sentation, les participants auront la parole<br \/>\npour poser des questions et r\u00e9agir, c\u2019est \u00e0 partir de ces questions r\u00e9actions<br \/>\nque l\u2019intervenant construira son intervention.\n<\/p>\n<p>  Mercredi 17<br \/>\nd\u00e9cembre 2025<\/p>\n<p>  Les permanences hors les murs quartier Saint-Blaise<\/p>\n<p>        <a target=\"_blank\" rel=\"noopener\" title=\"Ouvrir l'image dans un nouvel onglet\" href=\"https:\/\/www.europesays.com\/fr\/wp-content\/uploads\/2025\/09\/original-a848a2cdc298b209f7ee331b6000ac3a.png\"><br \/>\n          <img decoding=\"async\" alt=\"\" loading=\"lazy\" src=\"https:\/\/www.europesays.com\/fr\/wp-content\/uploads\/2025\/09\/original-a848a2cdc298b209f7ee331b6000ac3a.png\"\/><br \/>\n<\/a>    <\/p>\n<p>\n  Vous avez des questions concernant l&rsquo;espace public,<br \/>\nl&#8217;emploi, l&rsquo;\u00e9ducation, l&rsquo;acc\u00e8s aux droits, etc. dans le 20e\u00a0? Vous<br \/>\nsouhaitez donner votre avis sur des am\u00e9nagements de l\u2019espace public, proposer<br \/>\ndes projets pour votre arrondissement\u00a0? Venez \u00e9changer avec vos \u00e9lues et<br \/>\n\u00e9lus.\n<\/p>\n<p>  Jeudi 18 d\u00e9cembre 2025<\/p>\n<p>  Les<br \/>\ncollectes des petits encombrants avec Trimobile<\/p>\n<p>        <a target=\"_blank\" rel=\"noopener\" title=\"Ouvrir l&#039;image dans un nouvel onglet\" href=\"https:\/\/www.europesays.com\/fr\/wp-content\/uploads\/2025\/09\/original-6ff0cd5d5e85e3a062dfde7a6ea41951.png\"><br \/>\n          <img decoding=\"async\" alt=\"Illustration d'un Trimobile\" loading=\"lazy\" src=\"https:\/\/www.europesays.com\/fr\/wp-content\/uploads\/2025\/09\/original-6ff0cd5d5e85e3a062dfde7a6ea41951.png\"\/><br \/>\n<\/a>    <\/p>\n<p>\n  Trimobile est un service<br \/>\npratique et gratuit pour collecter les petits encombrants des particuliers.\n<\/p>\n<p>  Cin\u00e9 senior\u00a0: Une ann\u00e9e<br \/>\ndifficile d\u2019\u00c9ric Toledano, Olivier Nakache<\/p>\n<p>            <a target=\"_blank\" rel=\"noopener\" title=\"Ouvrir l'image dans un nouvel onglet\" href=\"https:\/\/www.europesays.com\/fr\/wp-content\/uploads\/2025\/09\/original-2f7bdcf5a5f53e19682261a392d7ee67.jpg\"><br \/>\n              <img decoding=\"async\" alt=\"Visuel des Cin\u00e9 seniors 2025-2026\" loading=\"lazy\" src=\"https:\/\/www.europesays.com\/fr\/wp-content\/uploads\/2025\/09\/original-2f7bdcf5a5f53e19682261a392d7ee67.jpg\"\/><br \/>\n<\/a>        <\/p>\n<p>            <a target=\"_blank\" rel=\"noopener\" title=\"Ouvrir l'image dans un nouvel onglet\" href=\"https:\/\/www.europesays.com\/fr\/wp-content\/uploads\/2025\/09\/original-c186d7e2a24aa819b3f759e1ceeb4150.jpg\"><br \/>\n              <img decoding=\"async\" alt=\"Affiche d'une ann\u00e9e difficile - Cin\u00e9 senior 2025-2026\" loading=\"lazy\" src=\"https:\/\/www.europesays.com\/fr\/wp-content\/uploads\/2025\/09\/original-c186d7e2a24aa819b3f759e1ceeb4150.jpg\"\/><br \/>\n<\/a>        <\/p>\n<p>\n  \ud83d\udccd CGR Paris Lilas, place<br \/>\ndu Maquis du Vercors\n<\/p>\n<p>\n  \ud83c\udfab Retirer les place \u00e0 la<br \/>\nmairie du 20e\n<\/p>\n<p>\n  Avec Pio Marma\u00ef, Jonathan Cohen, No\u00e9mie Merlant\n<\/p>\n<p>\n  Albert et Bruno sont surendett\u00e9s et en bout de course, c\u2019est<br \/>\ndans le chemin associatif qu\u2019ils empruntent ensemble qu\u2019ils croisent des jeunes<br \/>\nmilitants \u00e9colos. Plus attir\u00e9s par la bi\u00e8re et les chips gratuites que par leurs<br \/>\narguments, ils vont peu \u00e0 peu int\u00e9grer le mouvement sans conviction\u2026\n<\/p>\n<p>\n  <strong>R\u00e9serv\u00e9 aux personnes<br \/>\n\u00e2g\u00e9es de 60 ans et plus qui r\u00e9sident dans le 20e arrondissement.<\/strong>\n<\/p>\n<p>\n  <strong>Demande de place<br \/>\naupr\u00e8s du bureau d\u2019accueil de la maire du 20e arrondissement, 6 place Gambetta<br \/>\n\u00e0 partir du mercredi 3 d\u00e9cembre 2025.<\/strong>\n<\/p>\n<p>  Vendredi 19 d\u00e9cembre 2025<\/p>\n<p>  Distribution de paniers bien-\u00eatre durable<\/p>\n<p>\n  \ud83d\udccd La Manufacture Altripasti, 26 rue Serpollet\n<\/p>\n<p class=\"text-content\" data-target=\"text.textContainer\">\ud83c\udfab Uniquement sur inscription\u00a0: <a href=\"https:\/\/mairie20.paris.fr\/pages\/mailto:pbagnpg@nygevzragv-nffb.bet\" class=\"hidden-mail\" rel=\"nofollow noopener\" target=\"_blank\">[contact puis altrimenti-asso.org apr\u00e8s le signe @]<a href=\"https:\/\/mairie20.paris.fr\/pages\/mailto:pbagnpg@nygevzragv-nffb.bet\" class=\"hidden-mail\" rel=\"nofollow noopener\" target=\"_blank\">pbagnpg@nygevzragv-nffb.bet<\/a>[contact puis altrimenti-asso.org apr\u00e8s le signe @]<\/p>\n<p>  <a href=\"https:\/\/www.altrimenti-asso.org\/w\/\" target=\"_blank\" rel=\"noopener nofollow\" title=\"Ouverture dans un nouvel onglet\"><strong>Altrimenti <\/strong><\/a>propose des paniers de fruits et l\u00e9gumes gratuits accompagn\u00e9s de conseils en nutrition et de recettes \u00e9conomiques, rapides et faciles \u00e0 destination des habitantes et des habitants des quartiers du 20e class\u00e9s <strong><a href=\"https:\/\/sig.ville.gouv.fr\/territoire\/75120\" target=\"_blank\" rel=\"noopener nofollow\" title=\"Ouverture dans un nouvel onglet\">Quartiers prioritaires politique de la ville<\/a> <\/strong>ainsi que de celles et ceux qui habitent dans un Centre d&rsquo;h\u00e9bergement d&rsquo;urgence (CHU).<\/p>\n<p>\n  Altrimenti participe \u00e0 construire un acc\u00e8s pour toutes et tous \u00e0 une alimentation saine, savoureuse et de qualit\u00e9.\n<\/p>\n<p>  Lundi 29 d\u00e9cembre 2025<\/p>\n<p>  Les<br \/>\ncollectes des petits encombrants avec Trimobile<\/p>\n<p>        <a target=\"_blank\" rel=\"noopener\" title=\"Ouvrir l&#039;image dans un nouvel onglet\" href=\"https:\/\/www.europesays.com\/fr\/wp-content\/uploads\/2025\/09\/original-6ff0cd5d5e85e3a062dfde7a6ea41951.png\"><br \/>\n          <img decoding=\"async\" alt=\"Illustration d'un Trimobile\" loading=\"lazy\" src=\"https:\/\/www.europesays.com\/fr\/wp-content\/uploads\/2025\/09\/original-6ff0cd5d5e85e3a062dfde7a6ea41951.png\"\/><br \/>\n<\/a>    <\/p>\n<p>\n  \ud83d\udccd Belv\u00e9d\u00e8re de Belleville\n<\/p>\n<p>\n  Trimobile est un service<br \/>\npratique et gratuit pour collecter les petits encombrants des particuliers.\n<\/p>\n<p>  Agenda des mois \u00e0 venir<\/p>\n","protected":false},"excerpt":{"rendered":"Activit\u00e9s en plein air, sorties, art, culture, artisanat\u2026 Il s&rsquo;en passe des choses dans le 20e. D\u00e9couvrez l&rsquo;agenda&hellip;\n","protected":false},"author":2,"featured_media":387337,"comment_status":"","ping_status":"","sticky":false,"template":"","format":"standard","meta":{"footnotes":""},"categories":[1888],"tags":[11,1777,674,1011,27,12,626,25],"class_list":{"0":"post-387336","1":"post","2":"type-post","3":"status-publish","4":"format-standard","5":"has-post-thumbnail","7":"category-paris","8":"tag-actualites","9":"tag-eu","10":"tag-europe","11":"tag-fr","12":"tag-france","13":"tag-news","14":"tag-paris","15":"tag-republique-francaise"},"share_on_mastodon":{"url":"https:\/\/pubeurope.com\/@fr\/115195919812812770","error":""},"_links":{"self":[{"href":"https:\/\/www.europesays.com\/fr\/wp-json\/wp\/v2\/posts\/387336","targetHints":{"allow":["GET"]}}],"collection":[{"href":"https:\/\/www.europesays.com\/fr\/wp-json\/wp\/v2\/posts"}],"about":[{"href":"https:\/\/www.europesays.com\/fr\/wp-json\/wp\/v2\/types\/post"}],"author":[{"embeddable":true,"href":"https:\/\/www.europesays.com\/fr\/wp-json\/wp\/v2\/users\/2"}],"replies":[{"embeddable":true,"href":"https:\/\/www.europesays.com\/fr\/wp-json\/wp\/v2\/comments?post=387336"}],"version-history":[{"count":0,"href":"https:\/\/www.europesays.com\/fr\/wp-json\/wp\/v2\/posts\/387336\/revisions"}],"wp:featuredmedia":[{"embeddable":true,"href":"https:\/\/www.europesays.com\/fr\/wp-json\/wp\/v2\/media\/387337"}],"wp:attachment":[{"href":"https:\/\/www.europesays.com\/fr\/wp-json\/wp\/v2\/media?parent=387336"}],"wp:term":[{"taxonomy":"category","embeddable":true,"href":"https:\/\/www.europesays.com\/fr\/wp-json\/wp\/v2\/categories?post=387336"},{"taxonomy":"post_tag","embeddable":true,"href":"https:\/\/www.europesays.com\/fr\/wp-json\/wp\/v2\/tags?post=387336"}],"curies":[{"name":"wp","href":"https:\/\/api.w.org\/{rel}","templated":true}]}}