{"id":387338,"date":"2025-09-13T07:56:12","date_gmt":"2025-09-13T07:56:12","guid":{"rendered":"https:\/\/www.europesays.com\/fr\/387338\/"},"modified":"2025-09-13T07:56:12","modified_gmt":"2025-09-13T07:56:12","slug":"la-mairie-veut-exclure-les-cars-de-touristes-du-centre-ville","status":"publish","type":"post","link":"https:\/\/www.europesays.com\/fr\/387338\/","title":{"rendered":"la mairie veut exclure les cars de touristes du centre-ville"},"content":{"rendered":"<p>Publi\u00e9 le 13 sept. 2025 \u00e0 09:24<\/p>\n<p><strong>Les autocars transportant les touristes sont omnipr\u00e9sents dans certains lieux tr\u00e8s touristiques de la capitale : face \u00e0 une \u00ab\u00a0surconcentration\u00a0\u00bb de ces derniers, la mairie de Paris cherche des solutions.<\/strong><\/p>\n<p>Au pied de la butte Montmartre \u00e0 Paris, des dizaines d&rsquo;autocars d\u00e9posent et collectent leurs flots de touristes, stationnant en double file ou tournant sur le boulevard. \u00ab\u00a0Une invasion\u00a0\u00bb selon Julie Meynard, riveraine, et des nuisances qui alarment la mairie.<\/p>\n<p>\u00c0 proximit\u00e9 de cette habitante du quartier du nord de Paris depuis dix ans, un car stationne sur un passage pi\u00e9ton, bloquant l&rsquo;acc\u00e8s \u00e0 sa rue. \u00ab\u00a0Une illustration parfaite de ce qui arrive tout le temps\u00a0\u00bb, soupire la coach en entreprise qui a lanc\u00e9 en 2023 une p\u00e9tition sur la plateforme change.org pour essayer de faire bouger les pouvoirs publics sur ce qu&rsquo;elle consid\u00e8re comme une cons\u00e9quence du \u00ab\u00a0surtourisme\u00a0\u00bb.<\/p>\n<p>\u00ab\u00a0Il y a une pollution aussi atmosph\u00e9rique, mais surtout une pollution visuelle et une difficult\u00e9 pour circuler ensemble et cohabiter\u00a0\u00bb, r\u00e9sume-t-elle.<\/p>\n<p>\u00ab\u00a0Surconcentration\u00a0\u00bb dans quelques quartiers <\/p>\n<p>Cet \u00e9t\u00e9, tandis que la capitale a retrouv\u00e9 son niveau de fr\u00e9quentation touristique pr\u00e9-pand\u00e9mie, la mairie de Paris a justement commenc\u00e9 \u00e0 pointer (&#8230;)<\/p>\n","protected":false},"excerpt":{"rendered":"Publi\u00e9 le 13 sept. 2025 \u00e0 09:24 Les autocars transportant les touristes sont omnipr\u00e9sents dans certains lieux tr\u00e8s&hellip;\n","protected":false},"author":2,"featured_media":387339,"comment_status":"","ping_status":"","sticky":false,"template":"","format":"standard","meta":{"footnotes":""},"categories":[1888],"tags":[11,1777,674,1011,27,12,626,25],"class_list":{"0":"post-387338","1":"post","2":"type-post","3":"status-publish","4":"format-standard","5":"has-post-thumbnail","7":"category-paris","8":"tag-actualites","9":"tag-eu","10":"tag-europe","11":"tag-fr","12":"tag-france","13":"tag-news","14":"tag-paris","15":"tag-republique-francaise"},"share_on_mastodon":{"url":"","error":""},"_links":{"self":[{"href":"https:\/\/www.europesays.com\/fr\/wp-json\/wp\/v2\/posts\/387338","targetHints":{"allow":["GET"]}}],"collection":[{"href":"https:\/\/www.europesays.com\/fr\/wp-json\/wp\/v2\/posts"}],"about":[{"href":"https:\/\/www.europesays.com\/fr\/wp-json\/wp\/v2\/types\/post"}],"author":[{"embeddable":true,"href":"https:\/\/www.europesays.com\/fr\/wp-json\/wp\/v2\/users\/2"}],"replies":[{"embeddable":true,"href":"https:\/\/www.europesays.com\/fr\/wp-json\/wp\/v2\/comments?post=387338"}],"version-history":[{"count":0,"href":"https:\/\/www.europesays.com\/fr\/wp-json\/wp\/v2\/posts\/387338\/revisions"}],"wp:featuredmedia":[{"embeddable":true,"href":"https:\/\/www.europesays.com\/fr\/wp-json\/wp\/v2\/media\/387339"}],"wp:attachment":[{"href":"https:\/\/www.europesays.com\/fr\/wp-json\/wp\/v2\/media?parent=387338"}],"wp:term":[{"taxonomy":"category","embeddable":true,"href":"https:\/\/www.europesays.com\/fr\/wp-json\/wp\/v2\/categories?post=387338"},{"taxonomy":"post_tag","embeddable":true,"href":"https:\/\/www.europesays.com\/fr\/wp-json\/wp\/v2\/tags?post=387338"}],"curies":[{"name":"wp","href":"https:\/\/api.w.org\/{rel}","templated":true}]}}