{"id":387349,"date":"2025-09-13T08:02:21","date_gmt":"2025-09-13T08:02:21","guid":{"rendered":"https:\/\/www.europesays.com\/fr\/387349\/"},"modified":"2025-09-13T08:02:21","modified_gmt":"2025-09-13T08:02:21","slug":"leurope-dans-le-vert-avec-la-baisse-attendue-des-taux-de-la-fed-12-09-2025-a-1133","status":"publish","type":"post","link":"https:\/\/www.europesays.com\/fr\/387349\/","title":{"rendered":"L&rsquo;Europe dans le vert avec la baisse attendue des taux de la Fed &#8211; 12\/09\/2025 \u00e0 11:33"},"content":{"rendered":"<p>        <img fetchpriority=\"high\" decoding=\"async\" src=\"https:\/\/www.europesays.com\/fr\/wp-content\/uploads\/2025\/09\/0ddb60f5fc8b186aeafb3d8ccb9d17a8-760x507.jpg\" alt=\"Des personnes se tiennent pr\u00e8s de la Bourse de Milan\" loading=\"eager\" width=\"760\" height=\"507\" style=\"max-width: 100%!important; height: auto;\"\/><\/p>\n<p class=\"c-image-news__legend\">Des personnes se tiennent pr\u00e8s de la Bourse de Milan<\/p>\n<p>\n Les principales Bourses europ\u00e9ennes sont orient\u00e9es l\u00e9g\u00e8rement \u00e0 la hausse vendredi dans le sillage des records atteints \u00e0 Wall Street et sur plusieurs places asiatiques, les investisseurs \u00e9tant de plus convaincus que la R\u00e9serve f\u00e9d\u00e9rale am\u00e9ricaine (Fed) va reprendre son cycle de baisse des taux directeurs.\n<\/p>\n<p>\n \u00c0 Paris, le CAC 40 avance de 0,14% \u00e0 7.835,11 points vers 07h20 GMT, soutenu principalement par le compartiment immobilier. \u00c0 Londres, le FTSE 100 prend 0,20% et \u00e0 Francfort, le Dax avance de 0,31%.\n<\/p>\n<p>\n L&rsquo;indice EuroStoxx 50 progresse de 0,12% et le FTSEurofirst 300 de 0,11%. Le Stoxx 600 gagne \u00e9galement 0,11%, tir\u00e9 essentiellement par les ressources de base, les \u00ab\u00a0utilities\u00a0\u00bb et les nouvelles technologies.\n<\/p>\n<p>\n Les contrats \u00e0 terme \u00e0 Wall Street pr\u00e9figurent une baisse de 0,12% pour le Dow Jones, de 0,11% pour le Standard &amp; Poor&rsquo;s 500 et de 0,04% pour le Nasdaq au lendemain d&rsquo;une cl\u00f4ture \u00e0 des niveaux record.\n<\/p>\n<p>\n Cette l\u00e9g\u00e8re consolidation attendue \u00e0 Wall Street ne devrait pas remettre en cause l&rsquo;enthousiasme des march\u00e9s puisque les indices boursiers au Japon, en Cor\u00e9e du sud et \u00e0 Ta\u00efwan ont atteint ou approch\u00e9 des sommets sans pr\u00e9c\u00e9dent. Les indices chinois, pour leur part, ont touch\u00e9 en s\u00e9ance leur plus haut niveau en trois ans et demi, port\u00e9es par de fortes attentes de croissance des b\u00e9n\u00e9fices des entreprises sur fond d&rsquo;engouement pour l&rsquo;intelligence artificielle (IA).\n<\/p>\n<p>\n L&rsquo;app\u00e9tit pour le risque a \u00e9t\u00e9 renforc\u00e9 apr\u00e8s la publication jeudi des prix \u00e0 la consommation aux Etats-Unis, derni\u00e8re statistique majeure susceptible d&rsquo;influer sur la trajectoire des taux avant la r\u00e9union des 16 et 17 septembre de la Fed.\n<\/p>\n<p>\n La publication dans l&rsquo;apr\u00e8s-midi de l&rsquo;indice de confiance du consommateur am\u00e9ricain, mesur\u00e9 par l&rsquo;Universit\u00e9 du Michigan, pourrait renforcer cette perspective.\n<\/p>\n<p>\n En Europe, les indicateurs du jour sont ressortis sans surprise avec une confirmation des chiffres de l&rsquo;inflation en Allemagne et France, tandis que le PIB en Grande-Bretagne a stagn\u00e9 comme pr\u00e9vu.\n<\/p>\n<p>\n Sur le plan mon\u00e9taire en Europe, la Banque d&rsquo;Angleterre (BoE) rendra sa d\u00e9cision de politique mon\u00e9taire la semaine prochaine apr\u00e8s la Banque centrale europ\u00e9enne (BCE), qui a opt\u00e9 jeudi pour le statu quo, estimant que l&rsquo;institution \u00e9tait en \u00ab\u00a0bonne position\u00a0\u00bb et que les risques pour l&rsquo;\u00e9conomie \u00e9taient devenus plus \u00e9quilibr\u00e9s.\n<\/p>\n<p>\n La situation en France devrait cependant rester un sujet de pr\u00e9occupation alors que l&rsquo;agence de notation Fitch Ratings doit  rendre sa d\u00e9cision sur les finances publiques apr\u00e8s la cl\u00f4ture des march\u00e9s.\n<\/p>\n<p>\n Dans l&rsquo;actualit\u00e9 des entreprises, Sabadell recule de pr\u00e8s de 1% alors que le conseil d&rsquo;administration de la banque espagnole a recommand\u00e9 vendredi \u00e0 l&rsquo;unanimit\u00e9 \u00e0 ses actionnaires de ne pas accepter l&rsquo;offre publique d&rsquo;achat hostile de BBVA (-0,21%).\n<\/p>\n<p>\n Euronext avance de 0,90% alors que l&rsquo;op\u00e9rateur  boursier int\u00e9grera l&rsquo;indice parisien CAC 40 \u00e0 compter du 22 septembre en remplacement de Teleperformance (+0,22%).\n<\/p>\n<p>\n (R\u00e9dig\u00e9 par Claude Chendjou, \u00e9dit\u00e9 par Blandine H\u00e9nault)<\/p>\n","protected":false},"excerpt":{"rendered":"Des personnes se tiennent pr\u00e8s de la Bourse de Milan Les principales Bourses europ\u00e9ennes sont orient\u00e9es l\u00e9g\u00e8rement \u00e0&hellip;\n","protected":false},"author":2,"featured_media":387350,"comment_status":"","ping_status":"","sticky":false,"template":"","format":"standard","meta":{"footnotes":""},"categories":[1586],"tags":[400,11,398,408,405,1777,674,1011,27,403,402,399,404,12,25,401,406,407],"class_list":{"0":"post-387349","1":"post","2":"type-post","3":"status-publish","4":"format-standard","5":"has-post-thumbnail","7":"category-europe","8":"tag-action-cac-40","9":"tag-actualites","10":"tag-bourse-de-paris","11":"tag-boursorama","12":"tag-cotations","13":"tag-eu","14":"tag-europe","15":"tag-fr","16":"tag-france","17":"tag-indices-devises","18":"tag-investir","19":"tag-investissement","20":"tag-marche-boursier","21":"tag-news","22":"tag-republique-francaise","23":"tag-sicav","24":"tag-trackers","25":"tag-warrants"},"share_on_mastodon":{"url":"https:\/\/pubeurope.com\/@fr\/115195946668514405","error":""},"_links":{"self":[{"href":"https:\/\/www.europesays.com\/fr\/wp-json\/wp\/v2\/posts\/387349","targetHints":{"allow":["GET"]}}],"collection":[{"href":"https:\/\/www.europesays.com\/fr\/wp-json\/wp\/v2\/posts"}],"about":[{"href":"https:\/\/www.europesays.com\/fr\/wp-json\/wp\/v2\/types\/post"}],"author":[{"embeddable":true,"href":"https:\/\/www.europesays.com\/fr\/wp-json\/wp\/v2\/users\/2"}],"replies":[{"embeddable":true,"href":"https:\/\/www.europesays.com\/fr\/wp-json\/wp\/v2\/comments?post=387349"}],"version-history":[{"count":0,"href":"https:\/\/www.europesays.com\/fr\/wp-json\/wp\/v2\/posts\/387349\/revisions"}],"wp:featuredmedia":[{"embeddable":true,"href":"https:\/\/www.europesays.com\/fr\/wp-json\/wp\/v2\/media\/387350"}],"wp:attachment":[{"href":"https:\/\/www.europesays.com\/fr\/wp-json\/wp\/v2\/media?parent=387349"}],"wp:term":[{"taxonomy":"category","embeddable":true,"href":"https:\/\/www.europesays.com\/fr\/wp-json\/wp\/v2\/categories?post=387349"},{"taxonomy":"post_tag","embeddable":true,"href":"https:\/\/www.europesays.com\/fr\/wp-json\/wp\/v2\/tags?post=387349"}],"curies":[{"name":"wp","href":"https:\/\/api.w.org\/{rel}","templated":true}]}}