{"id":387351,"date":"2025-09-13T08:03:11","date_gmt":"2025-09-13T08:03:11","guid":{"rendered":"https:\/\/www.europesays.com\/fr\/387351\/"},"modified":"2025-09-13T08:03:11","modified_gmt":"2025-09-13T08:03:11","slug":"inverser-le-ralentissement-economique-de-lue-quelles-consequences-pour-les-etats-unis","status":"publish","type":"post","link":"https:\/\/www.europesays.com\/fr\/387351\/","title":{"rendered":"Inverser le ralentissement \u00e9conomique de l\u2019UE\u00a0: quelles cons\u00e9quences pour les \u00c9tats-Unis"},"content":{"rendered":"<p style=\"text-align: justify;\"><strong>L\u2019Union europ\u00e9enne (UE) conna\u00eet une p\u00e9riode de d\u00e9clin \u00e9conomique depuis 20\u00a0ans. Une nouvelle \u00e9tude montre que le ralentissement \u00e9conomique de l\u2019UE par rapport \u00e0 d\u2019autres r\u00e9gions du monde d\u00e9velopp\u00e9 est d\u00fb \u00e0 de mauvaises d\u00e9cisions gouvernementales qui peuvent \u00eatre corrig\u00e9es.<\/strong><\/p>\n<p>\u00a0<\/p>\n<p style=\"text-align: justify;\">Le renversement de ces pratiques n\u00e9cessite une volont\u00e9 politique, car il implique une r\u00e9duction de la taille du gouvernement combin\u00e9e \u00e0 des r\u00e9formes r\u00e9glementaires et fiscales. Les propositions de r\u00e9forme de l\u2019\u00e9tude sont particuli\u00e8rement opportunes, car le gouvernement\u00a0Trump poursuit actuellement ses propres r\u00e9formes \u00e9conomiques et est engag\u00e9 dans des n\u00e9gociations commerciales avec l\u2019UE.<\/p>\n<p>\u00a0<\/p>\n<p><strong>Le ralentissement \u00e9conomique de l\u2019UE<\/strong><\/p>\n<p style=\"text-align: justify;\"><a href=\"https:\/\/www.growth-commission.com\/wp-content\/uploads\/2025\/09\/HOW-TO-TRANSFORM-EUROPE-INTO-A-HIGH-GDP-GROWTH-CONTINENT.pdf\" rel=\"nofollow noopener\" target=\"_blank\">Un document r\u00e9cemment publi\u00e9<\/a> par la Growth Commission (un organisme ind\u00e9pendant de recherche \u00e9conomique qui produit de nouvelles analyses des politiques nationales ayant une incidence sur la croissance \u00e9conomique) retrace les 20\u00a0derni\u00e8res ann\u00e9es de d\u00e9clin \u00e9conomique relatif de l\u2019UE. Plus pr\u00e9cis\u00e9ment\u00a0:<\/p>\n<ul style=\"text-align: justify;\">\n<li>Au cours des 20\u00a0derni\u00e8res ann\u00e9es, la croissance du PIB de l\u2019UE a \u00e0 peine atteint 1\u00a0% par an en moyenne, soit moins de la moiti\u00e9 de la croissance moyenne des <a href=\"https:\/\/www.esteri.it\/en\/politica-estera-e-cooperazione-allo-sviluppo\/organizzazioni_internazionali\/fora-organizzazioni-economiche-internazionali\/ocse\/#:~:text=From%20its%20initial%2020%20founding,following%20the%20aggression%20against%20Ukraine.\" rel=\"nofollow noopener\" target=\"_blank\">38\u00a0pays membres de l\u2019OCDE<\/a> (qui comprennent les \u00c9tats-Unis, le Canada, l\u2019Australie et d\u2019autres pays d\u00e9velopp\u00e9s).<\/li>\n<li>En une g\u00e9n\u00e9ration, la part de l\u2019UE dans le PIB mondial (sur la base de la parit\u00e9 de pouvoir d\u2019achat) est pass\u00e9e de pr\u00e8s d\u2019un quart \u00e0 un septi\u00e8me.<\/li>\n<li>Si les \u00e9conomies des \u00c9tats membres de l\u2019UE avaient connu la m\u00eame croissance que celle des \u00c9tats-Unis depuis 2005, l\u2019\u00e9conomie globale de l\u2019UE serait aujourd\u2019hui sup\u00e9rieure de 3\u00a0000\u00a0milliards de dollars, soit une perte de 8\u00a0500\u00a0dollars par habitant.<\/li>\n<\/ul>\n<p>\u00a0<\/p>\n<p><strong>Causes du ralentissement, points positifs et solutions<\/strong><\/p>\n<p style=\"text-align: justify;\">Causes principales<\/p>\n<p style=\"text-align: justify;\">Le document de la Growth Commission identifie la taille moyenne des administrations publiques dans les pays europ\u00e9ens comme la principale raison de la croissance atone, comme en t\u00e9moignent l\u2019expansion du secteur public, le poids de la fiscalit\u00e9 et les cadres r\u00e9glementaires contraignants.<\/p>\n<p style=\"text-align: justify;\">En Europe, les administrations publiques repr\u00e9sentent g\u00e9n\u00e9ralement entre 44\u00a0% et 55\u00a0% du PIB, soit 10\u00a0% de plus qu\u2019en Am\u00e9rique du Nord et 20\u00a0% de plus qu\u2019en Asie. Le document examine chaque pays et constate que plus la part du gouvernement dans l\u2019\u00e9conomie est importante, plus le taux de croissance \u00e9conomique est lent.<\/p>\n<p style=\"text-align: justify;\">Le document identifie d\u2019autres causes du probl\u00e8me de croissance du continent, telles que les prix relativement \u00e9lev\u00e9s de l\u2019\u00e9nergie au sein de l\u2019UE, la rigidit\u00e9 de la r\u00e9glementation du travail et un manque g\u00e9n\u00e9ral de dynamisme et d\u2019esprit d\u2019entreprise.<\/p>\n<p style=\"text-align: justify;\">Les points positifs de l\u2019UE<\/p>\n<p style=\"text-align: justify;\">Huit pays d\u2019Europe de l\u2019Est (Pologne, R\u00e9publique tch\u00e8que, Slovaquie, Hongrie, la Slov\u00e9nie et les \u00c9tats baltes \u2013 Estonie, Lettonie et Lituanie -) ont connu des taux de croissance du PIB plus \u00e9lev\u00e9s que les autres pays de l\u2019UE.<\/p>\n<p style=\"text-align: justify;\">Ces pays ont r\u00e9duit les imp\u00f4ts, diminu\u00e9 la taille de l\u2019\u00c9tat et, d\u2019une mani\u00e8re g\u00e9n\u00e9rale, fait preuve de prudence budg\u00e9taire avec des niveaux d\u2019endettement\/PIB soutenables. En outre, leurs taux de croissance refl\u00e8tent ces d\u00e9cisions prudentes.<\/p>\n<p style=\"text-align: justify;\">Les succ\u00e8s politiques des pays \u00ab\u00a0prometteurs\u00a0\u00bb constituent des \u00ab\u00a0exp\u00e9riences naturelles\u00a0\u00bb qui d\u00e9montrent les avantages \u00e9conomiques r\u00e9els des r\u00e9formes fond\u00e9es sur la r\u00e9duction de l\u2019intervention de l\u2019\u00c9tat dans l\u2019\u00e9conomie.<\/p>\n<p style=\"text-align: justify;\">Solutions sp\u00e9cifiques<\/p>\n<p style=\"text-align: justify;\">Le document pr\u00e9sente des solutions sp\u00e9cifiques qui, ensemble, pourraient rapidement stimuler la croissance \u00e9conomique et la comp\u00e9titivit\u00e9 internationale de l\u2019UE. Parmi celles-ci figurent\u00a0:<\/p>\n<ul style=\"text-align: justify;\">\n<li>Lib\u00e9raliser les march\u00e9s de l\u2019\u00e9nergie gr\u00e2ce \u00e0 des solutions fond\u00e9es sur le march\u00e9, en acceptant que le reste du monde ne s\u2019int\u00e9resse gu\u00e8re, dans les faits, aux politiques environnementales \u00ab\u00a0z\u00e9ro \u00e9mission nette\u00a0\u00bb (le document souligne que la base industrielle de l\u2019UE ne peut \u00eatre comp\u00e9titive lorsque ses co\u00fbts \u00e9nerg\u00e9tiques de base sont deux \u00e0 quatre fois sup\u00e9rieurs \u00e0 ceux des \u00c9tats-Unis, sans parler des co\u00fbts encore plus bas de l\u2019Inde et de la Chine).<\/li>\n<li>Commencer \u00e0 d\u00e9r\u00e9glementer les march\u00e9s du travail, limiter la croissance des salaires minimums et r\u00e9duire les obstacles \u00e0 la flexibilit\u00e9 du travail (l\u2019objectif est d\u2019augmenter la cr\u00e9ation d\u2019emplois et les opportunit\u00e9s).<\/li>\n<li>Conclure des accords commerciaux globaux sur les biens et services avec les \u00c9tats-Unis dans d\u2019autres services, cr\u00e9ant ainsi un sc\u00e9nario commercial gagnant-gagnant pour toutes les parties (cela n\u00e9cessiterait que l\u2019UE accepte la reconnaissance mutuelle des normes techniques, plut\u00f4t que l\u2019harmonisation vers les normes europ\u00e9ennes).<\/li>\n<li>Se concentrer sur l\u2019autonomisation de la population gr\u00e2ce \u00e0 une plus grande flexibilit\u00e9 du travail plut\u00f4t que sur l\u2019importation de main-d\u2019\u0153uvre \u00e9trang\u00e8re bon march\u00e9.<\/li>\n<li>Augmenter consid\u00e9rablement la cr\u00e9ation de nouvelles entreprises en encourageant la constitution de fonds de d\u00e9marrage plus importants et en mettant en place des incitations fiscales appropri\u00e9es.<\/li>\n<li>Devenir comp\u00e9titif au niveau mondial en mati\u00e8re fiscale, tant en termes de taux absolus que de conception fiscale, en adoptant des dispositions fiscales qui r\u00e9duisent les obstacles fiscaux \u00e0 l\u2019investissement et \u00e0 la formation de capital.<\/li>\n<li>R\u00e9examiner chaque nouvelle r\u00e9glementation introduite au cours des dix derni\u00e8res ann\u00e9es dans l\u2019optique de l\u2019abroger, \u00e0 moins qu\u2019il n\u2019existe une justification imp\u00e9rieuse pour la maintenir.<\/li>\n<li>D\u00e9centraliser en red\u00e9l\u00e9guant le pouvoir aux capitales nationales et aux collectivit\u00e9s locales, cr\u00e9ant ainsi une concurrence entre les id\u00e9es et les syst\u00e8mes r\u00e9glementaires afin de stimuler la croissance.<\/li>\n<li>Examiner de beaucoup plus pr\u00e8s le co\u00fbt du maintien du mod\u00e8le de protection sociale \u00e0 grande \u00e9chelle qui d\u00e9courage l\u2019initiative priv\u00e9e.<\/li>\n<li>Adopter un plan d\u00e9cennal de l\u2019UE visant \u00e0 r\u00e9duire la taille du secteur public des \u00c9tats membres de 5\u00a0% par rapport au PIB d\u2019ici 2035, puis de 5\u00a0% suppl\u00e9mentaires d\u2019ici 2045. La taille typique du secteur public resterait alors d\u2019environ 35\u00a0% du PIB, ce qui est \u00e9lev\u00e9 par rapport aux normes mondiales, mais beaucoup plus proche de la moyenne de l\u2019OCDE.<\/li>\n<\/ul>\n<p>\u00a0<\/p>\n<p><strong>Alignement sur les r\u00e9formes du gouvernement\u00a0Trump<\/strong><\/p>\n<p style=\"text-align: justify;\">Les difficult\u00e9s \u00e9conomiques de l\u2019UE ne sont pas isol\u00e9es. Les pays de l\u2019UE restent des partenaires commerciaux et des alli\u00e9s majeurs des \u00c9tats-Unis, et il est dans l\u2019int\u00e9r\u00eat mutuel des \u00c9tats-Unis et de l\u2019UE que l\u2019Europe r\u00e9ussisse. Cela est particuli\u00e8rement vrai en cette p\u00e9riode de d\u00e9fis g\u00e9opolitiques croissants li\u00e9s aux politiques russe et chinoise.<\/p>\n<p style=\"text-align: justify;\">Heureusement, les r\u00e9formes europ\u00e9ennes potentielles mises en avant dans le rapport de la Growth Commission s\u2019alignent bien sur certains efforts de r\u00e9forme cl\u00e9s du gouvernement\u00a0Trump, ainsi que sur les n\u00e9gociations commerciales entre les \u00c9tats-Unis et l\u2019UE.<\/p>\n<p style=\"text-align: justify;\">Le gouvernement am\u00e9ricain s\u2019efforce actuellement de r\u00e9duire consid\u00e9rablement les charges r\u00e9glementaires f\u00e9d\u00e9rales qui faussent la concurrence et encourage \u00e9galement les r\u00e9formes r\u00e9glementaires au niveau des \u00c9tats. Ces initiatives de d\u00e9r\u00e9glementation pourraient, par exemple, r\u00e9duire (et dans certains cas \u00e9liminer) les obstacles r\u00e9glementaires qui entravent la production d\u2019\u00e9nergie (tels que les autorisations et les restrictions environnementales) et stimuler les opportunit\u00e9s d\u2019emploi en all\u00e9geant les <a href=\"https:\/\/www.dol.gov\/newsroom\/releases\/osec\/osec20250701-0\" rel=\"nofollow noopener\" target=\"_blank\">r\u00e8gles co\u00fbteuses et contraignantes li\u00e9es au travail<\/a>.<\/p>\n<p style=\"text-align: justify;\">De mani\u00e8re plus g\u00e9n\u00e9rale, la r\u00e9forme de d\u00e9r\u00e9glementation de Donald\u00a0Trump et les <a href=\"https:\/\/www.whitehouse.gov\/fact-sheets\/2025\/02\/fact-sheet-president-donald-j-trump-works-to-remake-americas-federal-workforce\/\" rel=\"nofollow noopener\" target=\"_blank\">politiques gouvernementales en mati\u00e8re de main-d\u2019\u0153uvre<\/a> visent \u00e0 r\u00e9duire la taille du gouvernement, faisant \u00e9cho \u00e0 la pr\u00e9occupation du rapport de la Growth Commission concernant la port\u00e9e du gouvernement dans l\u2019UE.<\/p>\n<p style=\"text-align: justify;\">Les efforts de d\u00e9r\u00e9glementation de Donald\u00a0Trump pourraient \u00e9galement stimuler des r\u00e9formes mutuellement b\u00e9n\u00e9fiques lors des prochains cycles de n\u00e9gociations commerciales entre les \u00c9tats-Unis et l\u2019UE.<\/p>\n<p style=\"text-align: justify;\">La r\u00e9duction des r\u00e9glementations am\u00e9ricaines favorables \u00e0 la concurrence pourrait r\u00e9duire les distorsions de march\u00e9 anticoncurrentielles et \u00e9conomiquement n\u00e9fastes aux \u00c9tats-Unis.<\/p>\n<p style=\"text-align: justify;\">Les distorsions de march\u00e9 anticoncurrentielles faussent les transactions au niveau international et sur le march\u00e9 int\u00e9rieur de chaque pays qui pratique ces distorsions. Bien que chaque pays qui r\u00e9duit ses propres distorsions de march\u00e9 anticoncurrentielles en tire profit, ces derni\u00e8res sont souvent le fruit du lobbying de groupes d\u2019int\u00e9r\u00eats particuliers et sont donc difficiles \u00e0 \u00e9liminer.<\/p>\n<p style=\"text-align: justify;\">La suppression de certaines distorsions de march\u00e9 anticoncurrentielles r\u00e9glementaires am\u00e9ricaines, cit\u00e9e par les n\u00e9gociateurs am\u00e9ricains, pourrait am\u00e9liorer les perspectives d\u2019un accord des n\u00e9gociateurs europ\u00e9ens visant \u00e0 r\u00e9duire certaines distorsions de march\u00e9 anticoncurrentielles europ\u00e9ennes pr\u00e9judiciables.<\/p>\n<p style=\"text-align: justify;\">Une r\u00e9duction des charges r\u00e9glementaires des deux c\u00f4t\u00e9s de l\u2019Atlantique pourrait \u00e0 son tour ouvrir la voie \u00e0 des r\u00e9ductions tarifaires mutuellement convenues entre les \u00c9tats-Unis et l\u2019UE. Il s\u2019agirait d\u2019une situation \u00ab\u00a0gagnant-gagnant\u00a0\u00bb pour les \u00e9conomies am\u00e9ricaine et europ\u00e9enne.<\/p>\n<p style=\"text-align: justify;\">En mettant en \u00e9vidence la n\u00e9cessit\u00e9 urgente d\u2019une action spectaculaire de la part de l\u2019UE, \u00e0 un moment o\u00f9 le gouvernement am\u00e9ricain prend des initiatives importantes, le rapport de la Growth Commission ajoute un \u00e9l\u00e9ment pr\u00e9cieux aux efforts de r\u00e9forme de l\u2019UE.<\/p>\n<p>\u00a0<\/p>\n<p style=\"text-align: justify;\">Une contribution d\u2019Alden\u00a0Abbott pour Forbes US, traduite par Flora\u00a0Lucas<\/p>\n<p style=\"text-align: justify;\"><strong>\u00c0 lire \u00e9galement\u00a0: <\/strong><a href=\"https:\/\/www.forbes.fr\/business\/guerre-commerciale-retour-sur-trois-mois-de-bras-de-fer-entre-lunion-europeen-et-les-etats-unis\/\" rel=\"nofollow noopener\" target=\"_blank\">Guerre commerciale\u00a0: retour sur 3\u00a0mois de bras de fer entre l\u2019Union europ\u00e9enne et les \u00c9tats-Unis<\/a><\/p>\n","protected":false},"excerpt":{"rendered":"L\u2019Union europ\u00e9enne (UE) conna\u00eet une p\u00e9riode de d\u00e9clin \u00e9conomique depuis 20\u00a0ans. Une nouvelle \u00e9tude montre que le ralentissement&hellip;\n","protected":false},"author":2,"featured_media":354338,"comment_status":"","ping_status":"","sticky":false,"template":"","format":"standard","meta":{"footnotes":""},"categories":[1586],"tags":[11,1777,674,1779,1011,27,12,25,1778,364],"class_list":{"0":"post-387351","1":"post","2":"type-post","3":"status-publish","4":"format-standard","5":"has-post-thumbnail","7":"category-europe","8":"tag-actualites","9":"tag-eu","10":"tag-europe","11":"tag-european-union","12":"tag-fr","13":"tag-france","14":"tag-news","15":"tag-republique-francaise","16":"tag-ue","17":"tag-union-europeenne"},"share_on_mastodon":{"url":"https:\/\/pubeurope.com\/@fr\/115195950162355114","error":""},"_links":{"self":[{"href":"https:\/\/www.europesays.com\/fr\/wp-json\/wp\/v2\/posts\/387351","targetHints":{"allow":["GET"]}}],"collection":[{"href":"https:\/\/www.europesays.com\/fr\/wp-json\/wp\/v2\/posts"}],"about":[{"href":"https:\/\/www.europesays.com\/fr\/wp-json\/wp\/v2\/types\/post"}],"author":[{"embeddable":true,"href":"https:\/\/www.europesays.com\/fr\/wp-json\/wp\/v2\/users\/2"}],"replies":[{"embeddable":true,"href":"https:\/\/www.europesays.com\/fr\/wp-json\/wp\/v2\/comments?post=387351"}],"version-history":[{"count":0,"href":"https:\/\/www.europesays.com\/fr\/wp-json\/wp\/v2\/posts\/387351\/revisions"}],"wp:featuredmedia":[{"embeddable":true,"href":"https:\/\/www.europesays.com\/fr\/wp-json\/wp\/v2\/media\/354338"}],"wp:attachment":[{"href":"https:\/\/www.europesays.com\/fr\/wp-json\/wp\/v2\/media?parent=387351"}],"wp:term":[{"taxonomy":"category","embeddable":true,"href":"https:\/\/www.europesays.com\/fr\/wp-json\/wp\/v2\/categories?post=387351"},{"taxonomy":"post_tag","embeddable":true,"href":"https:\/\/www.europesays.com\/fr\/wp-json\/wp\/v2\/tags?post=387351"}],"curies":[{"name":"wp","href":"https:\/\/api.w.org\/{rel}","templated":true}]}}