{"id":387376,"date":"2025-09-13T08:18:11","date_gmt":"2025-09-13T08:18:11","guid":{"rendered":"https:\/\/www.europesays.com\/fr\/387376\/"},"modified":"2025-09-13T08:18:11","modified_gmt":"2025-09-13T08:18:11","slug":"rentree-litteraire-nos-trois-livres-de-la-semaine","status":"publish","type":"post","link":"https:\/\/www.europesays.com\/fr\/387376\/","title":{"rendered":"Rentr\u00e9e litt\u00e9raire\u00a0: nos trois livres de la semaine"},"content":{"rendered":"<p class=\"ap-StoryElement ap-StoryElement--mb ap-StoryText\"><a href=\"https:\/\/www.lalibre.be\/culture\/livres-bd\/2025\/09\/11\/cest-le-seul-endroit-de-france-et-de-belgique-ou-jai-a-eu-du-mal-a-organiser-une-rencontre-TC2MDC3GWZCDPDRNMFKVSPZDOQ\/\" target=\"_self\" rel=\"noopener\">Notre interview d&rsquo;Anthony Passeron<\/a><\/p>\n<p>\u00ab\u00a0La mauvaise joueuse\u00a0\u00bb de Victor Jestin<\/p>\n<p class=\"text-left ap-StoryElement ap-StoryElement--mb ap-StoryText\">Maud, la trentaine, a \u00e9t\u00e9 addict aux jeux. Elle se croyait sevr\u00e9e. Alors que son t\u00e9l\u00e9phone tombe dans la cuvette d&rsquo;un WC, son coll\u00e8gue lui en pr\u00eate un. En balayant l&rsquo;\u00e9cran, elle tombe sur une ic\u00f4ne aux couleurs \u00e9clatantes : Candy Crush. Le troisi\u00e8me roman de Victor Jestin (au parcours sans faute depuis <a href=\"https:\/\/www.lalibre.be\/culture\/livres-bd\/2019\/08\/28\/la-plume-decomplexee-de-victor-jestin-sur-ladolescence-SBYBH4AM4ZAR7NTUESSBHJEWJE\/\" target=\"_self\" rel=\"noopener\">La chaleur<\/a>) suit la jeune femme qui, o\u00f9 qu&rsquo;elle soit, croise le fruit d\u00e9fendu. Spirale infernale en forme de cavale. Va-t-elle s&rsquo;en sortir ? (M.-A.G.)<\/p>\n<p class=\"ap-StoryElement ap-StoryElement--mb ap-StoryText\"><a href=\"https:\/\/www.lalibre.be\/culture\/livres-bd\/2025\/09\/11\/victor-jestin-il-y-a-quelque-chose-qui-ressort-de-la-masculinite-de-la-volonte-de-domination-et-de-destruction-TLNA67X5SZH5XESJFH32CXPSTA\/\" target=\"_self\" rel=\"noopener\">Notre interview de Victor Jestin<\/a><\/p>\n<p>\u00ab\u00a036, Rue de Londres\u00a0\u00bb de Philippe Sands<\/p>\n<p class=\"text-left ap-StoryElement ap-StoryElement--mb ap-StoryText\">Un thriller juridique o\u00f9 tout est vrai. Philippe Sands avocat, sp\u00e9cialiste du droit international qu&rsquo;il enseigne \u00e0 Londres, s&rsquo;est int\u00e9ress\u00e9 au cas Pinochet. Et c&rsquo;est passionnant. Inculp\u00e9 de g\u00e9nocide, terrorisme international et d&rsquo;enl\u00e8vements, Pinochet alors toujours impuni, pouvait-il \u00eatre extrad\u00e9 et jug\u00e9 en Espagne ? Et quels furent ses liens avec le grand criminel nazi Walther Rauff r\u00e9fugi\u00e9 au Chili et qui aida la dictature ? Une enqu\u00eate tr\u00e8s \u00e9clairante. (G.Dt)<\/p>\n<p class=\"text-left ap-StoryElement ap-StoryElement--mb ap-StoryText\"><a href=\"https:\/\/www.lalibre.be\/culture\/livres-bd\/2025\/09\/12\/38-rue-de-londres-de-philippe-sands-pinochet-et-le-criminel-nazi-se-croyaient-proteges-3AHI33ZFVBF7HMG4SJ3WYHJQVA\/\" target=\"_self\" rel=\"noopener\">Notre critique de \u00ab\u00a036, Rue de Londres\u00a0\u00bb<\/a><\/p>\n<p class=\"text-left ap-StoryElement ap-StoryElement--mb ap-StoryText\"><b>Chaque mercredi, d\u00e9couvrez toutes nos critiques litt\u00e9raires dans le suppl\u00e9ment<\/b> <b>\u00ab\u00a0Arts Libre\u00a0\u00bb.<\/b><\/p>\n","protected":false},"excerpt":{"rendered":"Notre interview d&rsquo;Anthony Passeron \u00ab\u00a0La mauvaise joueuse\u00a0\u00bb de Victor Jestin Maud, la trentaine, a \u00e9t\u00e9 addict aux jeux.&hellip;\n","protected":false},"author":2,"featured_media":387377,"comment_status":"","ping_status":"","sticky":false,"template":"","format":"standard","meta":{"footnotes":""},"categories":[1357],"tags":[3355,47982,1379,51985,58,59,1011,27,1351,2003,1380],"class_list":{"0":"post-387376","1":"post","2":"type-post","3":"status-publish","4":"format-standard","5":"has-post-thumbnail","7":"category-livres","8":"tag-auteur","9":"tag-auteure","10":"tag-books","11":"tag-caroline-lamarche","12":"tag-divertissement","13":"tag-entertainment","14":"tag-fr","15":"tag-france","16":"tag-litterature","17":"tag-livre","18":"tag-livres"},"share_on_mastodon":{"url":"https:\/\/pubeurope.com\/@fr\/115196009181515921","error":""},"_links":{"self":[{"href":"https:\/\/www.europesays.com\/fr\/wp-json\/wp\/v2\/posts\/387376","targetHints":{"allow":["GET"]}}],"collection":[{"href":"https:\/\/www.europesays.com\/fr\/wp-json\/wp\/v2\/posts"}],"about":[{"href":"https:\/\/www.europesays.com\/fr\/wp-json\/wp\/v2\/types\/post"}],"author":[{"embeddable":true,"href":"https:\/\/www.europesays.com\/fr\/wp-json\/wp\/v2\/users\/2"}],"replies":[{"embeddable":true,"href":"https:\/\/www.europesays.com\/fr\/wp-json\/wp\/v2\/comments?post=387376"}],"version-history":[{"count":0,"href":"https:\/\/www.europesays.com\/fr\/wp-json\/wp\/v2\/posts\/387376\/revisions"}],"wp:featuredmedia":[{"embeddable":true,"href":"https:\/\/www.europesays.com\/fr\/wp-json\/wp\/v2\/media\/387377"}],"wp:attachment":[{"href":"https:\/\/www.europesays.com\/fr\/wp-json\/wp\/v2\/media?parent=387376"}],"wp:term":[{"taxonomy":"category","embeddable":true,"href":"https:\/\/www.europesays.com\/fr\/wp-json\/wp\/v2\/categories?post=387376"},{"taxonomy":"post_tag","embeddable":true,"href":"https:\/\/www.europesays.com\/fr\/wp-json\/wp\/v2\/tags?post=387376"}],"curies":[{"name":"wp","href":"https:\/\/api.w.org\/{rel}","templated":true}]}}