{"id":387378,"date":"2025-09-13T08:19:10","date_gmt":"2025-09-13T08:19:10","guid":{"rendered":"https:\/\/www.europesays.com\/fr\/387378\/"},"modified":"2025-09-13T08:19:10","modified_gmt":"2025-09-13T08:19:10","slug":"mask-singer-enregistre-son-pire-lancement-catastrophe-pour-m6-et-france-3","status":"publish","type":"post","link":"https:\/\/www.europesays.com\/fr\/387378\/","title":{"rendered":"\u00abMask Singer\u00bb enregistre son pire lancement, catastrophe pour M6 et France 3"},"content":{"rendered":"<p>    \u00abMask Singer\u00bb sur TF1.<br \/>\n                Laurent VU \/ Laurent VU<\/p>\n<p>Les audiences du vendredi 12 septembre 2025 pour les programmes diffus\u00e9s en premi\u00e8re partie de soir\u00e9e.<\/p>\n<p class=\"fig-paragraph\">Vendredi soir,\u00a0<a href=\"https:\/\/tvmag.lefigaro.fr\/programme-tv\/chaine\/4\/tous-les-programmes-de-france-2\" target=\"_blank\" rel=\"noopener nofollow\" data-gtm-custom-categorie=\"navigation\" data-gtm-custom-action=\"crossclick\" data-gtm-custom-label=\"Contextuel\" data-gtm-event=\"customEventSPE\">France 2<\/a>\u00a0est arriv\u00e9e en t\u00eate des audiences avec une rediffusion de\u00a0<a href=\"https:\/\/tvmag.lefigaro.fr\/programme-tv\/programme\/capitaine-marleau-f1648007968\" target=\"_blank\" rel=\"noopener nofollow\" data-gtm-custom-categorie=\"navigation\" data-gtm-custom-action=\"crossclick\" data-gtm-custom-label=\"Contextuel\" data-gtm-event=\"customEventSPE\">Capitaine Marleau<\/a> . La s\u00e9rie polici\u00e8re port\u00e9e par Corinne Masiero a attir\u00e9 2,9 millions de t\u00e9l\u00e9spectateurs, soit 18,5 % de part d\u2019audience.\u00a0<a href=\"https:\/\/tvmag.lefigaro.fr\/programme-tv\/chaine\/192\/tous-les-programmes-de-tf1\" target=\"_blank\" rel=\"noopener nofollow\" data-gtm-custom-categorie=\"navigation\" data-gtm-custom-action=\"crossclick\" data-gtm-custom-label=\"Contextuel\" data-gtm-event=\"customEventSPE\">TF1<\/a>\u00a0suit avec\u00a0<a href=\"https:\/\/tvmag.lefigaro.fr\/programme-tv\/programme\/mask-singer-d870136738\" target=\"_blank\" rel=\"noopener nofollow\" data-gtm-custom-categorie=\"navigation\" data-gtm-custom-action=\"crossclick\" data-gtm-custom-label=\"Contextuel\" data-gtm-event=\"customEventSPE\">\u00abMask Singer\u00bb<\/a>. Le lancement de la saison 8 du divertissement anim\u00e9 par\u00a0<a href=\"https:\/\/www.lefigaro.fr\/tag\/camille-combal\" target=\"_blank\" rel=\"noopener nofollow\" data-gtm-custom-categorie=\"navigation\" data-gtm-custom-action=\"crossclick\" data-gtm-custom-label=\"Contextuel\" data-gtm-event=\"customEventSPE\">Camille Combal<\/a>\u00a0a r\u00e9uni 2,7 millions de personnes, soit 16,6 % de PDA.\u00a0<a href=\"http:\/\/tvmag.lefigaro.fr\/programme-tv\/audiences-tv\/audiences-quel-score-pour-le-lancement-de-la-saison-7-de-mask-singer-sur-tf1-20250503\" target=\"_blank\" data-fig-type=\"Article\" rel=\"noopener nofollow\" data-gtm-custom-categorie=\"navigation\" data-gtm-custom-action=\"crossclick\" data-gtm-custom-label=\"Contextuel\" data-gtm-event=\"customEventSPE\" data-fig-domain=\"TVMAG\">\u00c0 titre de comparaison<\/a>, en mai dernier, le premier \u00e9pisode de la saison 7 avait attis\u00e9 la curiosit\u00e9 de 3 millions de Fran\u00e7ais, soit 17,5 % du public.<\/p>\n<p class=\"fig-paragraph\">Tr\u00e8s loin derri\u00e8re,\u00a0<a href=\"https:\/\/tvmag.lefigaro.fr\/programme-tv\/chaine\/118\/tous-les-programmes-de-m6\" target=\"_blank\" rel=\"noopener nofollow\" data-gtm-custom-categorie=\"navigation\" data-gtm-custom-action=\"crossclick\" data-gtm-custom-label=\"Contextuel\" data-gtm-event=\"customEventSPE\">M6<\/a>\u00a0diffusait\u00a0<a href=\"https:\/\/tvmag.lefigaro.fr\/programme-tv\/programme\/donjons-dragons-l-honneur-des-voleurs-f1455004398\" target=\"_blank\" rel=\"noopener nofollow\" data-gtm-custom-categorie=\"navigation\" data-gtm-custom-action=\"crossclick\" data-gtm-custom-label=\"Contextuel\" data-gtm-event=\"customEventSPE\">Donjons &amp; Dragons\u00a0: l\u2019honneur des voleurs<\/a> . L\u2019adaptation du jeu de r\u00f4les sur table a rassembl\u00e9 1,2 million de cin\u00e9philes, soit 8,8 % de part d\u2019audience. Au pied du podium,\u00a0<a href=\"https:\/\/tvmag.lefigaro.fr\/programme-tv\/chaine\/80\/tous-les-programmes-de-france-3\" target=\"_blank\" rel=\"noopener nofollow\" data-gtm-custom-categorie=\"navigation\" data-gtm-custom-action=\"crossclick\" data-gtm-custom-label=\"Contextuel\" data-gtm-event=\"customEventSPE\">France 3<\/a>\u00a0proposait un nouveau num\u00e9ro du\u00a0<a href=\"https:\/\/tvmag.lefigaro.fr\/programme-tv\/programme\/le-grand-concours-des-regions-f1854745891\" target=\"_blank\" rel=\"noopener nofollow\" data-gtm-custom-categorie=\"navigation\" data-gtm-custom-action=\"crossclick\" data-gtm-custom-label=\"Contextuel\" data-gtm-event=\"customEventSPE\">\u00abGrand Concours des r\u00e9gions\u00bb<\/a>. \u00abLa meilleure danse folklorique de France\u00bb anim\u00e9 par\u00a0<a href=\"https:\/\/www.lefigaro.fr\/tag\/cyril-feraud\" target=\"_blank\" rel=\"noopener nofollow\" data-gtm-custom-categorie=\"navigation\" data-gtm-custom-action=\"crossclick\" data-gtm-custom-label=\"Contextuel\" data-gtm-event=\"customEventSPE\">Cyril F\u00e9raud<\/a>\u00a0a diverti 1 million de t\u00e9l\u00e9spectateurs, soit 7 % de PDA.<\/p>\n<p>                                    <a class=\"fig-a11y-skip a11y-hidden\" href=\"#fig-a11y-skip-main-inarticle\"><br \/>\n        Passer la publicit\u00e9<br \/>\n    <\/a><\/p>\n<p class=\"fig-paragraph\">Du c\u00f4t\u00e9 des autres cha\u00eenes,\u00a0<a href=\"https:\/\/tvmag.lefigaro.fr\/programme-tv\/chaine\/47\/tous-les-programmes-de-france-5\" target=\"_blank\" rel=\"noopener nofollow\" data-gtm-custom-categorie=\"navigation\" data-gtm-custom-action=\"crossclick\" data-gtm-custom-label=\"Contextuel\" data-gtm-event=\"customEventSPE\">France 5<\/a>\u00a0rediffusait\u00a0<a href=\"https:\/\/tvmag.lefigaro.fr\/programme-tv\/programme\/le-gout-des-autres-f1908855451\" target=\"_blank\" rel=\"noopener nofollow\" data-gtm-custom-categorie=\"navigation\" data-gtm-custom-action=\"crossclick\" data-gtm-custom-label=\"Contextuel\" data-gtm-event=\"customEventSPE\">Le Go\u00fbt des autres<\/a> . La com\u00e9die dramatique d\u2019Agn\u00e8s Jaoui, port\u00e9e par Jean-Pierre Bacri, Alain Chabat et Anne Alvaro a f\u00e9d\u00e9r\u00e9 689.000 personnes, soit 4,4 % du public.<\/p>\n","protected":false},"excerpt":{"rendered":"\u00abMask Singer\u00bb sur TF1. Laurent VU \/ Laurent VU Les audiences du vendredi 12 septembre 2025 pour les&hellip;\n","protected":false},"author":2,"featured_media":387379,"comment_status":"","ping_status":"","sticky":false,"template":"","format":"standard","meta":{"footnotes":""},"categories":[1356],"tags":[2367,58,59,1011,27,876,494,252,199,1364],"class_list":{"0":"post-387378","1":"post","2":"type-post","3":"status-publish","4":"format-standard","5":"has-post-thumbnail","7":"category-television","8":"tag-audiences","9":"tag-divertissement","10":"tag-entertainment","11":"tag-fr","12":"tag-france","13":"tag-france-3","14":"tag-m6","15":"tag-television","16":"tag-tf1","17":"tag-tv"},"share_on_mastodon":{"url":"https:\/\/pubeurope.com\/@fr\/115196013006698149","error":""},"_links":{"self":[{"href":"https:\/\/www.europesays.com\/fr\/wp-json\/wp\/v2\/posts\/387378","targetHints":{"allow":["GET"]}}],"collection":[{"href":"https:\/\/www.europesays.com\/fr\/wp-json\/wp\/v2\/posts"}],"about":[{"href":"https:\/\/www.europesays.com\/fr\/wp-json\/wp\/v2\/types\/post"}],"author":[{"embeddable":true,"href":"https:\/\/www.europesays.com\/fr\/wp-json\/wp\/v2\/users\/2"}],"replies":[{"embeddable":true,"href":"https:\/\/www.europesays.com\/fr\/wp-json\/wp\/v2\/comments?post=387378"}],"version-history":[{"count":0,"href":"https:\/\/www.europesays.com\/fr\/wp-json\/wp\/v2\/posts\/387378\/revisions"}],"wp:featuredmedia":[{"embeddable":true,"href":"https:\/\/www.europesays.com\/fr\/wp-json\/wp\/v2\/media\/387379"}],"wp:attachment":[{"href":"https:\/\/www.europesays.com\/fr\/wp-json\/wp\/v2\/media?parent=387378"}],"wp:term":[{"taxonomy":"category","embeddable":true,"href":"https:\/\/www.europesays.com\/fr\/wp-json\/wp\/v2\/categories?post=387378"},{"taxonomy":"post_tag","embeddable":true,"href":"https:\/\/www.europesays.com\/fr\/wp-json\/wp\/v2\/tags?post=387378"}],"curies":[{"name":"wp","href":"https:\/\/api.w.org\/{rel}","templated":true}]}}