{"id":387380,"date":"2025-09-13T08:20:12","date_gmt":"2025-09-13T08:20:12","guid":{"rendered":"https:\/\/www.europesays.com\/fr\/387380\/"},"modified":"2025-09-13T08:20:12","modified_gmt":"2025-09-13T08:20:12","slug":"les-emancipees-donnent-un-coup-de-jeune-aux-remparts-de-vannes-en-images","status":"publish","type":"post","link":"https:\/\/www.europesays.com\/fr\/387380\/","title":{"rendered":"Les Emancip\u00e9\u00e9s donnent un coup de jeune aux remparts de Vannes [En images]"},"content":{"rendered":"<p>Deux sc\u00e8nes, une ambiance. Pour sa premi\u00e8re soir\u00e9e, les Emancip\u00e9\u00e9s faisaient la part belle au rap. Concoct\u00e9e par l\u2019\u00c9chonova et organis\u00e9e en partenariat avec les Sc\u00e8nes du golfe, la programmation du festival dans <a href=\"https:\/\/www.letelegramme.fr\/morbihan\/vannes-56000\/a-vannes-genezio-tete-daffiche-des-emancipees-2025-qui-demenagent-au-jardin-des-remparts-6835436.php\" target=\"_blank\" rel=\"noopener\">la nouvelle mouture<\/a> a s\u00e9duit. Ce vendredi soir avait un petit c\u00f4t\u00e9 soir\u00e9e d\u2019int\u00e9gration estudiantine dans le jardin des remparts de Vannes. Un coup de jeune dans ce nouveau site apr\u00e8s l\u2019escale sur le port l\u2019an dernier. Deuxi\u00e8me salve du festival ce samedi 13 septembre. \u00c0 partir de 18\u00a0h\u00a030, six artistes se succ\u00e9deront sur les deux sc\u00e8nes. Cette fois c\u2019est la chanson fran\u00e7aise qui sera \u00e0 l\u2019honneur, avec notamment<a href=\"https:\/\/www.letelegramme.fr\/morbihan\/vannes-56000\/il-y-a-une-excitation-particuliere-vendredi-sur-mer-impatiente-de-jouer-au-jardin-des-remparts-de-vannes-6885616.php\" target=\"_blank\" rel=\"noopener\"> Vendredi sur Mer<\/a>.<\/p>\n<p>Pratique<\/p>\n","protected":false},"excerpt":{"rendered":"Deux sc\u00e8nes, une ambiance. Pour sa premi\u00e8re soir\u00e9e, les Emancip\u00e9\u00e9s faisaient la part belle au rap. Concoct\u00e9e par&hellip;\n","protected":false},"author":2,"featured_media":387381,"comment_status":"","ping_status":"","sticky":false,"template":"","format":"standard","meta":{"footnotes":""},"categories":[1355],"tags":[251,58,51987,59,849,1011,27,1361,873,51986,3165],"class_list":{"0":"post-387380","1":"post","2":"type-post","3":"status-publish","4":"format-standard","5":"has-post-thumbnail","7":"category-musique","8":"tag-culture","9":"tag-divertissement","10":"tag-echonova","11":"tag-entertainment","12":"tag-festival","13":"tag-fr","14":"tag-france","15":"tag-music","16":"tag-musique","17":"tag-scenes-du-golfe","18":"tag-vannes"},"share_on_mastodon":{"url":"https:\/\/pubeurope.com\/@fr\/115196017064625427","error":""},"_links":{"self":[{"href":"https:\/\/www.europesays.com\/fr\/wp-json\/wp\/v2\/posts\/387380","targetHints":{"allow":["GET"]}}],"collection":[{"href":"https:\/\/www.europesays.com\/fr\/wp-json\/wp\/v2\/posts"}],"about":[{"href":"https:\/\/www.europesays.com\/fr\/wp-json\/wp\/v2\/types\/post"}],"author":[{"embeddable":true,"href":"https:\/\/www.europesays.com\/fr\/wp-json\/wp\/v2\/users\/2"}],"replies":[{"embeddable":true,"href":"https:\/\/www.europesays.com\/fr\/wp-json\/wp\/v2\/comments?post=387380"}],"version-history":[{"count":0,"href":"https:\/\/www.europesays.com\/fr\/wp-json\/wp\/v2\/posts\/387380\/revisions"}],"wp:featuredmedia":[{"embeddable":true,"href":"https:\/\/www.europesays.com\/fr\/wp-json\/wp\/v2\/media\/387381"}],"wp:attachment":[{"href":"https:\/\/www.europesays.com\/fr\/wp-json\/wp\/v2\/media?parent=387380"}],"wp:term":[{"taxonomy":"category","embeddable":true,"href":"https:\/\/www.europesays.com\/fr\/wp-json\/wp\/v2\/categories?post=387380"},{"taxonomy":"post_tag","embeddable":true,"href":"https:\/\/www.europesays.com\/fr\/wp-json\/wp\/v2\/tags?post=387380"}],"curies":[{"name":"wp","href":"https:\/\/api.w.org\/{rel}","templated":true}]}}