{"id":387388,"date":"2025-09-13T08:25:10","date_gmt":"2025-09-13T08:25:10","guid":{"rendered":"https:\/\/www.europesays.com\/fr\/387388\/"},"modified":"2025-09-13T08:25:10","modified_gmt":"2025-09-13T08:25:10","slug":"des-scientifiques-creent-une-matiere-impossible-qui-terrifie-la-communaute-scientifique-mondiale","status":"publish","type":"post","link":"https:\/\/www.europesays.com\/fr\/387388\/","title":{"rendered":"des scientifiques cr\u00e9ent une mati\u00e8re impossible qui terrifie la communaut\u00e9 scientifique mondiale"},"content":{"rendered":"<tr>\n<td><strong>EN BREF<\/strong><\/td>\n<\/tr>\n<tr>\n<td>\n<ul>\n<li>\ud83c\udf1f Les physiciens ont cr\u00e9\u00e9 le premier <strong>cristal temporel<\/strong> visible, d\u00e9fiant les lois de la thermodynamique.<\/li>\n<li>\ud83d\udd2c Utilisation de <strong>cristaux liquides<\/strong> pour observer des motifs r\u00e9p\u00e9titifs sous un microscope.<\/li>\n<li>\ud83d\udee1\ufe0f Potentiel pour des mesures avanc\u00e9es de <strong>s\u00e9curit\u00e9<\/strong> contre la contrefa\u00e7on gr\u00e2ce aux filigranes temporels.<\/li>\n<li>\ud83d\udcc8 Perspectives d\u2019application dans le stockage de <strong>donn\u00e9es num\u00e9riques<\/strong> et les dispositifs optiques.<\/li>\n<\/ul>\n<\/td>\n<\/tr>\n<p>Les physiciens de l\u2019Universit\u00e9 du Colorado Boulder ont r\u00e9cemment fait une avanc\u00e9e significative dans le domaine de la physique en d\u00e9voilant un \u00ab\u00a0cristal temporel\u00a0\u00bb visible \u00e0 l\u2019\u0153il nu. Ce d\u00e9veloppement repose sur un concept propos\u00e9 pour la premi\u00e8re fois par le laur\u00e9at du prix Nobel Frank Wilczek en 2012. Contrairement aux cristaux conventionnels, qui poss\u00e8dent un motif r\u00e9p\u00e9titif dans l\u2019espace, les cristaux temporels pr\u00e9sentent une organisation similaire, mais dans la dimension du temps. Cette d\u00e9couverte pourrait ouvrir la voie \u00e0 de nouvelles technologies, notamment dans les domaines de la lutte contre la contrefa\u00e7on et des dispositifs optiques.<\/p>\n<p>Comprendre le cristal temporel<\/p>\n<p>Le concept de cristal temporel a longtemps \u00e9t\u00e9 consid\u00e9r\u00e9 comme impossible, en raison de son apparente violation d\u2019une loi fondamentale de la thermodynamique. Cependant, cette id\u00e9e a \u00e9t\u00e9 concr\u00e9tis\u00e9e lors d\u2019une exp\u00e9rience en 2016. En 2021, une avanc\u00e9e notable a eu lieu lorsque des physiciens ont utilis\u00e9 l\u2019ordinateur quantique de Google pour cr\u00e9er un r\u00e9seau d\u2019atomes dont les mouvements se r\u00e9p\u00e9taient apr\u00e8s avoir \u00e9t\u00e9 d\u00e9clench\u00e9s par un laser. Ce qui distingue la r\u00e9cente cr\u00e9ation de l\u2019Universit\u00e9 du Colorado Boulder, c\u2019est qu\u2019il s\u2019agit du premier cristal temporel visible \u00e0 l\u2019\u0153il nu.<\/p>\n<p>Pour r\u00e9aliser cet exploit, Zhao et son collaborateur, le professeur Ivan Smalyukh, ont utilis\u00e9 des cristaux liquides, des mat\u00e9riaux \u00e9galement pr\u00e9sents dans les \u00e9crans de t\u00e9l\u00e9phone. En remplissant des cellules en verre avec ces cristaux liquides, ils ont pu observer un mouvement r\u00e9p\u00e9titif en \u00e9clairant l\u2019\u00e9chantillon avec une lumi\u00e8re sp\u00e9cifique. Sous le microscope, ces motifs tourbillonnants rappellent des \u00ab\u00a0rayures de tigre psych\u00e9d\u00e9liques\u00a0\u00bb.<\/p>\n<blockquote class=\"wp-embedded-content\" data-secret=\"X6dz8ZktZe\">\n<p><a href=\"https:\/\/www.lejournaleconomique.com\/2025\/08\/14\/ils-ont-ose-defier-limpossible-bugatti-brouillard-de-1-578-ch-electrise-le-monde-avec-son-unicite-stupefiante\/\" rel=\"nofollow noopener\" target=\"_blank\">\u00ab Ils ont os\u00e9 d\u00e9fier l\u2019impossible \u00bb : Bugatti Brouillard de 1 578 ch \u00e9lectrise le monde avec son unicit\u00e9 stup\u00e9fiante<\/a><\/p>\n<\/blockquote>\n<p>Applications potentielles dans la lutte contre la contrefa\u00e7on<\/p>\n<p>Les chercheurs ont d\u00e9couvert que les cristaux temporels pourraient servir d\u2019outil innovant contre la contrefa\u00e7on. En pla\u00e7ant une solution de cristaux liquides entre deux morceaux de verre recouverts de mol\u00e9cules de teinture, ils ont observ\u00e9 que l\u2019\u00e9chantillon, initialement au repos, s\u2019animait sous l\u2019effet d\u2019une lumi\u00e8re sp\u00e9cifique. Ces mol\u00e9cules, semblables \u00e0 des danseurs, se s\u00e9paraient, tournaient et se rejoignaient dans un cycle continu. Ce motif est rest\u00e9 remarquablement stable, m\u00eame lorsque la temp\u00e9rature de l\u2019\u00e9chantillon a \u00e9t\u00e9 modifi\u00e9e.<\/p>\n<p>Un des aspects fascinants de ce cristal temporel est sa capacit\u00e9 \u00e0 cr\u00e9er des \u00ab\u00a0filigranes temporels\u00a0\u00bb. Ces derniers pourraient \u00eatre int\u00e9gr\u00e9s dans des billets de banque, permettant qu\u2019une simple lumi\u00e8re r\u00e9v\u00e8le un motif unique en mouvement, pratiquement impossible \u00e0 reproduire. En outre, les cristaux temporels pourraient \u00eatre empil\u00e9s pour former des motifs plus complexes, offrant une nouvelle m\u00e9thode de stockage de grandes quantit\u00e9s de donn\u00e9es num\u00e9riques.<\/p>\n<blockquote class=\"wp-embedded-content\" data-secret=\"1Ye6vI7IhA\">\n<p><a href=\"https:\/\/www.lejournaleconomique.com\/2025\/07\/06\/il-vit-grace-a-la-lumiere-des-chercheurs-creent-un-robot-unique-controle-par-un-champignon-sensible-aux-rayons-lumineux\/\" rel=\"nofollow noopener\" target=\"_blank\">\u00ab Il vit gr\u00e2ce \u00e0 la lumi\u00e8re \u00bb : des chercheurs cr\u00e9ent un robot unique contr\u00f4l\u00e9 par un champignon sensible aux rayons lumineux<\/a><\/p>\n<\/blockquote>\n<p>Le m\u00e9canisme derri\u00e8re le ph\u00e9nom\u00e8ne<\/p>\n<p>Le fonctionnement des cristaux temporels repose sur une compr\u00e9hension approfondie de leur m\u00e9canisme interne. Lorsque les mol\u00e9cules de cristaux liquides sont comprim\u00e9es, elles se regroupent pour former des \u00ab\u00a0coudes\u00a0\u00bb qui, dans les bonnes conditions, se comportent comme des atomes. Ces coudes peuvent se d\u00e9placer et interagir entre eux, imitant ainsi le comportement de particules atomiques. Smalyukh a expliqu\u00e9 que sous certaines conditions, tout ce qu\u2019il suffit de faire est de faire briller une lumi\u00e8re pour voir \u00e9merger le monde des cristaux temporels.<\/p>\n<blockquote>\n<p>\u00ab Tout na\u00eet de rien. Il suffit de faire briller une lumi\u00e8re, et ce monde entier de cristaux temporels appara\u00eet \u00bb, a d\u00e9clar\u00e9 Smalyukh.<\/p>\n<p>https:\/\/www.lejournaleconomique.com\/2025\/08\/06\/la-longevite-du-beton-romain-nous-inspire-vers-un-avenir-ecologique-grace-a-une-technique-antique-remise-au-gout-du-jour\/<\/p>\n<\/blockquote>\n<p>Cette compr\u00e9hension approfondie du m\u00e9canisme offre des perspectives fascinantes pour le d\u00e9veloppement futur de ces mat\u00e9riaux. Les chercheurs envisagent une large gamme d\u2019applications potentielles, allant des dispositifs optiques avanc\u00e9s \u00e0 de nouvelles m\u00e9thodes de stockage de donn\u00e9es.<\/p>\n<p>Perspectives futures et implications technologiques<\/p>\n<p>Alors que la recherche sur les cristaux temporels progresse, les physiciens de l\u2019Universit\u00e9 du Colorado Boulder sont optimistes quant \u00e0 leur potentiel. Ils envisagent des utilisations au-del\u00e0 de celles d\u00e9j\u00e0 mentionn\u00e9es dans leur \u00e9tude actuelle. Les r\u00e9sultats de cette recherche ont \u00e9t\u00e9 publi\u00e9s dans la prestigieuse revue Nature Materials, soulignant l\u2019importance de cette d\u00e9couverte dans le domaine scientifique.<\/p>\n<p>Les implications technologiques de cette d\u00e9couverte sont vastes. Avec des applications potentielles dans l\u2019optique et la s\u00e9curit\u00e9 des donn\u00e9es, les cristaux temporels pourraient r\u00e9volutionner plusieurs industries. Cependant, des recherches suppl\u00e9mentaires sont n\u00e9cessaires pour explorer pleinement leur potentiel et surmonter les d\u00e9fis techniques associ\u00e9s \u00e0 leur production et \u00e0 leur utilisation \u00e0 grande \u00e9chelle.<\/p>\n<p>Alors que nous d\u00e9couvrons progressivement les myst\u00e8res des cristaux temporels, de nombreuses questions restent en suspens. Comment ces mat\u00e9riaux pourront-ils \u00eatre int\u00e9gr\u00e9s dans des technologies existantes ou nouvelles ? Quels seront les impacts \u00e0 long terme de leur utilisation dans notre vie quotidienne ? Les r\u00e9ponses \u00e0 ces questions pourraient fa\u00e7onner l\u2019avenir de la technologie et de la science de mani\u00e8re inattendue.<\/p>\n<p>Cet article s\u2019appuie sur des sources v\u00e9rifi\u00e9es et l\u2019assistance de technologies \u00e9ditoriales.<\/p>\n<p id=\"rating\">\u00c7a vous a plu ?\u00a04.6\/5 (25)<\/p>\n","protected":false},"excerpt":{"rendered":"EN BREF \ud83c\udf1f Les physiciens ont cr\u00e9\u00e9 le premier cristal temporel visible, d\u00e9fiant les lois de la thermodynamique.&hellip;\n","protected":false},"author":2,"featured_media":387389,"comment_status":"","ping_status":"","sticky":false,"template":"","format":"standard","meta":{"footnotes":""},"categories":[7],"tags":[1011,27,43,40,41,39,42,44],"class_list":{"0":"post-387388","1":"post","2":"type-post","3":"status-publish","4":"format-standard","5":"has-post-thumbnail","7":"category-sciences-et-technologies","8":"tag-fr","9":"tag-france","10":"tag-science","11":"tag-science-and-technology","12":"tag-sciences","13":"tag-sciences-et-technologies","14":"tag-technologies","15":"tag-technology"},"share_on_mastodon":{"url":"https:\/\/pubeurope.com\/@fr\/115196036684485720","error":""},"_links":{"self":[{"href":"https:\/\/www.europesays.com\/fr\/wp-json\/wp\/v2\/posts\/387388","targetHints":{"allow":["GET"]}}],"collection":[{"href":"https:\/\/www.europesays.com\/fr\/wp-json\/wp\/v2\/posts"}],"about":[{"href":"https:\/\/www.europesays.com\/fr\/wp-json\/wp\/v2\/types\/post"}],"author":[{"embeddable":true,"href":"https:\/\/www.europesays.com\/fr\/wp-json\/wp\/v2\/users\/2"}],"replies":[{"embeddable":true,"href":"https:\/\/www.europesays.com\/fr\/wp-json\/wp\/v2\/comments?post=387388"}],"version-history":[{"count":0,"href":"https:\/\/www.europesays.com\/fr\/wp-json\/wp\/v2\/posts\/387388\/revisions"}],"wp:featuredmedia":[{"embeddable":true,"href":"https:\/\/www.europesays.com\/fr\/wp-json\/wp\/v2\/media\/387389"}],"wp:attachment":[{"href":"https:\/\/www.europesays.com\/fr\/wp-json\/wp\/v2\/media?parent=387388"}],"wp:term":[{"taxonomy":"category","embeddable":true,"href":"https:\/\/www.europesays.com\/fr\/wp-json\/wp\/v2\/categories?post=387388"},{"taxonomy":"post_tag","embeddable":true,"href":"https:\/\/www.europesays.com\/fr\/wp-json\/wp\/v2\/tags?post=387388"}],"curies":[{"name":"wp","href":"https:\/\/api.w.org\/{rel}","templated":true}]}}