{"id":387394,"date":"2025-09-13T08:28:10","date_gmt":"2025-09-13T08:28:10","guid":{"rendered":"https:\/\/www.europesays.com\/fr\/387394\/"},"modified":"2025-09-13T08:28:10","modified_gmt":"2025-09-13T08:28:10","slug":"malgre-les-restrictions-parentales-leurs-ados-trouvent-toujours-le-moyen-daugmenter-leur-temps-decran","status":"publish","type":"post","link":"https:\/\/www.europesays.com\/fr\/387394\/","title":{"rendered":"Malgr\u00e9 les restrictions parentales, leurs ados trouvent toujours le moyen d\u2019augmenter leur temps d\u2019\u00e9cran"},"content":{"rendered":"<p>        <img decoding=\"async\" loading=\"lazy\" src=\"https:\/\/www.europesays.com\/fr\/wp-content\/uploads\/2025\/09\/3771345_upload-1-an0e1ughyzfq-dipqi-ghozali-if8spfprfwy-unsplash.jpg\"  width=\"728\" height=\"409\" alt=\"Les adolescents trouvent toujours des moyens de contourner les r\u00e8gles des parents. L\u2019acc\u00e8s au smartphone n\u2019y \u00e9chappe pas.\"\/>   <\/p>\n<p>Les adolescents trouvent toujours des moyens de contourner les r\u00e8gles des parents. L\u2019acc\u00e8s au smartphone n\u2019y \u00e9chappe pas.<\/p>\n<p class=\"asset asset-text\">\u00c9CRANS &#8211; \u00ab\u00a0Le <a href=\"https:\/\/www.huffingtonpost.fr\/life\/article\/85-des-francais-estiment-que-les-enfants-ont-leur-premier-smartphone-trop-tot-sondage-exclusif_254120.html\" target=\"_blank\" rel=\"noopener\">smartphone<\/a>, c\u2019est un combat quotidien et c\u2019est dommage, on est oblig\u00e9s d\u2019\u00eatre un peu en conflit tout le temps avec eux. \u00bbM\u00e8re d\u2019une <a href=\"https:\/\/www.huffingtonpost.fr\/life\/article\/tabac-drogue-alcool-ces-chiffres-revelent-une-denormalisation-chez-les-ados_254687.html\" target=\"_blank\" rel=\"noopener\">adolescente<\/a> de bient\u00f4t 15\u00a0ans, Camille* se dit en \u00ab\u00a0vigilance permanente\u00a0\u00bb. Tous les jours, elle c<a href=\"https:\/\/www.huffingtonpost.fr\/tech-futurs\/article\/cette-ville-veut-limiter-a-deux-heures-quotidiennes-l-utilisation-des-telephones_253865.html\" target=\"_blank\" rel=\"noopener\">ontr\u00f4le le<strong>\u00a0<\/strong>temps que sa fille passe sur son portable.<\/a><\/p>\n<p class=\"asset asset-text\">Il est en effet possible pour les parents de param\u00e9trer le t\u00e9l\u00e9phone de leurs enfants de fa\u00e7on \u00e0 ce qu\u2019ils ne puisse pas d\u00e9passer une dur\u00e9e d\u00e9termin\u00e9e sur telle ou telle application. Une fois ce temps d\u00e9pass\u00e9, un code est demand\u00e9 pour y r\u00e9-acc\u00e9der. Mais, comme beaucoup d\u2019ados, la fille de Camille est d\u00e9j\u00e0 parvenue \u00e0 r\u00e9cup\u00e9rer le fameux code.<\/p>\n<p class=\"asset asset-text\">\u00ab\u00a0Elle a r\u00e9ussi une fois en faisant comme si le mot de passe avait \u00e9t\u00e9 oubli\u00e9 et elle avait supprim\u00e9 toutes les limites de temps d\u2019\u00e9cran, raconte cette m\u00e8re de 47\u00a0ans. Je l\u2019ai vu tr\u00e8s vite le lendemain, parce qu\u2019elle dormait debout \u00e0 midi. J\u2019ai devin\u00e9 pourquoi\u00a0: elle avait pass\u00e9 la nuit sur son portable. \u00bb Depuis, elle change de code tr\u00e8s r\u00e9guli\u00e8rement et a <a href=\"https:\/\/www.huffingtonpost.fr\/life\/article\/agressivite-pensees-suicidaires-offrir-un-smartphone-avant-cet-age-est-une-mauvaise-idee-selon-une-etude-clx1_253041.html\" target=\"_blank\" rel=\"noopener\">configur\u00e9 le smartphone<\/a> de sa fille pour qu\u2019elle ne puisse pas passer plus de deux heures par jour sur WhatsApp et Snapchat, les seules applications auxquelles elle a droit. L\u2019appareil <a href=\"https:\/\/www.huffingtonpost.fr\/life\/article\/bloquer-internet-sur-son-telephone-meme-quelques-jours-est-bon-pour-la-sante-mentale_246727.html\" target=\"_blank\" rel=\"noopener\">s\u2019\u00e9teint automatiquement<\/a> de 23\u00a0heures au petit matin.<\/p>\n<p>    Des \u00ab\u00a0strat\u00e9gies de contournement\u00a0\u00bb    <\/p>\n<p class=\"asset asset-text\">Des restrictions qui ne sont pas toujours simples \u00e0 mettre en place pour les parents, souvent moins au fait des technologies que leur prog\u00e9niture. En t\u00e9moignent les r\u00e9seaux sociaux, sur lesquels ils sont des centaines \u00e0 <a href=\"https:\/\/www.reddit.com\/r\/teenagers\/comments\/iro3pr\/parents_put_parental_controls_on_your_phone_heres\/\" target=\"_blank\" rel=\"noopener\" title=\"Nouvelle fen\u00eatre\">s\u2019arrachent chez les cheveux<\/a> pour deviner par quel miracle leur adolescent a bien pu r\u00e9ussir \u00e0 outrepasser le contr\u00f4le parental.<\/p>\n<p class=\"asset asset-text\"><a href=\"https:\/\/www.reddit.com\/r\/iphone\/comments\/1clzbsk\/teen_bypassing_parental_controlls_over_14hrs\/?show=original\" target=\"_blank\" rel=\"noopener\" title=\"Nouvelle fen\u00eatre\">Sur le forum de discussion Reddit<\/a>,<strong> <\/strong>une m\u00e8re appelle ainsi \u00e0 l\u2019aide\u00a0: \u00ab\u00a0Comment fait mon adolescent pour contourner le contr\u00f4le parental de cette mani\u00e8re\u00a0? Il peut utiliser son t\u00e9l\u00e9phone jour et nuit, malgr\u00e9 les limites impos\u00e9es. \u00bb, d\u00e9crit-elle, d\u00e9sempar\u00e9e, avant de demander des conseils techniques pour bloquer cet acc\u00e8s.<\/p>\n<p class=\"asset asset-text\">Simon, 45\u00a0ans, a mis deux ans \u00e0 se rendre compte que son fils a\u00een\u00e9 de 15\u00a0ans avait \u00ab\u00a0plein de strat\u00e9gies de contournement\u00a0\u00bb. Dot\u00e9 d\u2019un smartphone depuis la 6e, ce dernier \u00e9tait \u00e9galement limit\u00e9 sur son temps d\u2019\u00e9cran par un code, et n\u2019a pas manqu\u00e9 de ressources pour tenter de le trouver. \u00ab\u00a0Ils sont tr\u00e8s malins. Ils testent toutes les dates de naissance, tous les codes, dans tous les sens, t\u00e9moigne-t-il. Un jour, mon fils m\u2019a appel\u00e9 quand il \u00e9tait avec sa m\u00e8re et m\u2019a demand\u00e9 de donner le code \u00e0 celle-ci, pour qu\u2019elle puisse prolonger un peu. Et en fait, il l\u2019avait mise sur haut-parleur [pour entendre discr\u00e8tement le code secret, ndlr]. Si tu ne le v\u00e9rifies pas tous le temps, c\u2019est foutu.\u00a0\u00bb<\/p>\n<p>    \u00ab\u00a0Il s\u2019est achet\u00e9 un autre t\u00e9l\u00e9phone \u00e0 30\u00a0\u20ac\u00a0\u00bb    <\/p>\n<p class=\"asset asset-text\">Sur Internet, les ados eux-m\u00eames n\u2019h\u00e9sitent pas \u00e0 \u00e9changer des \u00ab\u00a0trucs\u00a0\u00bb pour berner parents et plateformes, comme dans la vid\u00e9o ci-dessous, o\u00f9 un jeune montre en filmant son \u00e9cran comment modifier son \u00e2ge sur TikTok, en principe interdit aux moins de 13\u00a0ans et restreint pour certaines fonctionnalit\u00e9s pour les mineurs.<\/p>\n<p> La lecture de ce contenu est susceptible d\u2019entra\u00eener un d\u00e9p\u00f4t de cookies de la part de l\u2019op\u00e9rateur tiers qui l\u2019h\u00e9berge. Compte-tenu des choix que vous avez exprim\u00e9s en mati\u00e8re de d\u00e9p\u00f4t de cookies, nous avons bloqu\u00e9 l\u2019affichage de ce contenu. Si vous souhaitez y acc\u00e9der, vous devez accepter la cat\u00e9gorie de cookies \u201cContenus tiers\u201d en cliquant sur le bouton ci-dessous. <\/p>\n<p> Lire la Vid\u00e9o        <\/p>\n<p class=\"asset asset-text\">Parfois, l\u2019inventivit\u00e9 des ados surprend m\u00eames les parents. Le fils de Simon, afin de se simplifier la vie, s\u2019est tout simplement achet\u00e9 un autre smartphone. \u00ab\u00a0Un jour, j\u2019ai regard\u00e9 son temps d\u2019\u00e9cran et un deuxi\u00e8me compte apparaissait, avec un iPhone 7. Il s\u2019\u00e9tait achet\u00e9 un vieux t\u00e9l\u00e9phone \u00e0 30\u00a0\u20ac sur Internet et il avait mis sa Sim dedans. Mais s\u2019il n\u2019avait utilis\u00e9 que le wifi, je ne m\u2019en serais pas rendu compte\u00a0\u00bb, explique-t-il.<\/p>\n<p class=\"asset asset-text\">Autant de techniques adolescentes qui interrogent. Alors <a href=\"https:\/\/www.huffingtonpost.fr\/life\/article\/interdire-tiktok-avant-15-ans-pourquoi-la-mesure-choc-a-de-plus-en-plus-de-partisans-en-france_254685.html\" target=\"_blank\" rel=\"noopener\">qu\u2019un rapport parlementaire pr\u00e9conise l\u2019interdiction<\/a> totale des r\u00e9seaux sociaux avant quinze ans et la mise en place d\u2019un couvre-feu num\u00e9rique pour les quinze-dix-huit ans, est-il possible pour des adultes, avec ou sans renfort l\u00e9gal, de r\u00e9ussir \u00e0 restreindre les adolescents sur des technologies avec lesquelles ceux-ci sont n\u00e9s\u00a0? C\u2019est en tout cas <a href=\"https:\/\/www.huffingtonpost.fr\/life\/article\/bloquer-internet-sur-son-telephone-meme-quelques-jours-est-bon-pour-la-sante-mentale_246727.html\" target=\"_blank\" rel=\"noopener\">une question de sant\u00e9 publique<\/a>.<\/p>\n<p class=\"asset asset-text\">* Le pr\u00e9nom a \u00e9t\u00e9 modifi\u00e9<\/p>\n","protected":false},"excerpt":{"rendered":"Les adolescents trouvent toujours des moyens de contourner les r\u00e8gles des parents. L\u2019acc\u00e8s au smartphone n\u2019y \u00e9chappe pas.&hellip;\n","protected":false},"author":2,"featured_media":387395,"comment_status":"","ping_status":"","sticky":false,"template":"","format":"standard","meta":{"footnotes":""},"categories":[4],"tags":[11,5215,20210,1719,1011,27,5656,12,5791,25,724],"class_list":{"0":"post-387394","1":"post","2":"type-post","3":"status-publish","4":"format-standard","5":"has-post-thumbnail","7":"category-france","8":"tag-actualites","9":"tag-adolescence","10":"tag-ecrans","11":"tag-enfants","12":"tag-fr","13":"tag-france","14":"tag-life","15":"tag-news","16":"tag-relation-parent-enfant","17":"tag-republique-francaise","18":"tag-smartphone"},"share_on_mastodon":{"url":"https:\/\/pubeurope.com\/@fr\/115196048542477137","error":""},"_links":{"self":[{"href":"https:\/\/www.europesays.com\/fr\/wp-json\/wp\/v2\/posts\/387394","targetHints":{"allow":["GET"]}}],"collection":[{"href":"https:\/\/www.europesays.com\/fr\/wp-json\/wp\/v2\/posts"}],"about":[{"href":"https:\/\/www.europesays.com\/fr\/wp-json\/wp\/v2\/types\/post"}],"author":[{"embeddable":true,"href":"https:\/\/www.europesays.com\/fr\/wp-json\/wp\/v2\/users\/2"}],"replies":[{"embeddable":true,"href":"https:\/\/www.europesays.com\/fr\/wp-json\/wp\/v2\/comments?post=387394"}],"version-history":[{"count":0,"href":"https:\/\/www.europesays.com\/fr\/wp-json\/wp\/v2\/posts\/387394\/revisions"}],"wp:featuredmedia":[{"embeddable":true,"href":"https:\/\/www.europesays.com\/fr\/wp-json\/wp\/v2\/media\/387395"}],"wp:attachment":[{"href":"https:\/\/www.europesays.com\/fr\/wp-json\/wp\/v2\/media?parent=387394"}],"wp:term":[{"taxonomy":"category","embeddable":true,"href":"https:\/\/www.europesays.com\/fr\/wp-json\/wp\/v2\/categories?post=387394"},{"taxonomy":"post_tag","embeddable":true,"href":"https:\/\/www.europesays.com\/fr\/wp-json\/wp\/v2\/tags?post=387394"}],"curies":[{"name":"wp","href":"https:\/\/api.w.org\/{rel}","templated":true}]}}