{"id":387398,"date":"2025-09-13T08:30:14","date_gmt":"2025-09-13T08:30:14","guid":{"rendered":"https:\/\/www.europesays.com\/fr\/387398\/"},"modified":"2025-09-13T08:30:14","modified_gmt":"2025-09-13T08:30:14","slug":"un-psychiatre-confronte-a-un-retard-de-livraison","status":"publish","type":"post","link":"https:\/\/www.europesays.com\/fr\/387398\/","title":{"rendered":"un psychiatre confront\u00e9 \u00e0 un retard de livraison"},"content":{"rendered":"<p>Il se pr\u00e9sente \u00ab\u00a0comme un vieux de la vieille.\u00a0\u00bb \u00c0 68 ans, Didier Nore, psychiatre, consulte encore quelques jours par semaine dans son cabinet de Roche-la-Moli\u00e8re, o\u00f9 il a fait le choix de ne pas s\u2019\u00e9quiper de la t\u00e9l\u00e9transmission en ligne.<\/p>\n<p>Comme \u00ab\u00a0les arr\u00eats maladie font partie des soins\u00a0\u00bb, rappelle-t-il, il en prescrit r\u00e9guli\u00e8rement \u00e0 ses patients, \u00ab\u00a0des gens en grande souffrance et difficult\u00e9.\u00a0\u00bb Des arr\u00eats de l\u2019ancienne version qui n\u2019\u00e9taient, jusqu\u2019alors, pas vraiment s\u00e9curis\u00e9s.<\/p>\n<p>\u00ab\u00a0Au bout de trois semaines, j\u2019ai fait une requ\u00eate\u00a0\u00bb<\/p>\n<p>Face \u00e0 la <a href=\"https:\/\/www.leprogres.fr\/sante\/2025\/04\/09\/fraudes-a-la-cpam-8-23-millions-d-euros-en-2024-en-hausse-de-95\" target=\"_blank\" rel=\"noopener\">multiplication des fraudes aux&#8230;<\/a><\/p>\n","protected":false},"excerpt":{"rendered":"Il se pr\u00e9sente \u00ab\u00a0comme un vieux de la vieille.\u00a0\u00bb \u00c0 68 ans, Didier Nore, psychiatre, consulte encore quelques&hellip;\n","protected":false},"author":2,"featured_media":387399,"comment_status":"","ping_status":"","sticky":false,"template":"","format":"standard","meta":{"footnotes":""},"categories":[9653],"tags":[1111,11,2430,7539,1777,674,107,1011,27,3367,12,25,12490,12491,4001,71,104],"class_list":{"0":"post-387398","1":"post","2":"type-post","3":"status-publish","4":"format-standard","5":"has-post-thumbnail","7":"category-saint-etienne","8":"tag-actu","9":"tag-actualites","10":"tag-auvergne-rhone-alpes","11":"tag-edition-loire-sud","12":"tag-eu","13":"tag-europe","14":"tag-fil-info","15":"tag-fr","16":"tag-france","17":"tag-loire","18":"tag-news","19":"tag-republique-francaise","20":"tag-roche-la-moliere","21":"tag-roche-la-moliere-bassin","22":"tag-saint-etienne","23":"tag-sante","24":"tag-societe"},"share_on_mastodon":{"url":"https:\/\/pubeurope.com\/@fr\/115196056289347056","error":""},"_links":{"self":[{"href":"https:\/\/www.europesays.com\/fr\/wp-json\/wp\/v2\/posts\/387398","targetHints":{"allow":["GET"]}}],"collection":[{"href":"https:\/\/www.europesays.com\/fr\/wp-json\/wp\/v2\/posts"}],"about":[{"href":"https:\/\/www.europesays.com\/fr\/wp-json\/wp\/v2\/types\/post"}],"author":[{"embeddable":true,"href":"https:\/\/www.europesays.com\/fr\/wp-json\/wp\/v2\/users\/2"}],"replies":[{"embeddable":true,"href":"https:\/\/www.europesays.com\/fr\/wp-json\/wp\/v2\/comments?post=387398"}],"version-history":[{"count":0,"href":"https:\/\/www.europesays.com\/fr\/wp-json\/wp\/v2\/posts\/387398\/revisions"}],"wp:featuredmedia":[{"embeddable":true,"href":"https:\/\/www.europesays.com\/fr\/wp-json\/wp\/v2\/media\/387399"}],"wp:attachment":[{"href":"https:\/\/www.europesays.com\/fr\/wp-json\/wp\/v2\/media?parent=387398"}],"wp:term":[{"taxonomy":"category","embeddable":true,"href":"https:\/\/www.europesays.com\/fr\/wp-json\/wp\/v2\/categories?post=387398"},{"taxonomy":"post_tag","embeddable":true,"href":"https:\/\/www.europesays.com\/fr\/wp-json\/wp\/v2\/tags?post=387398"}],"curies":[{"name":"wp","href":"https:\/\/api.w.org\/{rel}","templated":true}]}}