{"id":387402,"date":"2025-09-13T08:32:14","date_gmt":"2025-09-13T08:32:14","guid":{"rendered":"https:\/\/www.europesays.com\/fr\/387402\/"},"modified":"2025-09-13T08:32:14","modified_gmt":"2025-09-13T08:32:14","slug":"anne-sinclair-guillaume-gallienne-laurent-gaude-en-vedettes-revivez-ce-premier-jour-de-salon-en-images","status":"publish","type":"post","link":"https:\/\/www.europesays.com\/fr\/387402\/","title":{"rendered":"Anne Sinclair, Guillaume Gallienne, Laurent Gaud\u00e9 en vedettes, revivez ce premier jour de salon en images"},"content":{"rendered":"<p>La premi\u00e8re journ\u00e9e du Livre sur la Place a d\u00e9j\u00e0 vu du beau monde sous le chapiteau et sur ses abords. Anne Sinclair et Guillaume Gallienne le pr\u00e9sident de cette 47e \u00e9diton \u00e9taient pr\u00e9sents d\u00e8s l&rsquo;inauguration officielle. Et les lecteurs ont \u00e9t\u00e9 au rendez-vous, parfois m\u00eame trop nombreux \u00e0 l&rsquo;entr\u00e9e du grand salon de l&rsquo;h\u00f4tel de ville. Replongez dans l&rsquo;ambiance de la journ\u00e9e.<\/p>\n","protected":false},"excerpt":{"rendered":"La premi\u00e8re journ\u00e9e du Livre sur la Place a d\u00e9j\u00e0 vu du beau monde sous le chapiteau et&hellip;\n","protected":false},"author":2,"featured_media":387403,"comment_status":"","ping_status":"","sticky":false,"template":"","format":"standard","meta":{"footnotes":""},"categories":[9635],"tags":[1111,11,1704,1777,674,1011,27,5325,2798,775,22382,2410,3457,1702,12,3456,25,273,104],"class_list":{"0":"post-387402","1":"post","2":"type-post","3":"status-publish","4":"format-standard","5":"has-post-thumbnail","7":"category-nancy","8":"tag-actu","9":"tag-actualites","10":"tag-edition-nancy-et-agglomeration","11":"tag-eu","12":"tag-europe","13":"tag-fr","14":"tag-france","15":"tag-galerie-media","16":"tag-galerie-photo","17":"tag-grand-est","18":"tag-le-livre-sur-la-place","19":"tag-livres-bd","20":"tag-meurthe-et-moselle","21":"tag-nancy","22":"tag-news","23":"tag-region-lorraine","24":"tag-republique-francaise","25":"tag-selection-de-la-redaction","26":"tag-societe"},"share_on_mastodon":{"url":"https:\/\/pubeurope.com\/@fr\/115196064183717120","error":""},"_links":{"self":[{"href":"https:\/\/www.europesays.com\/fr\/wp-json\/wp\/v2\/posts\/387402","targetHints":{"allow":["GET"]}}],"collection":[{"href":"https:\/\/www.europesays.com\/fr\/wp-json\/wp\/v2\/posts"}],"about":[{"href":"https:\/\/www.europesays.com\/fr\/wp-json\/wp\/v2\/types\/post"}],"author":[{"embeddable":true,"href":"https:\/\/www.europesays.com\/fr\/wp-json\/wp\/v2\/users\/2"}],"replies":[{"embeddable":true,"href":"https:\/\/www.europesays.com\/fr\/wp-json\/wp\/v2\/comments?post=387402"}],"version-history":[{"count":0,"href":"https:\/\/www.europesays.com\/fr\/wp-json\/wp\/v2\/posts\/387402\/revisions"}],"wp:featuredmedia":[{"embeddable":true,"href":"https:\/\/www.europesays.com\/fr\/wp-json\/wp\/v2\/media\/387403"}],"wp:attachment":[{"href":"https:\/\/www.europesays.com\/fr\/wp-json\/wp\/v2\/media?parent=387402"}],"wp:term":[{"taxonomy":"category","embeddable":true,"href":"https:\/\/www.europesays.com\/fr\/wp-json\/wp\/v2\/categories?post=387402"},{"taxonomy":"post_tag","embeddable":true,"href":"https:\/\/www.europesays.com\/fr\/wp-json\/wp\/v2\/tags?post=387402"}],"curies":[{"name":"wp","href":"https:\/\/api.w.org\/{rel}","templated":true}]}}