{"id":387406,"date":"2025-09-13T08:34:23","date_gmt":"2025-09-13T08:34:23","guid":{"rendered":"https:\/\/www.europesays.com\/fr\/387406\/"},"modified":"2025-09-13T08:34:23","modified_gmt":"2025-09-13T08:34:23","slug":"figure-de-la-culture-a-la-seyne-boualem-amedjout-sen-est-alle","status":"publish","type":"post","link":"https:\/\/www.europesays.com\/fr\/387406\/","title":{"rendered":"Figure de la culture \u00e0 La Seyne, Boualem Amedjout s\u2019en est all\u00e9"},"content":{"rendered":"<p>Celui que ses amis surnommaient \u00ab\u00a0Boul\u00a0\u00bb est d\u00e9c\u00e9d\u00e9 jeudi soir \u00e0 l\u2019\u00e2ge de 67 ans des suites d\u2019une longue maladie. Bouelem Amedjout \u00e9tait n\u00e9 en 1958 et a grandi \u00e0 Six-Fours, o\u00f9 il a fait toute sa scolarit\u00e9, avant d\u2019encha\u00eener sur une formation de dessinateur industriel. Apr\u00e8s avoir \u00e9t\u00e9 un temps d\u00e9m\u00e9nageur, au sein de la soci\u00e9t\u00e9 Sauvat, il a \u00e9t\u00e9 embauch\u00e9 en 1980 \u00e0 la mairie de La Seyne, o\u00f9 il restera durant quarante ans.<\/p>\n<p>\u00ab\u00a0Boul a d\u2019abord travaill\u00e9 au mus\u00e9e de la mer qui \u00e9tait install\u00e9 avenue Garibaldi, o\u00f9 il s\u2019occupait des aquariums, raconte Pascal Scat\u00e9na, photographe de la Ville et ami de longue date. Par la suite, il a rejoint le service de l\u2019\u00e9tat-civil, puis celui de la culture\u00a0\u00bb.<\/p>\n<p>En parall\u00e8le, celui qui \u00e9tait passionn\u00e9 de musique, de photo et de th\u00e9\u00e2tre, est \u00e0 cette \u00e9poque aux c\u00f4t\u00e9s de G\u00e9rard Rinaldi (Tonton Dg\u00e9) et Henry Bergia alias Henry Bi, avec qui il fonde l\u2019association L\u00e9zard, vou\u00e9e \u00e0 organiser des \u00e9v\u00e9nements culturels, antichambre de la 7e Vague et du caf\u00e9-th\u00e9\u00e2tre \u00e9ponyme, rue Berny, d\u00e9di\u00e9 \u00e0 la promotion du spectacle vivant et de la contre-culture.<\/p>\n<p>\u00ab\u00a0Il adorait faire d\u00e9couvrir des artistes\u00a0\u00bb<\/p>\n<p>Dans les ann\u00e9es 1980, Boualem Amedjout fait \u00e9galement partie de l\u2019aventure des radios libres. \u00ab\u00a0Il animait alors une \u00e9mission sur les ondes de Radio La Seyne, petite station install\u00e9e \u00e0 La Dominante. Il adorait faire d\u00e9couvrir des artistes que personne ne connaissait\u00a0\u00bb, se souvient Pascal Scat\u00e9na. Une passion avec laquelle il renouera quelques ann\u00e9es plus tard en programmant des concerts rock \u00e0 la salle Apollinaire.<\/p>\n<p>Affect\u00e9 durant plusieurs ann\u00e9es au centre culturel Tisot, \u00e0 Berthe, Boualem va ensuite prendre du galon en \u00e9tant nomm\u00e9 responsable de la direction artistique puis responsable de la programmation de spectacles vivants.<\/p>\n<p>Il organise notamment, en collaboration avec le Conservatoire de musique, la programmation des \u00ab\u00a0Dimanches matins po\u00e9tiques\u00a0\u00bb, permettant \u00e0 de jeunes artistes de se produire rue Taylor, au centre-ville.<\/p>\n<p>L\u2019initiateur des Vendredis de Bourradet<\/p>\n<p>Surtout, de 2013 \u00e0 2019, Boualem initie et assure la programmation d\u2019un rendez-vous dont le succ\u00e8s n\u2019aura cess\u00e9 de cro\u00eetre au fil des \u00e9ditions: les Vendredis de Bourradet. Sur cette place du centre ancien, am\u00e9nag\u00e9e en salle de spectacle de plein air, des dizaines d\u2019artistes reconnus ou \u00e9mergents ont ainsi \u00e9t\u00e9 accueillies durant la saison estivale, chaque vendredi soir, lors de concerts gratuits.<\/p>\n<p>\u00ab\u00a0Boualem \u00e9tait tr\u00e8s investi; il parcourait tout le quart Sud-Est pour aller voir des groupes de musique et les ramener \u00e0 Bourradet, se souvient Eric Marro, adjoint au maire d\u00e9l\u00e9gu\u00e9 \u00e0 la culture de 2014 \u00e0 2020. Les Tr\u00e9teaux de Bourradet correspondaient bien \u00e0 son image: festive, qualitative et populaire en m\u00eame temps.\u00a0\u00bb Mais l\u2019aventure s\u2019est arr\u00eat\u00e9e brutalement avec le changement de municipalit\u00e9, quelques mois avant que Boualem ne prenne sa retraite.<\/p>\n<p>\u00ab\u00a0Il y croyait tellement qu\u2019on \u00e9tait oblig\u00e9 de le suivre!\u00a0\u00bb<\/p>\n<p>Reconnu par beaucoup comme \u00ab\u00a0quelqu\u2019un de tr\u00e8s accessible\u00a0\u00bb et de \u00ab\u00a0tr\u00e8s ouvert aux autres\u00a0\u00bb, Boualem Amedjout n\u2019en avait pas moins un fort caract\u00e8re. \u00ab\u00a0Je l\u2019ai connu quand il a commenc\u00e9 \u00e0 travailler \u00e0 Tisot alors que j\u2019\u00e9tais enseignant au coll\u00e8ge Wallon, raconte Marc Vuillemot, ex-maire de La Seyne. Au service culture, il pouvait \u00eatre insistant mais croyait tellement \u00e0 ce qu\u2019il faisait qu\u2019on \u00e9tait oblig\u00e9 de le suivre! Il laissait peu de place \u00e0 la discussion, mais il avait une lecture pertinente du besoin. Et quand il a initi\u00e9 les Tr\u00e9teaux de Bourradet, le r\u00e9sultat a vite \u00e9t\u00e9 \u00e0 la hauteur de ce qui aurait pu \u00eatre envisag\u00e9.\u00a0\u00bb<\/p>\n<p>\u00ab\u00a0J\u2019ai toujours \u00e9t\u00e9 marqu\u00e9 par son caract\u00e8re et son charisme, reprend Pascal Scat\u00e9na. C\u2019\u00e9tait un mec int\u00e8gre, droit, sans compromis, et toujours en lutte pour faire passer ses id\u00e9es en mati\u00e8re de culture au sens large. Son d\u00e9part est une grande perte pour la culture et pour ses proches bien s\u00fbr.\u00a0\u00bb<\/p>\n<p>Des qualit\u00e9s lou\u00e9es \u00e9galement par Hicham Mrabit, ancien propri\u00e9taire du Caf\u00e9 des arts, rue Cyrus-Hugues: \u00ab\u00a0C\u2019est ici qu\u2019il a fait \u00e9merger l\u2019id\u00e9e des Tr\u00e9teaux de Bourradet. Je l\u2019appr\u00e9ciais beaucoup, c\u2019\u00e9tait un homme avec plein de belles valeurs, toujours juste et tr\u00e8s professionnel. Il avait une v\u00e9ritable connaissance de la musique, du th\u00e9\u00e2tre et de la culture en g\u00e9n\u00e9ral, dans laquelle il baignait.\u00a0\u00bb<\/p>\n<p>Si la date des obs\u00e8ques de Boualem Amedjout n\u2019\u00e9tait pas connue \u00e0 l\u2019heure o\u00f9 cet article \u00e9tait \u00e9crit, plusieurs de ses amis ont d\u00e9j\u00e0 \u00e9voqu\u00e9 leur souhait d\u2019organiser \u00ab\u00a0un \u00e9v\u00e9nement musical et artistique\u00a0\u00bb afin de lui rendre hommage.<\/p>\n","protected":false},"excerpt":{"rendered":"Celui que ses amis surnommaient \u00ab\u00a0Boul\u00a0\u00bb est d\u00e9c\u00e9d\u00e9 jeudi soir \u00e0 l\u2019\u00e2ge de 67 ans des suites d\u2019une&hellip;\n","protected":false},"author":2,"featured_media":387407,"comment_status":"","ping_status":"","sticky":false,"template":"","format":"standard","meta":{"footnotes":""},"categories":[9619],"tags":[1111,11,1777,674,1011,27,937,12,882,25,2310,3366],"class_list":{"0":"post-387406","1":"post","2":"type-post","3":"status-publish","4":"format-standard","5":"has-post-thumbnail","7":"category-toulon","8":"tag-actu","9":"tag-actualites","10":"tag-eu","11":"tag-europe","12":"tag-fr","13":"tag-france","14":"tag-histoire","15":"tag-news","16":"tag-provence-alpes-cote-dazur","17":"tag-republique-francaise","18":"tag-toulon","19":"tag-vie-locale"},"share_on_mastodon":{"url":"https:\/\/pubeurope.com\/@fr\/115196072110122266","error":""},"_links":{"self":[{"href":"https:\/\/www.europesays.com\/fr\/wp-json\/wp\/v2\/posts\/387406","targetHints":{"allow":["GET"]}}],"collection":[{"href":"https:\/\/www.europesays.com\/fr\/wp-json\/wp\/v2\/posts"}],"about":[{"href":"https:\/\/www.europesays.com\/fr\/wp-json\/wp\/v2\/types\/post"}],"author":[{"embeddable":true,"href":"https:\/\/www.europesays.com\/fr\/wp-json\/wp\/v2\/users\/2"}],"replies":[{"embeddable":true,"href":"https:\/\/www.europesays.com\/fr\/wp-json\/wp\/v2\/comments?post=387406"}],"version-history":[{"count":0,"href":"https:\/\/www.europesays.com\/fr\/wp-json\/wp\/v2\/posts\/387406\/revisions"}],"wp:featuredmedia":[{"embeddable":true,"href":"https:\/\/www.europesays.com\/fr\/wp-json\/wp\/v2\/media\/387407"}],"wp:attachment":[{"href":"https:\/\/www.europesays.com\/fr\/wp-json\/wp\/v2\/media?parent=387406"}],"wp:term":[{"taxonomy":"category","embeddable":true,"href":"https:\/\/www.europesays.com\/fr\/wp-json\/wp\/v2\/categories?post=387406"},{"taxonomy":"post_tag","embeddable":true,"href":"https:\/\/www.europesays.com\/fr\/wp-json\/wp\/v2\/tags?post=387406"}],"curies":[{"name":"wp","href":"https:\/\/api.w.org\/{rel}","templated":true}]}}