{"id":387419,"date":"2025-09-13T08:41:24","date_gmt":"2025-09-13T08:41:24","guid":{"rendered":"https:\/\/www.europesays.com\/fr\/387419\/"},"modified":"2025-09-13T08:41:24","modified_gmt":"2025-09-13T08:41:24","slug":"le-stade-vercors-a-labandon-aussi","status":"publish","type":"post","link":"https:\/\/www.europesays.com\/fr\/387419\/","title":{"rendered":"LE STADE VERCORS \u00c0 L&rsquo;ABANDON AUSSI"},"content":{"rendered":"<p>Posted On 13 septembre 2025 <\/p>\n<p style=\"text-align: justify;\">Apr\u00e8s le FCG Rugby vent debout contre la gestion catastrophique du Stade des Alpes, c&rsquo;est au tour du GF38 de se r\u00e9volter aussi contre l&rsquo;abandon dont il est l&rsquo;objet. C&rsquo;est parti des supporters, les Red Kaos qui ont d\u00e9nonc\u00e9 sur les r\u00e9seaux le non entretien des installations, la v\u00e9tust\u00e9 du stade Vercors.<\/p>\n<p style=\"text-align: justify;\">Ladjel Guebbabi, pr\u00e9sident de l&rsquo;association du GF38 s&rsquo;en est expliqu\u00e9 publiquement par la voie d&rsquo;un communiqu\u00e9, reconnaissant une situation intenable pour le foot.<\/p>\n<p><a href=\"https:\/\/grenoble-le-changement.fr\/wp-content\/uploads\/2025\/09\/Capture-de\u0301cran-2025-09-12-a\u0300-12.31.06.png\" rel=\"lightbox[84645] noopener\" target=\"_blank\"><img decoding=\"async\" data-id=\"84646\" src=\"https:\/\/grenoble-le-changement.fr\/wp-content\/uploads\/2025\/09\/Capture-de\u0301cran-2025-09-12-a\u0300-12.31.06-1024x763.png\" alt=\"\" class=\"wp-image-84646 jetpack-lazy-image\" data-lazy-src=\"https:\/\/www.europesays.com\/fr\/wp-content\/uploads\/2025\/09\/Capture-de\u0301cran-2025-09-12-a\u0300-12.31.06-1024x763.png\" \/><\/a><br \/>\nGrenoble, l&rsquo;\u00e9tat du stade Vercors pendant que la candidate de Piolle, <a href=\"https:\/\/grenoble-le-changement.fr\/2025\/05\/26\/scop-alma-que-fait-laurence-ruffin-verts-lfi-des-2-5-millions-d-e-de-resultats\/\" target=\"_blank\" rel=\"noopener\">Laurence Ruffin (Verts\/LFI) demande<\/a> \u00ab\u00a0\u00e0 quoi r\u00eavent les grenoblois ?&#8230;\u00a0\u00bb<\/p>\n<p><strong>\u00ab\u00a0L&rsquo;\u00c9TAT DES VESTIAIRES ET DES LOCAUX INDIGNE DE TOUT CLUB\u00a0\u00bb<\/strong><\/p>\n<p style=\"text-align: justify;\">\u00ab Le club souhaite rappeler qu\u2019il partage pleinement cette pr\u00e9occupation et qu\u2019il a, \u00e0 de nombreuses reprises, alert\u00e9 la municipalit\u00e9 sur l\u2019\u00e9tat d\u00e9grad\u00e9 et indigne de ces infrastructures, sans qu\u2019aucune mesure concr\u00e8te n\u2019ait \u00e9t\u00e9 prise jusqu\u2019\u00e0 pr\u00e9sent. Nous r\u00e9affirmons que l\u2019\u00e9tat des vestiaires et des locaux, partag\u00e9s avec plusieurs clubs de la ville, est indigne de tout club, et que le terrain synth\u00e9tique de la Poterne est aujourd\u2019hui dangereux pour l\u2019ensemble des clubs grenoblois qui l\u2019utilisent\u00a0\u00bb \u00e9crit le Pr\u00e9sident (DL 9\/9\/25).<\/p>\n<p style=\"text-align: justify;\"><strong>UN CLUB REFUSE DE DISPUTER UN MATCH COMPTE TENU DU TERRAIN\u00a0<\/strong><\/p>\n<p style=\"text-align: justify;\">Ajoutant : \u00ab Preuve suppl\u00e9mentaire de cette d\u00e9gradation : le club du Servette de Gen\u00e8ve a refus\u00e9 de disputer un match amical face \u00e0 notre \u00e9quipe r\u00e9serve au mois d\u2019ao\u00fbt, apr\u00e8s avoir constat\u00e9 l\u2019\u00e9tat du terrain et de nos installations.Le GF38, avec le soutien de ses membres les plus actifs, a d\u00e9j\u00e0 pris sur lui de r\u00e9aliser certaines r\u00e9novations : les bureaux des coaches ont \u00e9t\u00e9 int\u00e9gralement remis en \u00e9tat et la r\u00e9novation des vestiaires de l\u2019\u00e9quipe r\u00e9serve est en cours. Mais ces initiatives ne peuvent remplacer les responsabilit\u00e9s qui incombent aux autorit\u00e9s comp\u00e9tentes. \u00bb<\/p>\n<p style=\"text-align: justify;\">En langage tr\u00e8s mod\u00e9r\u00e9 ces choses graves sont exprim\u00e9es. Mais elles demeurent. Le hasard a voulu qu&rsquo;Alain Carignon effectue une visite aux stades Vercors et Stijovic le samedi 30 ao\u00fbt dernier. Le leader de l&rsquo;opposition voulait interpeller la municipalit\u00e9 au prochain Conseil Municipal.<\/p>\n<p><img decoding=\"async\" data-id=\"84595\" src=\"https:\/\/grenoble-le-changement.fr\/wp-content\/uploads\/2025\/09\/Capture-de\u0301cran-2025-09-09-a\u0300-21.19.38.png\" alt=\"\" class=\"wp-image-84595 jetpack-lazy-image\" data-lazy-src=\"https:\/\/www.europesays.com\/fr\/wp-content\/uploads\/2025\/09\/Capture-de\u0301cran-2025-09-09-a\u0300-21.19.38.png\" \/><\/p>\n<p><img decoding=\"async\" data-id=\"84580\" src=\"https:\/\/grenoble-le-changement.fr\/wp-content\/uploads\/2025\/09\/resto-musee-ferme.png\" alt=\"\" class=\"wp-image-84580 jetpack-lazy-image\" data-lazy-src=\"https:\/\/www.europesays.com\/fr\/wp-content\/uploads\/2025\/09\/resto-musee-ferme.png\" \/><br \/>\n<a href=\"https:\/\/grenoble-le-changement.fr\/2024\/10\/09\/abbaye-le-projet-de-logements-verra-t-il-le-jour\/\" target=\"_blank\" rel=\"noopener\">Le mirobolant projet de l&rsquo;Abbaye<\/a> annonc\u00e9 par Pierre-Andr\u00e9 Juven (Verts\/LFI) bloqu\u00e9, le choix des amis pour <a href=\"https:\/\/grenoble-le-changement.fr\/2025\/09\/09\/restaurant-du-musee-la-desolation-et-lechec-de-la-municipalite\/\" target=\"_blank\" rel=\"noopener\">le restaurant du Mus\u00e9e<\/a> bloqu\u00e9&#8230; le sectarisme et l&rsquo;inefficacit\u00e9 municipale sont \u00e0 leur comble <\/p>\n<p><strong>OU VA L&rsquo;ARGENT DES GRENOBLOIS ET DES IMP\u00d4TS ?<\/strong><\/p>\n<p style=\"text-align: justify;\">O\u00f9 va l&rsquo;argent ? La question se pose avec de plus en plus d&rsquo;acuit\u00e9. 500 000 \u20ac pour r\u00e9fl\u00e9chir \u00e0 une future hypoth\u00e9tique <a href=\"https:\/\/grenoble-le-changement.fr\/2024\/02\/06\/securite-sociale-alimentaire-la-nouvelle-fumisterie-made-in-grenoble\/\" target=\"_blank\" rel=\"noopener\">\u00ab\u00a0s\u00e9curit\u00e9 sociale alimentaire\u00a0\u00bb <\/a>(!) port\u00e9 par le verbeux Antoine Back (Verts\/LFI), 2,4 millions d&rsquo;euros jet\u00e9s <a href=\"https:\/\/grenoble-le-changement.fr\/2024\/06\/22\/presquile-les-scandales-de-la-folie-verte-eclatent\/\" target=\"_blank\" rel=\"noopener\">sur le toit de l&rsquo;immeuble ABC<\/a> de la presqu&rsquo;ile pour une \u00ab\u00a0for\u00eat photovolta\u00efque\u00a0\u00bb qui ne fonctionnera jamais, 210 000 \u20ac pour un \u00ab\u00a0<a href=\"https:\/\/grenoble-le-changement.fr\/2020\/04\/11\/esplanade-210-000-e-sont-partis-en-fumee\/\" target=\"_blank\" rel=\"noopener\">observatoire du temps pr\u00e9sent\u00a0\u00bb<\/a> \u00e0 l&rsquo;esplanade, une des fulgurances du Grand Timonier, d\u00e9mont\u00e9 apr\u00e8s 3 mois,<a href=\"https:\/\/grenoble-le-changement.fr\/2025\/08\/26\/villeneuve-le-lavoir-a-tapis-est-jete-a-leau-70-000-e-envoles\/\" target=\"_blank\" rel=\"noopener\">\u00a0le lavoir \u00e0 tapis \u00e0 Villeneuve<\/a> (70 000 \u20ac) install\u00e9 et d\u00e9truit ou <a href=\"https:\/\/grenoble-le-changement.fr\/2021\/11\/16\/parc-mistral-110-000-e-pour-des-wc-a-eoliennes-inutilisables\/\" target=\"_blank\" rel=\"noopener\">l&rsquo;innovation des WC \u00e0 \u00e9oliennes<\/a> au parc Paul Mistral (110 000 \u20ac) qu&rsquo;on enl\u00e8ve ensuite, des millions d&rsquo;\u20ac pour des bacs \u00e0 sciure dans nos rues afin d&rsquo;\u00e9radiquer tout stationnement, qui deviennent des poubelles \u00e0 ciel ouvert, 500 000 \u20ac pour <a href=\"https:\/\/grenoble-le-changement.fr\/2025\/05\/28\/bide-de-la-biennale-la-municipalite-avoue-500-000-e-de-depenses\/\" target=\"_blank\" rel=\"noopener\">\u00ab\u00a0la Biennale des villes en transition\u00a0\u00bb <\/a>qui ne r\u00e9unit personne&#8230;<\/p>\n<p style=\"text-align: justify;\"><strong>PLUS UN SOU POUR R\u00c9PARER LES TROTTOIRS\u00a0<\/strong><\/p>\n<p style=\"text-align: justify;\">Pendant ce temps rien pour les t\u00e2ches courantes, entretenir un stade et des installations indispensables aux jeunes ou pour r\u00e9parer les trottoirs qui sont un pi\u00e8ge pour les personnes en fauteuil, les malvoyants, les ain\u00e9s entrainant des centaines d&rsquo;accidents corporels, pourrissant la vie quotidienne. <a href=\"https:\/\/grenoble-le-changement.fr\/2024\/09\/30\/il-ny-a-plus-dargent-pour-reparer-les-voiries-et-les-trottoirs\/\" target=\"_blank\" rel=\"noopener\">Il n&rsquo;y a plus un sou en 2026 pour les trottoirs<\/a> de la ville.<\/p>\n<p style=\"text-align: justify;\"><strong>LA MARIE-CHANTAL DE PIOLLE VOIT TOUT SUR L&rsquo;ILE DE KOMODO &#8230;<\/strong><\/p>\n<p style=\"text-align: justify;\">Perch\u00e9e, la Marie-Chantal <a href=\"https:\/\/grenoble-le-changement.fr\/2025\/09\/07\/la-candidature-de-laurence-ruffin-dechire-la-majorite-municipale\/\" target=\"_blank\" rel=\"noopener\">candidate de Piolle<\/a>, Laurence <a href=\"https:\/\/grenoble-le-changement.fr\/2024\/11\/23\/laurence-ruffin-verts-lfi-petits-mensonges-et-gros-sabots\/\" target=\"_blank\" rel=\"noopener\">Ruffin (Verts\/LFI)<\/a> se demande \u00ab\u00a0\u00e0 quoi r\u00eavent les grenoblois\u00a0\u00bb (!) apr\u00e8s avoir vu la mis\u00e8re en v\u00e9lo au Mali et sur l&rsquo;ile de Komodo \u00e0 l&rsquo;occasion de sa longue croisi\u00e8re en Asie. Une ile o\u00f9 une \u00ab\u00a0organisation de la soci\u00e9t\u00e9 donne tout son sens aux notions de collectivit\u00e9 et d&rsquo;\u00e9quit\u00e9\u00a0\u00bb. Le Guide du Routard, lui, voit plut\u00f4t dans cette ile \u00ab\u00a0ses spots de plong\u00e9e et de snorkeling et sa plastique d&rsquo;un matin du monde : un Jurassic Park en mer de Chine.\u00a0\u00bb<\/p>\n<p><img decoding=\"async\" data-id=\"84405\" src=\"https:\/\/grenoble-le-changement.fr\/wp-content\/uploads\/2025\/09\/Capture-de\u0301cran-2025-09-02-a\u0300-22.55.37.png\" alt=\"\" class=\"wp-image-84405 jetpack-lazy-image\" data-lazy-src=\"https:\/\/www.europesays.com\/fr\/wp-content\/uploads\/2025\/09\/Capture-de\u0301cran-2025-09-02-a\u0300-22.55.37.png\" \/><br \/>\nDe L&rsquo;ile de Komodo en Indon\u00e9sie o\u00f9 elle a pass\u00e9 6 mois, Laurence Ruffin, la candidate de Piolle, dit qu&rsquo;il s&rsquo;agit d&rsquo; \u00ab\u00a0une organisation de la soci\u00e9t\u00e9 qui donne tout son sens aux notions de collectivit\u00e9 et d&rsquo;\u00e9quit\u00e9\u00a0\u00bb. Le Guide du Routard, lui, la d\u00e9crit ainsi : \u00ab\u00a0le parc national de Komodo est mondialement c\u00e9l\u00e8bre pour ses \u00ab\u00a0dragons\u00a0\u00bb, ses spots de plong\u00e9e et de snorkeling et sa plastique d&rsquo;un matin du monde\u00a0: un\u00a0Jurassic Park\u00a0en mer de Chine.\u00a0\u00bb<\/p>\n<p><strong>MARGOT BELAIR (Verts\/LFI) SE RETIRE EN NE DISANT PAS TOUT <\/strong><\/p>\n<p style=\"text-align: justify;\">La question pos\u00e9e aux grenoblois par les \u00e9lections municipales est de savoir si ils vont continuer \u00e0 se laisser tromper par les discours hors sol ayant pour objet de camoufler incomp\u00e9tence, sectarisme et copinage. <a href=\"https:\/\/grenoble-le-changement.fr\/2025\/09\/06\/la-candidature-de-laurence-ruffin-empechee-par-lucille-lheureux-et-les-verts\/\" target=\"_blank\" rel=\"noopener\">Le retrait hier de Margot Belair,<\/a> Adjointe (Verts\/LFI) de la fausse comp\u00e9tition pour d\u00e9signer la t\u00eate de liste des Rouge\/Verts est un nouvel exemple de cet enfumage. Elle fait une claire allusion \u00ab\u00a0au patriarcat particuli\u00e8rement tenace en politique\u00a0\u00bb qui vise \u00e9videmment Eric Piolle lequel a d\u00e9sign\u00e9 Laurence Ruffin. Mais elle ne d\u00e9voile pas le dessous des cartes, les combines de l&rsquo;appareil <a href=\"https:\/\/grenoble-le-changement.fr\/2025\/02\/21\/piolle-vire-aussi-par-marine-tondelier-la-secretaire-nationale-des-ecolos\/\" target=\"_blank\" rel=\"noopener\">avec Marine Tondelier qui veut se venger de Piolle.<\/a><\/p>\n<p style=\"text-align: justify;\"><strong>LES ROUGE\/VERTS NE PARLENT QUE D&rsquo;EUX\u00a0<\/strong><\/p>\n<p style=\"text-align: justify;\">Dans son retrait pas un mot pour Grenoble, pour les grenoblois, pour leurs probl\u00e9matiques et leurs difficult\u00e9s. Comme tous les Verts, elle ne parle que d&rsquo;elle, de son exp\u00e9rience, de ce qui l&rsquo;a \u00ab\u00a0fait grandir\u00a0\u00bb. Ils sont le nombril du monde. Et pour elle, pour le\u00a0 prochain Maire, une femme, la seule t\u00e2che qu&rsquo;elle cite sera de \u00ab\u00a0lutter contre le patriarcat\u00a0\u00bb.\u00a0\u00a0<\/p>\n<p style=\"text-align: justify;\"><strong>SEUL LES INT\u00c9RESSE CE QUI MEUBLE LES CERVEAUX<\/strong><\/p>\n<p style=\"text-align: justify;\">Le Stade Vercors peut attendre. Pourtant les \u00e9quipes f\u00e9minines sont aussi nombreuses, \u00e0 succ\u00e8s dans ce stade. Les dossiers encalmin\u00e9s s&rsquo;entassent. Seules les luttes id\u00e9ologiques les pr\u00e9occupent. S&rsquo;occuper de ce qui meuble les cerveaux comme tous les politiques de culture totalitaire. <a href=\"https:\/\/grenoble-le-changement.fr\/2020\/04\/18\/le-temps-des-commentateurs\/\" target=\"_blank\" rel=\"noopener\">Depuis le d\u00e9but Piolle<\/a> veut \u00ab\u00a0d\u00e9confiner nos imaginaires\u00a0\u00bb. \u00ab\u00a0Occupe-toi de toi\u00a0\u00bb a-t-on envie de lui r\u00e9pondre.<\/p>\n<p style=\"text-align: justify;\"><strong>ALORS QUE SEULS LES TECHNIQUES ET LES MODES DE VIE CHANGENT TOUT\u00a0<\/strong><\/p>\n<p style=\"text-align: justify;\">Parce que, comme l&rsquo;a si bien d\u00e9velopp\u00e9 R\u00e9gis Debray, ce sont les techniques et les modes de vie qui modifient les comportements, pas les bourrages de cr\u00e2nes : par exemple le partage des t\u00e2ches m\u00e9nag\u00e8res et de la responsabilit\u00e9 des enfants doit tout au travail des femmes, rien aux incantations.<\/p>\n<p style=\"text-align: justify;\"><strong>RETROUVER LE RESPECT DES CITOYENS ET DE LA D\u00c9MOCRATIE<\/strong><\/p>\n<p style=\"text-align: justify;\">Le devoir des Grenoblois est de mettre fin \u00e0 cette tartufferie g\u00e9n\u00e9rale afin de retrouver des \u00e9lus locaux qui traitent des sujets pour lesquels ils sont \u00e9lus. Seule forme de respect des citoyens et de la d\u00e9mocratie.\u00a0<\/p>\n","protected":false},"excerpt":{"rendered":"Posted On 13 septembre 2025 Apr\u00e8s le FCG Rugby vent debout contre la gestion catastrophique du Stade des&hellip;\n","protected":false},"author":2,"featured_media":387420,"comment_status":"","ping_status":"","sticky":false,"template":"","format":"standard","meta":{"footnotes":""},"categories":[9566],"tags":[1111,11,9601,10129,2430,9607,1777,674,1011,27,21780,2731,51990,10136,10612,10613,4729,12,10138,51991,25],"class_list":{"0":"post-387419","1":"post","2":"type-post","3":"status-publish","4":"format-standard","5":"has-post-thumbnail","7":"category-grenoble","8":"tag-actu","9":"tag-actualites","10":"tag-alain-carignon","11":"tag-antoine-back","12":"tag-auvergne-rhone-alpes","13":"tag-eric-piolle","14":"tag-eu","15":"tag-europe","16":"tag-fr","17":"tag-france","18":"tag-gf38","19":"tag-grenoble","20":"tag-ladjel-guebbabi","21":"tag-laurence-ruffin","22":"tag-lucille-lheureux","23":"tag-margot-belair","24":"tag-marine-tondelier","25":"tag-news","26":"tag-pierre-andre-juven","27":"tag-red-kaos","28":"tag-republique-francaise"},"share_on_mastodon":{"url":"https:\/\/pubeurope.com\/@fr\/115196100058073768","error":""},"_links":{"self":[{"href":"https:\/\/www.europesays.com\/fr\/wp-json\/wp\/v2\/posts\/387419","targetHints":{"allow":["GET"]}}],"collection":[{"href":"https:\/\/www.europesays.com\/fr\/wp-json\/wp\/v2\/posts"}],"about":[{"href":"https:\/\/www.europesays.com\/fr\/wp-json\/wp\/v2\/types\/post"}],"author":[{"embeddable":true,"href":"https:\/\/www.europesays.com\/fr\/wp-json\/wp\/v2\/users\/2"}],"replies":[{"embeddable":true,"href":"https:\/\/www.europesays.com\/fr\/wp-json\/wp\/v2\/comments?post=387419"}],"version-history":[{"count":0,"href":"https:\/\/www.europesays.com\/fr\/wp-json\/wp\/v2\/posts\/387419\/revisions"}],"wp:featuredmedia":[{"embeddable":true,"href":"https:\/\/www.europesays.com\/fr\/wp-json\/wp\/v2\/media\/387420"}],"wp:attachment":[{"href":"https:\/\/www.europesays.com\/fr\/wp-json\/wp\/v2\/media?parent=387419"}],"wp:term":[{"taxonomy":"category","embeddable":true,"href":"https:\/\/www.europesays.com\/fr\/wp-json\/wp\/v2\/categories?post=387419"},{"taxonomy":"post_tag","embeddable":true,"href":"https:\/\/www.europesays.com\/fr\/wp-json\/wp\/v2\/tags?post=387419"}],"curies":[{"name":"wp","href":"https:\/\/api.w.org\/{rel}","templated":true}]}}