{"id":387421,"date":"2025-09-13T08:42:20","date_gmt":"2025-09-13T08:42:20","guid":{"rendered":"https:\/\/www.europesays.com\/fr\/387421\/"},"modified":"2025-09-13T08:42:20","modified_gmt":"2025-09-13T08:42:20","slug":"eau-potable-en-danger-en-ille-et-vilaine-loffensive-discrete-de-la-fnsea","status":"publish","type":"post","link":"https:\/\/www.europesays.com\/fr\/387421\/","title":{"rendered":"Eau potable en danger en Ille-et-Vilaine : l\u2019offensive discr\u00e8te de la FNSEA"},"content":{"rendered":"<p>Abonn\u00e9s<\/p>\n<p>            Guerre de l\u2019eau\u00a0: enqu\u00eate sur l\u2019intense lobbying de la FNSEA en Ille-et-Vilaine [Vid\u00e9o]<\/p>\n<p class=\"tlg-lead tlg-p1\">1,5\u00a0million d\u2019habitants sont concern\u00e9s. La FNSEA, syndicat majoritaire du monde agricole, a lanc\u00e9 une vaste campagne d\u2019influence pour tenter de bloquer la r\u00e9vision du Sch\u00e9ma de gestion de l\u2019eau de la Vilaine, le Sage-Vilaine, \u00e0 quelques mois de son entr\u00e9e en vigueur. Il vise, notamment, \u00e0 limiter l\u2019usage des pesticides sur les zones de captage.<\/p>\n","protected":false},"excerpt":{"rendered":"Abonn\u00e9s Guerre de l\u2019eau\u00a0: enqu\u00eate sur l\u2019intense lobbying de la FNSEA en Ille-et-Vilaine [Vid\u00e9o] 1,5\u00a0million d\u2019habitants sont concern\u00e9s.&hellip;\n","protected":false},"author":2,"featured_media":387422,"comment_status":"","ping_status":"","sticky":false,"template":"","format":"standard","meta":{"footnotes":""},"categories":[2821],"tags":[1111,11,34929,829,41440,1777,674,1011,27,12,584,25],"class_list":{"0":"post-387421","1":"post","2":"type-post","3":"status-publish","4":"format-standard","5":"has-post-thumbnail","7":"category-rennes","8":"tag-actu","9":"tag-actualites","10":"tag-bloc-dossier-rennes","11":"tag-bretagne","12":"tag-decode-la-bretagne","13":"tag-eu","14":"tag-europe","15":"tag-fr","16":"tag-france","17":"tag-news","18":"tag-rennes","19":"tag-republique-francaise"},"share_on_mastodon":{"url":"https:\/\/pubeurope.com\/@fr\/115196103558031366","error":""},"_links":{"self":[{"href":"https:\/\/www.europesays.com\/fr\/wp-json\/wp\/v2\/posts\/387421","targetHints":{"allow":["GET"]}}],"collection":[{"href":"https:\/\/www.europesays.com\/fr\/wp-json\/wp\/v2\/posts"}],"about":[{"href":"https:\/\/www.europesays.com\/fr\/wp-json\/wp\/v2\/types\/post"}],"author":[{"embeddable":true,"href":"https:\/\/www.europesays.com\/fr\/wp-json\/wp\/v2\/users\/2"}],"replies":[{"embeddable":true,"href":"https:\/\/www.europesays.com\/fr\/wp-json\/wp\/v2\/comments?post=387421"}],"version-history":[{"count":0,"href":"https:\/\/www.europesays.com\/fr\/wp-json\/wp\/v2\/posts\/387421\/revisions"}],"wp:featuredmedia":[{"embeddable":true,"href":"https:\/\/www.europesays.com\/fr\/wp-json\/wp\/v2\/media\/387422"}],"wp:attachment":[{"href":"https:\/\/www.europesays.com\/fr\/wp-json\/wp\/v2\/media?parent=387421"}],"wp:term":[{"taxonomy":"category","embeddable":true,"href":"https:\/\/www.europesays.com\/fr\/wp-json\/wp\/v2\/categories?post=387421"},{"taxonomy":"post_tag","embeddable":true,"href":"https:\/\/www.europesays.com\/fr\/wp-json\/wp\/v2\/tags?post=387421"}],"curies":[{"name":"wp","href":"https:\/\/api.w.org\/{rel}","templated":true}]}}