{"id":387423,"date":"2025-09-13T08:43:09","date_gmt":"2025-09-13T08:43:09","guid":{"rendered":"https:\/\/www.europesays.com\/fr\/387423\/"},"modified":"2025-09-13T08:43:09","modified_gmt":"2025-09-13T08:43:09","slug":"dans-ce-quartier-de-rennes-le-traditionnel-vide-greniers-aux-1-000-stands-revient-ce-week-end","status":"publish","type":"post","link":"https:\/\/www.europesays.com\/fr\/387423\/","title":{"rendered":"Dans ce quartier de Rennes, le traditionnel vide-greniers aux 1 000 stands revient ce week-end"},"content":{"rendered":"<p>            Par<br \/>\n        <strong><br \/>\n            <a href=\"https:\/\/actu.fr\/auteur\/laurene-fertin\" title=\"Consulter tous les articles de Laur\u00e8ne Fertin\" rel=\"nofollow noopener\" target=\"_blank\">Laur\u00e8ne Fertin<\/a><br \/>\n        <\/strong><\/p>\n<p>        Publi\u00e9 le<\/p>\n<p>            13 sept. 2025 \u00e0 10h32        <\/p>\n<p>De 8h \u00e0 18h, <strong>le quartier La Touche<\/strong> \u00e0 Rennes laisse place \u00e0 <strong>un vide-greniers<\/strong> dimanche 14\u00a0septembre 2025.<\/p>\n<p class=\" wall-content\">Au menu de cette journ\u00e9e m\u00ealant \u00ab\u2009rencontres\u2009\u00bb et \u00ab\u2009convivialit\u00e9\u2009\u00bb\u2009: des stands de rafra\u00eechissements, de la restauration et environ<strong> 1\u2009000 vendeurs<\/strong> avec qui faire de bonnes affaires.<\/p>\n<p>Des b\u00e9n\u00e9voles recherch\u00e9s<\/p>\n<p class=\" wall-content\"><a href=\"https:\/\/www.mqlt.fr\/vide-grenier\/\" rel=\"nofollow noopener\" target=\"_blank\">Comme l\u2019indique La maison de quartier La Touche<\/a>, qui organise cet \u00e9v\u00e9nement, <strong>des b\u00e9n\u00e9voles<\/strong> sont recherch\u00e9s \u00ab\u2009pour [\u2026] filer un coup de main sur le vide-grenier\u2009\u00bb.<\/p>\n<p class=\" wall-content\">Si vous souhaitez pr\u00eater vos bras, c\u2019est <a href=\"https:\/\/www.mqlt.fr\/vide-grenier-nous-recherchons-des-benevoles\/\" rel=\"nofollow noopener\" target=\"_blank\">ici<\/a> pour vous inscrire.<\/p>\n<p>Pour plus d\u2019informations, vous pouvez contacter La maison de quartier au 02\u200999\u200954\u200945\u200912 ou envoyer un mail \u00e0 <a href=\"https:\/\/actu.fr\/cdn-cgi\/l\/email-protection\" class=\"__cf_email__\" data-cfemail=\"e3808c8d97828097a38e928f97cd8591\" rel=\"nofollow noopener\" target=\"_blank\">[email\u00a0protected]<\/a><\/p>\n<p class=\" wall-content\">Personnalisez votre actualit\u00e9 en ajoutant vos villes et m\u00e9dias en favori avec <a href=\"https:\/\/moncompte.actu.fr\" title=\"D\u00e9couvez Mon Actu\" rel=\"nofollow noopener\" data-trk=\"{&quot;cta&quot;:{&quot;action&quot;:&quot;https:\\\/\\\/moncompte.actu.fr&quot;,&quot;category&quot;:&quot;mon compte&quot;,&quot;from&quot;:&quot;article footer&quot;,&quot;name&quot;:&quot;Mon actu&quot;,&quot;type&quot;:&quot;cta&quot;}}\" target=\"_blank\">Mon Actu<\/a>.<\/p>\n","protected":false},"excerpt":{"rendered":"Par Laur\u00e8ne Fertin Publi\u00e9 le 13 sept. 2025 \u00e0 10h32 De 8h \u00e0 18h, le quartier La Touche&hellip;\n","protected":false},"author":2,"featured_media":387424,"comment_status":"","ping_status":"","sticky":false,"template":"","format":"standard","meta":{"footnotes":""},"categories":[2821],"tags":[1111,11,677,829,1777,674,1011,27,1652,12,584,25,3365],"class_list":{"0":"post-387423","1":"post","2":"type-post","3":"status-publish","4":"format-standard","5":"has-post-thumbnail","7":"category-rennes","8":"tag-actu","9":"tag-actualites","10":"tag-bons-plans","11":"tag-bretagne","12":"tag-eu","13":"tag-europe","14":"tag-fr","15":"tag-france","16":"tag-loisirs-culture","17":"tag-news","18":"tag-rennes","19":"tag-republique-francaise","20":"tag-vide-greniers"},"share_on_mastodon":{"url":"https:\/\/pubeurope.com\/@fr\/115196107475703369","error":""},"_links":{"self":[{"href":"https:\/\/www.europesays.com\/fr\/wp-json\/wp\/v2\/posts\/387423","targetHints":{"allow":["GET"]}}],"collection":[{"href":"https:\/\/www.europesays.com\/fr\/wp-json\/wp\/v2\/posts"}],"about":[{"href":"https:\/\/www.europesays.com\/fr\/wp-json\/wp\/v2\/types\/post"}],"author":[{"embeddable":true,"href":"https:\/\/www.europesays.com\/fr\/wp-json\/wp\/v2\/users\/2"}],"replies":[{"embeddable":true,"href":"https:\/\/www.europesays.com\/fr\/wp-json\/wp\/v2\/comments?post=387423"}],"version-history":[{"count":0,"href":"https:\/\/www.europesays.com\/fr\/wp-json\/wp\/v2\/posts\/387423\/revisions"}],"wp:featuredmedia":[{"embeddable":true,"href":"https:\/\/www.europesays.com\/fr\/wp-json\/wp\/v2\/media\/387424"}],"wp:attachment":[{"href":"https:\/\/www.europesays.com\/fr\/wp-json\/wp\/v2\/media?parent=387423"}],"wp:term":[{"taxonomy":"category","embeddable":true,"href":"https:\/\/www.europesays.com\/fr\/wp-json\/wp\/v2\/categories?post=387423"},{"taxonomy":"post_tag","embeddable":true,"href":"https:\/\/www.europesays.com\/fr\/wp-json\/wp\/v2\/tags?post=387423"}],"curies":[{"name":"wp","href":"https:\/\/api.w.org\/{rel}","templated":true}]}}