{"id":387425,"date":"2025-09-13T08:44:12","date_gmt":"2025-09-13T08:44:12","guid":{"rendered":"https:\/\/www.europesays.com\/fr\/387425\/"},"modified":"2025-09-13T08:44:12","modified_gmt":"2025-09-13T08:44:12","slug":"retour-a-la-case-depart-pour-les-places-de-parking","status":"publish","type":"post","link":"https:\/\/www.europesays.com\/fr\/387425\/","title":{"rendered":"retour \u00e0 la case d\u00e9part pour les places de parking"},"content":{"rendered":"<p>La chronologie a de quoi \u00e9tonner\u00a0: \u00e0 l\u2019origine, deux places de stationnement, situ\u00e9es au\u00a0nord du square du Ch\u00e2teau \u00e0 Schiltigheim, \u00e0 proximit\u00e9 de l\u2019\u00ab immeuble Steinmetz \u00bb. En f\u00e9vrier dernier, ces places ont disparu au profit d\u2019arceaux \u00e0 v\u00e9los. Puis, d\u00e9but juillet, des conteneurs \u00e0 biod\u00e9chets, jusqu\u2019alors install\u00e9s de l\u2019autre c\u00f4t\u00e9 de la chauss\u00e9e, ont remplac\u00e9 ces arceaux. Finalement, au c\u0153ur de l\u2019\u00e9t\u00e9, les conteneurs ont retrouv\u00e9 leur emplacement initial\u2026 Et ont laiss\u00e9 la place \u00e0 des <a href=\"https:\/\/www.dna.fr\/transport\/2025\/03\/20\/j-irai-me-garer-chez-vous-c-est-gratuit-des-rues-de-cronenbourg-et-bischheim-saturees\" target=\"_blank\" rel=\"noopener\">places de stationnement<\/a>. Retour \u00e0 la case d\u00e9part, donc.<\/p>\n<p>Comment expliquer ces tergiversations\u00a0? Contact\u00e9e, la Ville de Schiltigheim rembobine le fil de l\u2019affaire. Initialement, les places de stationnement ont \u00e9t\u00e9 retir\u00e9es par les services de&#8230;<\/p>\n","protected":false},"excerpt":{"rendered":"La chronologie a de quoi \u00e9tonner\u00a0: \u00e0 l\u2019origine, deux places de stationnement, situ\u00e9es au\u00a0nord du square du Ch\u00e2teau&hellip;\n","protected":false},"author":2,"featured_media":387426,"comment_status":"","ping_status":"","sticky":false,"template":"","format":"standard","meta":{"footnotes":""},"categories":[2820],"tags":[1111,11,2389,2649,3542,2880,1777,674,107,1011,27,775,1757,3035,12,25,5512,640,3265,2803],"class_list":{"0":"post-387425","1":"post","2":"type-post","3":"status-publish","4":"format-standard","5":"has-post-thumbnail","7":"category-strasbourg","8":"tag-actu","9":"tag-actualites","10":"tag-alsace","11":"tag-bas-rhin","12":"tag-circulation","13":"tag-edition-strasbourg","14":"tag-eu","15":"tag-europe","16":"tag-fil-info","17":"tag-fr","18":"tag-france","19":"tag-grand-est","20":"tag-insolite","21":"tag-la-matinale-strasbourg","22":"tag-news","23":"tag-republique-francaise","24":"tag-schiltigheim","25":"tag-strasbourg","26":"tag-strasbourg-nord","27":"tag-transport"},"share_on_mastodon":{"url":"https:\/\/pubeurope.com\/@fr\/115196111462302746","error":""},"_links":{"self":[{"href":"https:\/\/www.europesays.com\/fr\/wp-json\/wp\/v2\/posts\/387425","targetHints":{"allow":["GET"]}}],"collection":[{"href":"https:\/\/www.europesays.com\/fr\/wp-json\/wp\/v2\/posts"}],"about":[{"href":"https:\/\/www.europesays.com\/fr\/wp-json\/wp\/v2\/types\/post"}],"author":[{"embeddable":true,"href":"https:\/\/www.europesays.com\/fr\/wp-json\/wp\/v2\/users\/2"}],"replies":[{"embeddable":true,"href":"https:\/\/www.europesays.com\/fr\/wp-json\/wp\/v2\/comments?post=387425"}],"version-history":[{"count":0,"href":"https:\/\/www.europesays.com\/fr\/wp-json\/wp\/v2\/posts\/387425\/revisions"}],"wp:featuredmedia":[{"embeddable":true,"href":"https:\/\/www.europesays.com\/fr\/wp-json\/wp\/v2\/media\/387426"}],"wp:attachment":[{"href":"https:\/\/www.europesays.com\/fr\/wp-json\/wp\/v2\/media?parent=387425"}],"wp:term":[{"taxonomy":"category","embeddable":true,"href":"https:\/\/www.europesays.com\/fr\/wp-json\/wp\/v2\/categories?post=387425"},{"taxonomy":"post_tag","embeddable":true,"href":"https:\/\/www.europesays.com\/fr\/wp-json\/wp\/v2\/tags?post=387425"}],"curies":[{"name":"wp","href":"https:\/\/api.w.org\/{rel}","templated":true}]}}