{"id":387433,"date":"2025-09-13T08:48:17","date_gmt":"2025-09-13T08:48:17","guid":{"rendered":"https:\/\/www.europesays.com\/fr\/387433\/"},"modified":"2025-09-13T08:48:17","modified_gmt":"2025-09-13T08:48:17","slug":"psychiatrie-un-nouveau-lieu-adapte-aux-15-20-ans-a-ouvert-a-lhopital-saint-jacques-a","status":"publish","type":"post","link":"https:\/\/www.europesays.com\/fr\/387433\/","title":{"rendered":"Psychiatrie\u00a0: un nouveau lieu adapt\u00e9 aux 15-20 ans a ouvert \u00e0 l\u2019h\u00f4pital Saint-Jacques, \u00e0"},"content":{"rendered":"<p>L\u2019unit\u00e9 Phila\u00e9 vient d\u2019ouvrir au sein de l\u2019h\u00f4pital Saint-Jacques, \u00e0 Nantes. Ses huit lits sont d\u00e9di\u00e9s aux jeunes de 15 \u00e0 20\u00a0ans, n\u00e9cessitant une prise en charge psychiatrique d\u2019urgence.<\/p>\n<p>Urgence pour les jeunes<\/p>\n<p>\u00c0 Nantes, comme partout en France, ces derni\u00e8res ann\u00e9es, les passages aux urgences m\u00e9dico-p\u00e9do-psychiatriques n\u2019ont fait qu\u2019augmenter\u00a0: de plus en &#8230;<\/p>\n<p>\u00a0<\/p>\n","protected":false},"excerpt":{"rendered":"L\u2019unit\u00e9 Phila\u00e9 vient d\u2019ouvrir au sein de l\u2019h\u00f4pital Saint-Jacques, \u00e0 Nantes. Ses huit lits sont d\u00e9di\u00e9s aux jeunes&hellip;\n","protected":false},"author":2,"featured_media":387434,"comment_status":"","ping_status":"","sticky":false,"template":"","format":"standard","meta":{"footnotes":""},"categories":[2818],"tags":[51993,1111,11,51992,1764,1777,674,1011,27,100,7018,766,12,4565,15316,2636,235,25,35196],"class_list":{"0":"post-387433","1":"post","2":"type-post","3":"status-publish","4":"format-standard","5":"has-post-thumbnail","7":"category-nantes","8":"tag-15-20","9":"tag-actu","10":"tag-actualites","11":"tag-adapte","12":"tag-ans","13":"tag-eu","14":"tag-europe","15":"tag-fr","16":"tag-france","17":"tag-hopital","18":"tag-lieu","19":"tag-nantes","20":"tag-news","21":"tag-nouveau","22":"tag-ouvert","23":"tag-pays-de-la-loire","24":"tag-psychiatrie","25":"tag-republique-francaise","26":"tag-saint-jacques"},"share_on_mastodon":{"url":"https:\/\/pubeurope.com\/@fr\/115196127107204677","error":""},"_links":{"self":[{"href":"https:\/\/www.europesays.com\/fr\/wp-json\/wp\/v2\/posts\/387433","targetHints":{"allow":["GET"]}}],"collection":[{"href":"https:\/\/www.europesays.com\/fr\/wp-json\/wp\/v2\/posts"}],"about":[{"href":"https:\/\/www.europesays.com\/fr\/wp-json\/wp\/v2\/types\/post"}],"author":[{"embeddable":true,"href":"https:\/\/www.europesays.com\/fr\/wp-json\/wp\/v2\/users\/2"}],"replies":[{"embeddable":true,"href":"https:\/\/www.europesays.com\/fr\/wp-json\/wp\/v2\/comments?post=387433"}],"version-history":[{"count":0,"href":"https:\/\/www.europesays.com\/fr\/wp-json\/wp\/v2\/posts\/387433\/revisions"}],"wp:featuredmedia":[{"embeddable":true,"href":"https:\/\/www.europesays.com\/fr\/wp-json\/wp\/v2\/media\/387434"}],"wp:attachment":[{"href":"https:\/\/www.europesays.com\/fr\/wp-json\/wp\/v2\/media?parent=387433"}],"wp:term":[{"taxonomy":"category","embeddable":true,"href":"https:\/\/www.europesays.com\/fr\/wp-json\/wp\/v2\/categories?post=387433"},{"taxonomy":"post_tag","embeddable":true,"href":"https:\/\/www.europesays.com\/fr\/wp-json\/wp\/v2\/tags?post=387433"}],"curies":[{"name":"wp","href":"https:\/\/api.w.org\/{rel}","templated":true}]}}