{"id":387453,"date":"2025-09-13T08:58:09","date_gmt":"2025-09-13T08:58:09","guid":{"rendered":"https:\/\/www.europesays.com\/fr\/387453\/"},"modified":"2025-09-13T08:58:09","modified_gmt":"2025-09-13T08:58:09","slug":"haribo-ouvre-une-boutique-a-une-nouvelle-adresse-en-presquile-decouvrez-la","status":"publish","type":"post","link":"https:\/\/www.europesays.com\/fr\/387453\/","title":{"rendered":"Haribo ouvre une boutique \u00e0 une nouvelle adresse en Presqu&rsquo;\u00eele, d\u00e9couvrez-la"},"content":{"rendered":"<p>            Par<br \/>\n        <strong><br \/>\n            <a href=\"https:\/\/actu.fr\/auteur\/theo-zuili\" title=\"Consulter tous les articles de Th\u00e9o Zuili\" target=\"_blank\" rel=\"noopener\">Th\u00e9o Zuili<\/a><br \/>\n        <\/strong><\/p>\n<p>        Publi\u00e9 le<\/p>\n<p>            13 sept. 2025 \u00e0 7h00        <\/p>\n<p>Le premier magasin \u00e9ph\u00e9m\u00e8re Haribo avait ouvert rue de la R\u00e9publique \u00e0 <a href=\"https:\/\/actu.fr\/auvergne-rhone-alpes\/lyon_69123\" target=\"_blank\" rel=\"noopener\">Lyon<\/a> d\u00e9but 2024 et avait rapidement trouv\u00e9 son public, <a href=\"https:\/\/actu.fr\/auvergne-rhone-alpes\/lyon_69123\/lyon-le-magasin-haribo-ouvre-des-gens-attendaient-depuis-7h-du-matin_60825173.html\" target=\"_blank\" rel=\"noopener\">avec des files d\u00e8s l\u2019aube le jour J<\/a>. La boutique Haribo <strong>rouvre ce vendredi 12 septembre<\/strong> au 45 rue de la R\u00e9publique, <a href=\"https:\/\/actu.fr\/auvergne-rhone-alpes\/lyon_69123\/lyon-haribo-ferme-sa-boutique-mais-ne-s-en-va-pas-une-bonne-nouvelle-annoncee_63086842.html\" target=\"_blank\" rel=\"noopener\">dix jours apr\u00e8s la fermeture du premier local<\/a>.<\/p>\n<p>    <a href=\"https:\/\/www.google.com\/maps\/embed?pb=!1m18!1m12!1m3!1d18413.984906114576!2d4.8386116!3d45.75422244999999!2m3!1f0!2f0!3f0!3m2!1i1024!2i768!4f13.1!3m3!1m2!1s0x47f4ea565d733cb9%3A0x616d7018a25589a5!2s45%20Rue%20de%20la%20R%C3%A9publique%2C%2069002%20Lyon!5e1!3m2!1sfr!2sfr!4v1757693821370!5m2!1sfr!2sfr\" title=\"Ouvrie le lien\" target=\"_blank\" rel=\"noopener\">Cliquez ici pour visualiser le contenu<\/a><\/p>\n<p class=\" wall-content\">Les clients \u00e9taient au rendez-vous cet apr\u00e8s-midi avant <strong>une inauguration annonc\u00e9e samedi<\/strong> 13 septembre \u00ab\u00a0lors d\u2019une journ\u00e9e festive, rythm\u00e9e par des animations (gourmandes \u00e9videmment), la pr\u00e9sence de la mascotte et d\u2019autres surprises\u00a0\u00bb. L\u2019enseigne repart pour dix mois d\u2019\u00e9ph\u00e9m\u00e8re, le temps de trouver \u00ab\u00a0l\u2019emplacement id\u00e9al pour p\u00e9renniser l\u2019activit\u00e9\u00a0\u00bb.<\/p>\n<p>Un \u00ab\u00a0cabinet des curiosit\u00e9s Haribo\u00a0\u00bb<\/p>\n<p class=\" wall-content\">Le g\u00e9ant des bonbons veut rester \u00e0 Lyon et cherche le bon local pour s\u2019ancrer dans la dur\u00e9e. Haribo ouvre <strong>un nouveau magasin \u00e9ph\u00e9m\u00e8re<\/strong> \u00e0 Lyon, dix jours apr\u00e8s la fermeture du premier \u00ab\u00a0pop-up\u00a0\u00bb au 26 rue de la R\u00e9publique, o\u00f9 les clients ont d\u00e9j\u00e0 pu d\u00e9couvrir le concept.<\/p>\n<p class=\" wall-content\">La marque promet un parcours pens\u00e9 comme un \u00ab\u00a0cabinet des curiosit\u00e9s Haribo\u00a0\u00bb : grand vrac,<strong> bonbons iconiques<\/strong> (Tagada, Dragibus, Chamallows\u2026) et produits d\u00e9riv\u00e9s (verres, tasses, peluches dont la tr\u00e8s demand\u00e9e peluche Chamallow).<\/p>\n<p class=\" wall-content\">Des formats 1 kg sont \u00e9galement propos\u00e9s, \u00ab\u00a0introuvables ailleurs\u00a0\u00bb que dans ces boutiques de la marque. De quoi attirer les collectionneurs et les gros gourmands.<\/p>\n<p class=\" wall-content\">Personnalisez votre actualit\u00e9 en ajoutant vos villes et m\u00e9dias en favori avec <a href=\"https:\/\/moncompte.actu.fr\" title=\"D\u00e9couvez Mon Actu\" rel=\"nofollow noopener\" data-trk=\"{&quot;cta&quot;:{&quot;action&quot;:&quot;https:\\\/\\\/moncompte.actu.fr&quot;,&quot;category&quot;:&quot;mon compte&quot;,&quot;from&quot;:&quot;article footer&quot;,&quot;name&quot;:&quot;Mon actu&quot;,&quot;type&quot;:&quot;cta&quot;}}\" target=\"_blank\">Mon Actu<\/a>.<\/p>\n","protected":false},"excerpt":{"rendered":"Par Th\u00e9o Zuili Publi\u00e9 le 13 sept. 2025 \u00e0 7h00 Le premier magasin \u00e9ph\u00e9m\u00e8re Haribo avait ouvert rue&hellip;\n","protected":false},"author":2,"featured_media":387454,"comment_status":"","ping_status":"","sticky":false,"template":"","format":"standard","meta":{"footnotes":""},"categories":[1889],"tags":[1111,11,2430,130,33,1777,674,1011,27,2428,12,3147,2809,25],"class_list":{"0":"post-387453","1":"post","2":"type-post","3":"status-publish","4":"format-standard","5":"has-post-thumbnail","7":"category-lyon","8":"tag-actu","9":"tag-actualites","10":"tag-auvergne-rhone-alpes","11":"tag-consommation","12":"tag-economie","13":"tag-eu","14":"tag-europe","15":"tag-fr","16":"tag-france","17":"tag-lyon","18":"tag-news","19":"tag-nouveaux-commerces","20":"tag-presquile","21":"tag-republique-francaise"},"share_on_mastodon":{"url":"https:\/\/pubeurope.com\/@fr\/115196166483649279","error":""},"_links":{"self":[{"href":"https:\/\/www.europesays.com\/fr\/wp-json\/wp\/v2\/posts\/387453","targetHints":{"allow":["GET"]}}],"collection":[{"href":"https:\/\/www.europesays.com\/fr\/wp-json\/wp\/v2\/posts"}],"about":[{"href":"https:\/\/www.europesays.com\/fr\/wp-json\/wp\/v2\/types\/post"}],"author":[{"embeddable":true,"href":"https:\/\/www.europesays.com\/fr\/wp-json\/wp\/v2\/users\/2"}],"replies":[{"embeddable":true,"href":"https:\/\/www.europesays.com\/fr\/wp-json\/wp\/v2\/comments?post=387453"}],"version-history":[{"count":0,"href":"https:\/\/www.europesays.com\/fr\/wp-json\/wp\/v2\/posts\/387453\/revisions"}],"wp:featuredmedia":[{"embeddable":true,"href":"https:\/\/www.europesays.com\/fr\/wp-json\/wp\/v2\/media\/387454"}],"wp:attachment":[{"href":"https:\/\/www.europesays.com\/fr\/wp-json\/wp\/v2\/media?parent=387453"}],"wp:term":[{"taxonomy":"category","embeddable":true,"href":"https:\/\/www.europesays.com\/fr\/wp-json\/wp\/v2\/categories?post=387453"},{"taxonomy":"post_tag","embeddable":true,"href":"https:\/\/www.europesays.com\/fr\/wp-json\/wp\/v2\/tags?post=387453"}],"curies":[{"name":"wp","href":"https:\/\/api.w.org\/{rel}","templated":true}]}}