{"id":387457,"date":"2025-09-13T09:00:53","date_gmt":"2025-09-13T09:00:53","guid":{"rendered":"https:\/\/www.europesays.com\/fr\/387457\/"},"modified":"2025-09-13T09:00:53","modified_gmt":"2025-09-13T09:00:53","slug":"le-21-juin-lile-de-france-vibre-au-rythme-de-la-fete-de-la-musique","status":"publish","type":"post","link":"https:\/\/www.europesays.com\/fr\/387457\/","title":{"rendered":"Le 21 juin, l&rsquo;\u00cele-de-France vibre au rythme de la F\u00eate de la musique"},"content":{"rendered":"<p>\u00ab\u00a0Faites de la musique\u00a0\u00bb\u00a0! Chaque 21 \u00a0juin, cette invite populaire insuffle l\u2019esprit d\u2019inventivit\u00e9, de spontan\u00e9it\u00e9 et de convivialit\u00e9 qui la caract\u00e9rise depuis l\u2019origine. La grande manifestation a pour mission de c\u00e9l\u00e9brer la diversit\u00e9 musicale en permettant aux musiciens amateurs et professionnels de se produire gratuitement dans les espaces publics. La F\u00eate vise \u00e0 promouvoir la musique sous toutes ses formes, encourager les rencontres entre artistes et public, et offrir une plateforme de visibilit\u00e9 pour les talents locaux qui se produisent souvent pour la premi\u00e8re fois.<\/p>\n<p><strong>En \u00cele-de-France, plus de 400 concerts organis\u00e9s<\/strong><\/p>\n<p>Depuis 42 ans, la F\u00eate favorise la convivialit\u00e9, l&rsquo;\u00e9change culturel et l&rsquo;acc\u00e8s \u00e0 la musique pour tous, cr\u00e9ant ainsi une ambiance all\u00e8gre et inclusive. Elle fait appel \u00e0 la participation citoyenne en incitant les habitants \u00e0 participer aux spectacles pour renforcer le tissu social local et c\u00e9l\u00e9brer ensemble la diversit\u00e9 musicale de la r\u00e9gion. Au fil du temps, tous les genres de musique, du classique au jazz, du rock \u00e0 l&rsquo;\u00e9lectro ou du hip-hop, ont \u00e9t\u00e9 encourag\u00e9s et refl\u00e8tent ainsi\u00a0 la diversit\u00e9 culturelle de notre soci\u00e9t\u00e9.\u00a0<\/p>\n<p>Focus sur sept lieux embl\u00e9matiques franciliens<\/p>\n<p>\u00c0 Paris, le <a href=\"https:\/\/cirque-electrique.com\/\" rel=\"nofollow noopener\" target=\"_blank\">Cirque \u00e9lectrique<\/a> propose un festival de la musique electro industrielle. En Seine-et-Marne, <a href=\"https:\/\/file7.com\/fr\/accueil\/bienvenue.html\" rel=\"nofollow noopener\" target=\"_blank\">File7<\/a>, sc\u00e8ne de musiques actuelles (SMAC), permet de retrouver Little Wolf, Stick to the Plan ou Stewards, Temporaire. Tech A Break, groupe de cover rock des Yvelines, jouera \u00e0 <a href=\"https:\/\/www.labatteriedeguyancourt.fr\/\" rel=\"nofollow noopener\" target=\"_blank\">La Batterie<\/a>, p\u00f4le musical de Guyancourt. Devant le Petit Ch\u00e2teau de Sceaux situ\u00e9 dans les Hauts-de-Seine, Valentin Tournet et Natalia Timofeeva, deux violistes de la nouvelle garde baroque, offrent une immersion dans le monde myst\u00e9rieux de la viole de gambe. \u00c0 l&rsquo;affiche du <a href=\"https:\/\/www.letriton.com\/\" rel=\"nofollow noopener\" target=\"_blank\">Triton<\/a> , quartet de Jazz, rock, folk rock et post rock, Indie pop et rap (Seine-Saint-Denis). Au <a href=\"https:\/\/www.ville-thiais.fr\/keenv-fete-de-la-musique-2024-thiais\/\" rel=\"nofollow noopener\" target=\"_blank\">Th\u00e9\u00e2tre de Verdure du parc de l&rsquo;Europe de Thiais<\/a> (Val-de-Marne), Keen\u2019V est la vedette du grand concert organis\u00e9 en plein air par la Ville. <a href=\"https:\/\/points-communs.com\/\" rel=\"nofollow noopener\" target=\"_blank\">Points communs<\/a>, nouvelle sc\u00e8ne nationale de Cergy-Pontoise et du Val d\u2019Oise, met \u00e0 l&rsquo;honneur l&rsquo;Orchestre symphonique junior du Conservatoire \u00e0 Rayonnement R\u00e9gionale de Cergy-Pontoise.\u00a0<\/p>\n<p style=\"\">\u00a0<\/p>\n<p>                <img decoding=\"async\" src=\"https:\/\/www.europesays.com\/fr\/wp-content\/uploads\/2025\/09\/84fca17f3e0d-FDLM-2024_publication_RS_1920x1080px-site.jpg\" alt=\"\" class=\"fr-responsive-img  alias_Grande \" data-height=\"464 \" data-width=\"825 \"\/> <\/p>\n<p>                                            Paris (75)<\/p>\n<p>                Festival de la musique \u00e9lectro-industrielle<\/p>\n<p>Le Cirque \u00c9lectrique, espace artistique atypique qui combine performances circassiennes et concerts, propose pour la F\u00eate de la musique, une nouvelle \u00e9dition du Festival de la musique electro industrielle (FDLMEI) \u00e0 Paris. \u00a0\u00c0 l&rsquo;affiche : Imminent, Lith, Substencia et Daou. Le concert a lieu \u00e0 l&rsquo;Anti-club &#8211; Cirque \u00c9lectrique, place Maquis du Vercors, dans le 20e \u00e0 Paris.\u00a0<\/p>\n<p><img decoding=\"async\" src=\"https:\/\/www.europesays.com\/fr\/wp-content\/uploads\/2025\/09\/8de057b2b79a-cirque-electrique-site.jpg\" alt=\"\" class=\"fr-responsive-img  alias_Grande \" data-height=\"500 \" data-width=\"500 \"\/><\/p>\n<p style=\"text-align:center;\">Cr\u00e9dits\u00a0:<strong>\u00a0<\/strong>\u00a9 FDLMEI<\/p>\n<p><strong>Le lieu<\/strong>. L&rsquo;Anti-club- <a href=\"https:\/\/cirque-electrique.com\/\" rel=\"nofollow noopener\" target=\"_blank\">Cirque \u00c9lectrique<\/a> est un concept souvent associ\u00e9 \u00e0 des \u00e9v\u00e9nements alternatifs qui cherchent \u00e0 rompre avec les conventions des clubs traditionnels, en mettant l&rsquo;accent sur la cr\u00e9ativit\u00e9, l&rsquo;inclusivit\u00e9, et souvent une esth\u00e9tique underground ou DIY (Do It Yourself).\u00a0<\/p>\n<p>Salle de diffusion de musiques actuelles amplifi\u00e9es, de spectacles, de cin\u00e9ma parall\u00e8le, de performances\u2026 Unique espace insonoris\u00e9 du Cirque \u00c9lectrique, l\u2019Anti-club permet une offre musicale pointue, vari\u00e9e &amp; internationale.<\/p>\n<p>                                            Seine-et-Marne (77)<\/p>\n<p>                <strong>Soir\u00e9e musicale exceptionnelle \u00e0 File7<\/strong><\/p>\n<p>\u00c0 l&rsquo;affiche : Little Wolf, Stick to the Plan, R2, Stewards, Temporaire, Travel, Nirmalight, Uke\u2019Ohana, Noisy Garden, Cecilia Pedrosa, Minh-Thu et Captain Croche. Concert \u00e0 17h.<\/p>\n<p><strong>Le lieu. <\/strong><a href=\"https:\/\/file7.com\/fr\/accueil\/bienvenue.html\" rel=\"nofollow noopener\" target=\"_blank\">File 7 <\/a>, sc\u00e8ne de musiques actuelles (SMAC) du Val d&rsquo;Europe, est un espace culturel qui se distingue par sa diversit\u00e9 et son engagement envers la sc\u00e8ne musicale locale et internationale. Situ\u00e9 \u00e0 Magny-le-Hongre, en Seine-et-Marne, il est un centre important pour les amateurs de musique et de culture dans la r\u00e9gion.<\/p>\n<p><img decoding=\"async\" src=\"https:\/\/www.europesays.com\/fr\/wp-content\/uploads\/2025\/09\/7a97167dc0ba-file-7-image-site.jpg\" alt=\"\" class=\"fr-responsive-img  alias_Grande \" data-height=\"500 \" data-width=\"500 \"\/><\/p>\n<p style=\"text-align:center;\">\u00a9 File7<\/p>\n<p>Avec une programmation vari\u00e9e qui inclut des concerts de diff\u00e9rents genres musicaux, tels que le rock, le hip-hop, l\u2019\u00e9lectro, le jazz, File 7 accueille des artistes \u00e9mergents ainsi que des talents confirm\u00e9s, offrant une sc\u00e8ne \u00e0 la fois locale et internationale. Il soutient la cr\u00e9ation artistique en offrant des r\u00e9sidences aux musiciens et groupes pour d\u00e9velopper leurs projets.<\/p>\n<p>Le centre propose des ateliers et des formations pour les musiciens de tous niveaux, allant de l\u2019initiation \u00e0 la ma\u00eetrise d\u2019instruments, jusqu\u2019aux techniques de production musicale. Il joue un r\u00f4le essentiel dans la dynamisation de la vie culturelle en Seine-et-Marne. En soutenant les artistes locaux et en proposant des \u00e9v\u00e9nements accessibles \u00e0 tous, ils contribuent \u00e0 cr\u00e9er un tissu culturel riche et diversifi\u00e9. Il est un pilier de la sc\u00e8ne musicale en Seine-et-Marne, offrant une plateforme d\u2019expression et de d\u00e9couverte pour les artistes et le public.\u00a0<\/p>\n<p>                                            Yvelines (78)<\/p>\n<p>                Tech A Break en concert<\/p>\n<p>Tech A Break est un groupe de cover rock des Yvelines form\u00e9 il y a 12 ans. \u00ab\u00a0Notre univers nous m\u00e8ne du classic rock de Queen, Jet, Led Zep, Nothing But Thieves vers la pop de Katty Perry, Imagine Dragons, Pink, ou encore au au Hip Hop de Eminem ou Macklemore. Nous essayons sans cesse d&rsquo;aller sur de nouveaux terrains dans un style et une \u00e9nergie qui nous sont propres\u00a0\u00bb, de 20h30 \u00e0 23h30.<\/p>\n<p><img decoding=\"async\" src=\"https:\/\/www.europesays.com\/fr\/wp-content\/uploads\/2025\/09\/d99a461539c5-Tech-A-Break-site.jpg\" alt=\"\" class=\"fr-responsive-img  alias_Grande \" data-height=\"547 \" data-width=\"825 \"\/><\/p>\n<p style=\"text-align:center;\">\u00a9 Nicolas Gibelin<\/p>\n<p><strong>Le lieu<\/strong>. <a href=\"https:\/\/www.labatteriedeguyancourt.fr\/\" rel=\"nofollow noopener\" target=\"_blank\">La Batterie<\/a> &#8211; p\u00f4le musical de Guyancourt. Lieu d\u00e9di\u00e9 \u00e0 la pratique musicale et \u00e0 la diffusion culturelle, la structure \u0153uvre pour dynamiser la vie culturelle locale, soutenir les artistes et rendre la musique accessible \u00e0 tous, tout en favorisant les \u00e9changes et l\u2019\u00e9ducation musicale.<\/p>\n<p>Ces missions principales s\u2019attachent \u00e0 la promotion et la diffusion de la musique par la programmation de concerts et spectacles, mettant en avant des artistes locaux, nationaux et internationaux. L\u2019\u00c9ducation et la formation musicale proposent des cours de musique pour tous les \u00e2ges et niveaux, incluant des ateliers de pratique instrumentale, de chant, de composition et de production musicale. Des actions p\u00e9dagogiques sont mises en place avec des programmes \u00e9ducatifs en partenariat avec les \u00e9coles, coll\u00e8ges et lyc\u00e9es de la r\u00e9gion pour sensibiliser les jeunes \u00e0 la musique et aux arts de la sc\u00e8ne. La proposition d\u2019\u00e9v\u00e9nements inclusifs et des activit\u00e9s accessibles \u00e0 tous, y compris aux personnes en situation de handicap, pour favoriser une culture inclusive et diversifi\u00e9e s\u2019inscrit dans la politique culturelle du p\u00f4le musicale de Guyancourt.\u00a0<\/p>\n<p>                                            Hauts-de-Seine (92)<\/p>\n<p>                Folies et concerts \u00e0 deux violes esgales<\/p>\n<p>Concert de musique de chambre. Un duo entre deux jeunes violistes de la nouvelle garde baroque : Valentin Tournet et Natalia Timofeeva, de 19h30 \u00e0 20h30<\/p>\n<p>Devant le Petit Ch\u00e2teau de Sceaux, Valentin Tournet (chef d&rsquo;orchestre et violiste fran\u00e7ais, fondateur et directeur musical de <a href=\"https:\/\/chapelleharmonique.com\/\" rel=\"nofollow noopener\" target=\"_blank\">La Chapelle Harmonique <\/a>et directeur artistique du <a href=\"https:\/\/www.festival-creuse.com\/\" rel=\"nofollow noopener\" target=\"_blank\">Festival Musique \u00e0 la source<\/a> en Creuse) et Natalia Timofeeva (musicienne interpr\u00e8te, enseignante au <a href=\"https:\/\/www.versaillesgrandparc.fr\/conservatoire\" rel=\"nofollow noopener\" target=\"_blank\">Conservatoire de Versailles Grand Parc \u00e0 Rayonnement R\u00e9gional\u00a0<\/a> : d\u00e9partements p\u00e9dagogiques\u00a0: musiques anciennes et pratiques musicales collectives\u00a0; disciplines\u00a0: viole de gambe, consort de violes de gambe) invitent \u00e0 une immersion dans le monde myst\u00e9rieux de la viole de gambe. \u0152uvres de Diego Ortiz, Thomas Ford, Tobias Hume, William Young, Marin Marais, du sieur Demachy et de Messieurs de Sainte-Colombe, p\u00e8re et fils.\u00a0<\/p>\n<p><strong>Le lieu<\/strong>. <a href=\"https:\/\/domaine-de-sceaux.hauts-de-seine.fr\/pavillon-de-prefiguration-du-musee-du-grand-siecle-1-1\" rel=\"nofollow noopener\" target=\"_blank\">Le Pavillon de pr\u00e9figuration du mus\u00e9e du Grand Si\u00e8cle<\/a>, situ\u00e9 dans le Petit Ch\u00e2teau de Sceaux, sert de lieu d&rsquo;avant-premi\u00e8re et de pr\u00e9paration pour le futur Mus\u00e9e du Grand Si\u00e8cle. Ce projet fait partie d&rsquo;une initiative plus large visant \u00e0 cr\u00e9er un mus\u00e9e d\u00e9di\u00e9 au XVIIe si\u00e8cle \u00e0 Saint-Cloud, pr\u00e8s de Paris. Le Mus\u00e9e du Grand Si\u00e8cle a pour but de mettre en valeur le riche patrimoine culturel, artistique et historique du XVIIe si\u00e8cle en France, souvent appel\u00e9 le Grand Si\u00e8cle.<\/p>\n<p><img decoding=\"async\" src=\"https:\/\/www.europesays.com\/fr\/wp-content\/uploads\/2025\/09\/4057e582299f-pavillon-de-prefiguration-du-musee-du-Grand-Siecle-Petit-Chateau-de-Sceaux-site.jpg\" alt=\"\" class=\"fr-responsive-img  alias_Grande \" data-height=\"550 \" data-width=\"825 \"\/><\/p>\n<p style=\"text-align:center;\">\u00a9\u00a0CD92 Julia Brechler\u00a0<\/p>\n<p>Jusqu&rsquo;en 2026, date d&rsquo;ouverture du Mus\u00e9e du Grand Si\u00e8cle \u00e0 Saint-Cloud, celui-ci dispose d&rsquo;un pavillon de pr\u00e9figuration, \u00e9tabli dans le Petit Ch\u00e2teau du Domaine d\u00e9partemental de Sceaux. Le Pavillon de pr\u00e9figuration du mus\u00e9e du Grand Si\u00e8cle est un lieu d&rsquo;information sur le projet mus\u00e9al, ainsi qu&rsquo;un espace de pr\u00e9sentation des collections, comprenant aussi bien une petite partie de la donation Rosenberg que les nouvelles acquisitions du mus\u00e9e.<\/p>\n<p>                                            Seine-Saint-Denis (93)<\/p>\n<p>A l&rsquo;affiche de la F\u00eate de la musique, Le Triton pr\u00e9sente d\u00e8s 19h30, Les Tritoniens : du bureau \u00e0 la sc\u00e8ne, l&rsquo;\u00e9quipe administrative et technique du Triton d\u00e9butent la soir\u00e9e avec du jazz et du latin jazz (piano : Maxime Manent, basse : Jules Ferroul, percussions : Bastien Boissier, voix : Sofia Tobar Quintero.<\/p>\n<p><img decoding=\"async\" src=\"https:\/\/www.europesays.com\/fr\/wp-content\/uploads\/2025\/09\/a8debaa1dec5-LE-TRITON_musiciens-amateurs-site.jpg\" alt=\"\" class=\"fr-responsive-img  alias_Grande \" data-height=\"619 \" data-width=\"825 \"\/><\/p>\n<p style=\"text-align:center;\">\u00a9 Le Triton, musiciens amateurs\u00a0<\/p>\n<p>20h00 : LANSIV, guitare et voix : Nathalie Olivette 20h30 : Even Spirit &#8211; Quartet de Jazz, (saxophone t\u00e9nor et soprane\u00a0 : David Florsch, contrebasse : Stephane dardour, batterie : Bastien Boissier, piano : Caroline Forissier). 21h00 : ACID GURU &#8211; Brasshouse et streetband (saxophone T\u00e9nor : Alexandre Petit, saxophone baryton : Nicolas Thieury, sousaphone : Valentin Arnaud, batterie : Mickey Magnan 21h30 : ZUT &#8211; Rock, folk rock et post rock (guitare : Alexia Leperon, guitare : Tom Devianne, basse : Renan Puglisi, batterie : Joseph Devianne). 22h00 : Yakko &#8211; Indie Pop (voix : S\u00e9pi Sognoko, guitare : Pierre-Alexandre Boutet, guitare : Mahesh Dauphin, basse : Laurent Cala, batterie : Valentin Tendero). 22h30 : PHJ &#8211; Rap (voix : Pierre Hugues Jos\u00e9 DJ : Tom Wallop)<\/p>\n<p><img decoding=\"async\" src=\"https:\/\/www.europesays.com\/fr\/wp-content\/uploads\/2025\/09\/2cad41ded247-LE-TRITON_scene-public-site.jpg\" alt=\"\" class=\"fr-responsive-img  alias_Grande \" data-height=\"619 \" data-width=\"825 \"\/><\/p>\n<p style=\"text-align:center;\">\u00a9 Le Triton<\/p>\n<p><strong>Salle 2. <\/strong>Projections des documentaires relatifs aux projets d&rsquo;\u00e9ducation artistique et culturelle r\u00e9alis\u00e9s au cours de l&rsquo;ann\u00e9e scolaire 23\/24 :<br \/>&#8211; Brahms Leaders #2 : projet en partenariat avec trois classes du Lyc\u00e9e Paul Robert des Lilas, une classe de 4\u00e8me du coll\u00e8ge Marie Curie des Lilas, une classe de 4\u00e8me du coll\u00e8ge Travail Langevin de Bagnolet, et deux classe de l&rsquo;\u00e9cole maternelle et \u00e9l\u00e9mentaire Victor Hugo des Lilas.<br \/>&#8211; Fabrique \u00e0 musiques : Projet en partenariat avec une classe de CM1 de l&rsquo;\u00e9cole \u00e9l\u00e9mentaire<br \/>Saint-Exup\u00e9ry de Pantin.<br \/>&#8211; Synesth\u00e9sie #LA SUITE : Projet en partenariat avec l&rsquo;Institut National des Jeunes Sourds de<br \/>Paris.<\/p>\n<p><strong>Le lieu<\/strong>. Lieu embl\u00e9matique situ\u00e9 dans la commune des Lilas, Le Triton est reconnu pour son dynamisme et sa programmation \u00e9clectique. Il joue un r\u00f4le crucial dans la diffusion et la promotion de la musique et s&rsquo;est impos\u00e9 comme un acteur majeur de la sc\u00e8ne musicale en \u00cele-de-France, contribuant \u00e0 son rayonnement.<strong\/>Il accueille une vari\u00e9t\u00e9 de genres musicaux, notamment le jazz, le rock, le folk, les musiques du monde et les musiques \u00e9lectroniques.<\/p>\n<p><img decoding=\"async\" src=\"https:\/\/www.europesays.com\/fr\/wp-content\/uploads\/2025\/09\/4b4a4d69f0cc-LE-TRITON_lieu-site.jpg\" alt=\"\" class=\"fr-responsive-img  alias_Grande \" data-height=\"483 \" data-width=\"825 \"\/><\/p>\n<p style=\"text-align:center;\">\u00a9 Le Triton<\/p>\n<p>En 2010, le minist\u00e8re de la Culture salue le projet artistique et culturel du Triton en le labellisant Sc\u00e8ne de Musiques Actuelles (SMAC). Alors qu\u2019il s\u2019affirme dans le monde du jazz europ\u00e9en et aupr\u00e8s de ses partenaires institutionnels comme un \u00e9tablissement phare, Le Triton entame sa deuxi\u00e8me d\u00e9cennie sous le signe du renouveau.<\/p>\n<p>Le Triton est \u00e9galement tr\u00e8s investi dans les actions culturelles et \u00e9ducatives, visant \u00e0 rendre la musique accessible \u00e0 un large public et \u00e0 encourager la pratique musicale chez les jeunes. Tout au long de l&rsquo;ann\u00e9e, il organise des ateliers et des masterclasses anim\u00e9s par des musiciens professionnels. En partenariat avec les \u00e9tablissements scolaires locaux, il d\u00e9veloppe des projets p\u00e9dagogiques sur mesure. Ces initiatives incluent des interventions en classe, des visites du lieu, des ateliers de d\u00e9couverte instrumentale et des concerts p\u00e9dagogiques. Ces projets visent \u00e0 sensibiliser les jeunes \u00e0 la diversit\u00e9 musicale et \u00e0 les encourager \u00e0 pratiquer un instrument. Le Triton accueille des artistes en r\u00e9sidence. Ces r\u00e9sidences permettent aux musiciens de travailler sur de nouveaux projets, d\u2019exp\u00e9rimenter et de pr\u00e9parer des spectacles en b\u00e9n\u00e9ficiant des infrastructures du lieu. Les r\u00e9sidences sont souvent accompagn\u00e9es de rencontres avec le public, offrant ainsi une plong\u00e9e unique dans le processus cr\u00e9atif des artistes.<\/p>\n<p>                                            Val-de-Marne (94)<\/p>\n<p>                Th\u00e9\u00e2tre de Verdure du parc de l&rsquo;Europe de Thiais<\/p>\n<p>\u00c0 Thiais, la Ville a l\u2019habitude d\u2019offrir au public un grand concert pour f\u00eater l&rsquo;\u00e9t\u00e9 qui permet de r\u00e9unir toutes les g\u00e9n\u00e9rations \u00e0 l\u2019occasion de la F\u00eate de la musique.<br \/>Dans le cadre de sa tourn\u00e9e bien remplie partout en France, Keen\u2019V retrace \u00e0 Thiais ses 15 ans de succ\u00e8s \u00e0 l&rsquo;occasion d&rsquo;un concert festif en plein air.<\/p>\n<p><img decoding=\"async\" src=\"https:\/\/www.europesays.com\/fr\/wp-content\/uploads\/2025\/09\/e816faf04a99-keen-v-site.jpg\" alt=\"\" class=\"fr-responsive-img  alias_Grande \" data-height=\"451 \" data-width=\"306 \"\/><\/p>\n<p>De \u00ab\u00a0\u00c0 l\u2019horizontale\u00a0\u00bb en passant par \u00ab\u00a0J\u2019aimerais trop\u00a0\u00bb, \u00ab\u00a0Rien qu\u2019une fois\u00a0\u00bb, \u00ab\u00a0Tahiti\u00a0\u00bb jusqu\u2019\u00e0 \u00ab\u00a0Tu mentais\u00a0\u00bb, venez \u00e0 Thiais chanter et reprendre ses titres les plus connus ! \u00a0Keen&rsquo;V a commenc\u00e9 sa carri\u00e8re musicale en 2008 avec la sortie de son premier single \u00ab\u00a0\u00c0 l\u2019horizontale\u00a0\u00bb.\u00a0<\/p>\n<p>Apr\u00e8s le succ\u00e8s de \u00ab\u00a0J&rsquo;aimerais trop\u00a0\u00bb, Keen&rsquo;V a encha\u00een\u00e9 les tubes avec des chansons comme \u00ab\u00a0Ma vie au soleil\u00a0\u00bb, \u00ab\u00a0Dis-moi oui (Marina)\u00a0\u00bb, \u00ab\u00a0La vie du bon c\u00f4t\u00e9\u00a0\u00bb et \u00ab\u00a0Elle t&rsquo;a mat\u00e9 (Fatoumata)\u00a0\u00bb. Ses albums \u00ab\u00a0Ange ou d\u00e9mon\u00a0\u00bb (2013), \u00ab\u00a0Saltimbanque\u00a0\u00bb (2014), et \u00ab\u00a0L\u00e0 o\u00f9 le vent me m\u00e8ne\u00a0\u00bb (2015) ont tous rencontr\u00e9 un grand succ\u00e8s commercial, consolidant sa place parmi les artistes populaires en France.\u00a0<\/p>\n<p>\u00a9 Keen&rsquo;V, concert, F\u00eate de la musique 2024<\/p>\n<p>\u00a0<\/p>\n<p>\u00a0<\/p>\n<p><strong>Le lieu<\/strong>. <a href=\"https:\/\/letheatredeverdure.com\/\" rel=\"nofollow noopener\" target=\"_blank\">Le Th\u00e9\u00e2tre de Verdure du parc de l&rsquo;Europe de Thiais<\/a> est un lieu de spectacle en plein air situ\u00e9 dans la ville de Thiais. \u00a0Int\u00e9gr\u00e9 dans un environnement naturel, le Th\u00e9\u00e2tre de Verdure offre une atmosph\u00e8re unique pour les spectacles. Les spectateurs peuvent profiter de la nature tout en assistant \u00e0 des repr\u00e9sentations artistiques. Ce lieu accueille une vari\u00e9t\u00e9 d&rsquo;\u00e9v\u00e9nements, y compris des concerts, des pi\u00e8ces de th\u00e9\u00e2tre, des spectacles de danse et d&rsquo;autres performances artistiques. La programmation est souvent diversifi\u00e9e pour attirer un large public. Situ\u00e9 dans le parc de l&rsquo;Europe, le Th\u00e9\u00e2tre de Verdure est facilement accessible aux r\u00e9sidents locaux et aux visiteurs. Le parc est un lieu populaire pour les promenades, les pique-niques et autres activit\u00e9s de loisirs.<\/p>\n<p>                                            Val d&rsquo;Oise (95)<\/p>\n<p>La F\u00eate de la musique \u00e0 Cergy-Pontoise commence d\u00e8s 16h30. A l&rsquo;affiche, le Ch\u0153ur Piccolo, chorales FM et les Cham des Touleuses, direction Clara Brenier. \u00c0 18h, Ensemble de guitares \u00ab\u00a0Guitarreros\u00a0\u00bb, direction Yann Dufresne et Mauricio Arenas Fuentes. Quintette de jazz d\u00e8s 19h. Compositions originales et standards de jazz : Guillaume Perez (sax alto), Misja Fitzgerald Michel (guitare), Giovanni Ceccarelli (clavier), Yves Torchinsky (contrebasse), Yves Nahon (batterie). Les concerts ont lieu Place des Arts.<\/p>\n<p>Autour de la danse avec l\u2019Orchestre symphonique junior du CRR de Cergy-Pontoise<\/p>\n<p>A partir de 20h30. Sous la direction de Haik Davtian, professeur actuellement au Conservatoire \u00e0 rayonnement r\u00e9gional (CRR) o\u00f9 il dirige \u00e9galement l&rsquo;orchestre symphonique, l&rsquo;Orchestre symphonique junior du CRR de Cergy-Pontoise participe \u00e0 la F\u00eate de la musique (soliste : Isabelle Lagors, harpe).<br \/>Programme : Claude Gervaise, Pavane &#8211; Claude Debussy, Danses Sacr\u00e9e et Profane pour harpe solo et l\u2019orchestre \u00e0 cordes, soliste Isabelle Lagors &#8211; Leo Weiner, Danse des Loups &#8211; Traditionnelle, Mary, Yang and Fair, Danse Irlandaise &#8211; Jean Sibelius, Valse Triste &#8211; Gioachino Rossini, Tarentelle Napolitaine &#8211; Nino Rota, 3 danses de musique de film \u00ab\u00a0Il Gattopardo\u00a0\u00bb, (Le Gu\u00e9pard) &#8211; Valse verdienne, Baletto, Valse del Commiato, (Valse des Adieux).<\/p>\n<p><img decoding=\"async\" src=\"https:\/\/www.europesays.com\/fr\/wp-content\/uploads\/2025\/09\/ebbb18988e33-conservatoire-val-d-oise-site.jpg\" alt=\"\" class=\"fr-responsive-img  alias_Grande \" data-height=\"550 \" data-width=\"825 \"\/><\/p>\n<p style=\"text-align:center;\">\u00a9 Lionel Pag\u00e8s<\/p>\n<p><strong>Le lieu<\/strong>. <a href=\"https:\/\/points-communs.com\/\" rel=\"nofollow noopener\" target=\"_blank\">Points communs<\/a> est la nouvelle sc\u00e8ne nationale de Cergy-Pontoise et du Val d\u2019Oise. Elle dispose de deux lieux de spectacles : le Th\u00e9\u00e2tre 95 \u00e0 Cergy et le Th\u00e9\u00e2tre des Louvrais \u00e0 Pontoise. Dirig\u00e9 par F\u00e9riel Bakouri depuis 2017 elle joue un r\u00f4le majeur dans la diffusion des arts vivants, notamment le th\u00e9\u00e2tre, la danse, la musique et le cirque. Points Communs vise \u00e0 promouvoir la diversit\u00e9 artistique et culturelle tout en soutenant la cr\u00e9ation contemporaine. Sa mission principale : soutenir et diffuser la cr\u00e9ation artistique contemporaine, favoriser l&rsquo;acc\u00e8s \u00e0 la culture pour tous et encourager les \u00e9changes entre les artistes et les spectateurs. La DRAC \u00cele-de-France est partenaire de l\u2019institution culturelle. Points communs, All\u00e9e des platanes, 95000 Cergy, Val-d&rsquo;Oise<\/p>\n<p><strong>L&rsquo;Orchestre symphonique junior du CRR<\/strong><\/p>\n<p>L&rsquo;Orchestre symphonique junior du CRR de Cergy-Pontoise est une formation orchestrale compos\u00e9e de jeunes musiciens , \u00e9l\u00e8ves du <a href=\"https:\/\/www.conservatoire-cergypontoise.fr\/\" rel=\"nofollow noopener\" target=\"_blank\">Conservatoire \u00e0 Rayonnement R\u00e9gional (CRR) de Cergy-Pontoise<\/a>. Cet orchestre fait partie int\u00e9grante du programme p\u00e9dagogique et artistique du conservatoire, qui offre une formation musicale avanc\u00e9e aux jeunes musiciens.<\/p>\n<p>Les membres de l&rsquo;Orchestre Symphonique Junior sont des \u00e9tudiants form\u00e9s dans leurs instruments respectifs. Ils participent \u00e0 des r\u00e9p\u00e9titions et \u00e0 des concerts orchestraux, ce qui leur permet de d\u00e9velopper leurs comp\u00e9tences dans un cadre collaboratif et professionnel.<\/p>\n<p>L&rsquo;orchestre interpr\u00e8te un large \u00e9ventail de r\u00e9pertoires, allant des \u0153uvres classiques aux pi\u00e8ces contemporaines, offrant ainsi aux musiciens une exp\u00e9rience musicale diversifi\u00e9e. Les concerts ont lieu dans divers lieux locaux, contribuant \u00e0 l&rsquo;animation culturelle de la communaut\u00e9 de Cergy-Pontoise.<\/p>\n<p style=\"\">\u00a0<\/p>\n<p><strong>Lanc\u00e9e en 1982, cette manifestation populaire<\/strong>, imagin\u00e9e en 1976 par Joel Cohen, musicien am\u00e9ricain qui travaillait pour France Musique, pour saluer le solstice d\u2019\u00e9t\u00e9, a \u00e9t\u00e9 voulue et impuls\u00e9e par Maurice Fleuret, journaliste, organisateur de festivals et\u00a0 compositeur afin de c\u00e9l\u00e9brer le 1er jour de l\u2019\u00e9t\u00e9, jour le plus long de l\u2019ann\u00e9e. Depuis le 21 juin 1982, tant de musiques multicolores ont retenti dans les rues des grandes villes et des bourgades, tant \u00e0 l\u2019int\u00e9rieur qu\u2019\u00e0 l\u2019ext\u00e9rieur de l\u2019hexagone. La F\u00eate de la musique se conjugue au pluriel et avec tous les styles et tous les publics. Depuis plus de quatre d\u00e9cennies \u00e0 pr\u00e9sent, artistes et m\u00e9lomanes de tous \u00e2ges se retrouvent partout en France et dans le monde afin de partager ces moments de plaisir.<\/p>\n<p><strong>Carte des lieux franciliens<\/strong><\/p>\n<p style=\"\">\u00a0<\/p>\n<p style=\"\">\u00a0<\/p>\n<p style=\"\">\u00a0<\/p>\n<p style=\"\">\u00a0<\/p>\n<p style=\"\">\u00a0<\/p>\n","protected":false},"excerpt":{"rendered":"\u00ab\u00a0Faites de la musique\u00a0\u00bb\u00a0! Chaque 21 \u00a0juin, cette invite populaire insuffle l\u2019esprit d\u2019inventivit\u00e9, de spontan\u00e9it\u00e9 et de convivialit\u00e9&hellip;\n","protected":false},"author":2,"featured_media":387458,"comment_status":"","ping_status":"","sticky":false,"template":"","format":"standard","meta":{"footnotes":""},"categories":[1592],"tags":[1111,11,1777,674,1011,27,662,12,626,25],"class_list":{"0":"post-387457","1":"post","2":"type-post","3":"status-publish","4":"format-standard","5":"has-post-thumbnail","7":"category-ile-de-france","8":"tag-actu","9":"tag-actualites","10":"tag-eu","11":"tag-europe","12":"tag-fr","13":"tag-france","14":"tag-ile-de-france","15":"tag-news","16":"tag-paris","17":"tag-republique-francaise"},"share_on_mastodon":{"url":"https:\/\/pubeurope.com\/@fr\/115196178581637522","error":""},"_links":{"self":[{"href":"https:\/\/www.europesays.com\/fr\/wp-json\/wp\/v2\/posts\/387457","targetHints":{"allow":["GET"]}}],"collection":[{"href":"https:\/\/www.europesays.com\/fr\/wp-json\/wp\/v2\/posts"}],"about":[{"href":"https:\/\/www.europesays.com\/fr\/wp-json\/wp\/v2\/types\/post"}],"author":[{"embeddable":true,"href":"https:\/\/www.europesays.com\/fr\/wp-json\/wp\/v2\/users\/2"}],"replies":[{"embeddable":true,"href":"https:\/\/www.europesays.com\/fr\/wp-json\/wp\/v2\/comments?post=387457"}],"version-history":[{"count":0,"href":"https:\/\/www.europesays.com\/fr\/wp-json\/wp\/v2\/posts\/387457\/revisions"}],"wp:featuredmedia":[{"embeddable":true,"href":"https:\/\/www.europesays.com\/fr\/wp-json\/wp\/v2\/media\/387458"}],"wp:attachment":[{"href":"https:\/\/www.europesays.com\/fr\/wp-json\/wp\/v2\/media?parent=387457"}],"wp:term":[{"taxonomy":"category","embeddable":true,"href":"https:\/\/www.europesays.com\/fr\/wp-json\/wp\/v2\/categories?post=387457"},{"taxonomy":"post_tag","embeddable":true,"href":"https:\/\/www.europesays.com\/fr\/wp-json\/wp\/v2\/tags?post=387457"}],"curies":[{"name":"wp","href":"https:\/\/api.w.org\/{rel}","templated":true}]}}