{"id":387461,"date":"2025-09-13T09:02:11","date_gmt":"2025-09-13T09:02:11","guid":{"rendered":"https:\/\/www.europesays.com\/fr\/387461\/"},"modified":"2025-09-13T09:02:11","modified_gmt":"2025-09-13T09:02:11","slug":"direct-sebastien-lecornu-sentretient-avec-des-medecins-en-saone-et-loire-pour-son-premier-deplacement-en-tant-que-premier-ministre","status":"publish","type":"post","link":"https:\/\/www.europesays.com\/fr\/387461\/","title":{"rendered":"DIRECT. S\u00e9bastien Lecornu s&rsquo;entretient avec des m\u00e9decins en Sa\u00f4ne-et-Loire pour son premier d\u00e9placement en tant que Premier ministre"},"content":{"rendered":"<p>C&rsquo;est son premier d\u00e9placement en tant que nouveau Premier ministre. <a href=\"https:\/\/www.franceinfo.fr\/politique\/gouvernement-de-sebastien-lecornu\/il-va-etre-percu-comme-le-clone-de-macron-sebastien-lecornu-un-fidele-du-president-a-la-recherche-d-une-voie-de-passage-au-parlement_7482973.html\" rel=\"nofollow noopener\" target=\"_blank\">S\u00e9bastien Lecornu<\/a> est arriv\u00e9, samedi 13 septembre, \u00e0 M\u00e2con (Sa\u00f4ne-et-Loire), o\u00f9 il d\u00e9laissera pendant quelques heures les concertations qu&rsquo;il m\u00e8ne activement \u00e0 Paris avant de former un gouvernement. Quatre jours \u00e0 peine apr\u00e8s sa nomination, le nouveau locataire de Matignon va \u00e0 la rencontre des Fran\u00e7ais, pour qui il reste encore un inconnu. Il \u00e9change avec des m\u00e9decins, mais aussi avec des salari\u00e9s d&rsquo;un centre de sant\u00e9 de la pr\u00e9fecture de Sa\u00f4ne-et-Loire dont le but est d&rsquo;am\u00e9liorer l&rsquo;acc\u00e8s aux soins. Suivez notre direct.<\/p>\n<p class=\"c-body__bullet\"> <strong>\u00ab\u00a0Un enjeu majeur pour le pays\u00a0\u00bb.<\/strong> \u00ab\u00a0Il a souhait\u00e9 plac\u00e9 ce premier d\u00e9placement sous le signe de la vie quotidienne des Fran\u00e7ais et en particulier sur un enjeu majeur pour le pays\u00a0: l\u2019acc\u00e8s aux soins et la lutte contre les d\u00e9serts m\u00e9dicaux\u00a0\u00bb, vante Matignon, \u00e0 propos de ce d\u00e9placement. \u00ab\u00a0Le Premier ministre souhaite\u00a0: t\u00e9moigner de la reconnaissance de la nation \u00e0 l\u2019\u00e9gard des personnels soignants et r\u00e9affirmer la volont\u00e9 du gouvernement de faciliter l\u2019acc\u00e8s aux soins pour tous les Fran\u00e7ais, partout sur le territoire\u00a0\u00bb, ajoute-t-on de m\u00eame source.\u00a0<\/p>\n<p class=\"c-body__bullet\"> <strong>L&rsquo;\u00e9quation p\u00e9rilleuse du budget.<\/strong> En qu\u00eate d&rsquo;un compromis pour faire adopter le budget 2026, le chef de gouvernement pourrait repartir du plan de son pr\u00e9d\u00e9cesseur, Fran\u00e7ois Bayrou, d\u00e9lest\u00e9 de ses mesures les plus controvers\u00e9es, \u00e0 commencer par <a href=\"https:\/\/www.franceinfo.fr\/politique\/gouvernement-de-sebastien-lecornu\/budget-2026-sebastien-lecornu-n-exclut-pas-de-revenir-sur-la-suppression-des-deux-jours-feries-proposee-par-francois-bayrou_7486741.html\" rel=\"nofollow noopener\" target=\"_blank\">la suppression de deux jours f\u00e9ri\u00e9s<\/a>. L&rsquo;hypoth\u00e8se d&rsquo;une remise sur les rails du \u00ab\u00a0conclave\u00a0\u00bb sur les retraites semble \u00e9galement abandonn\u00e9e. Les partenaires sociaux refusent de toute fa\u00e7on de le rouvrir.<\/p>\n<p class=\"c-body__bullet\"> <strong>Un deal avec les socialistes\u00a0? <\/strong>S\u00e9bastien Lecornu cherche en priorit\u00e9 <a href=\"https:\/\/www.franceinfo.fr\/politique\/gouvernement-de-sebastien-lecornu\/si-sebastien-lecornu-reste-dans-les-dogmes-il-finira-crucifie-le-premier-ministre-peut-il-vraiment-s-eviter-la-censure-du-ps_7484560.html\" rel=\"nofollow noopener\" target=\"_blank\">une forme d&rsquo;entente avec les socialistes<\/a>. Mais il lui faut dans le m\u00eame temps r\u00e9duire les d\u00e9ficits, alors que l&rsquo;agence de notation Fitch a d\u00e9grad\u00e9 vendredi soir <a href=\"https:\/\/www.franceinfo.fr\/economie\/deficit\/l-agence-de-notation-fitch-degrade-la-note-de-la-france-qui-passe-de-aa-a-a-pointant-ses-finances-publiques-degradees_7488784.html\" rel=\"nofollow noopener\" target=\"_blank\">la note de la dette fran\u00e7aise<\/a>.<\/p>\n","protected":false},"excerpt":{"rendered":"C&rsquo;est son premier d\u00e9placement en tant que nouveau Premier ministre. S\u00e9bastien Lecornu est arriv\u00e9, samedi 13 septembre, \u00e0&hellip;\n","protected":false},"author":2,"featured_media":387462,"comment_status":"","ping_status":"","sticky":false,"template":"","format":"standard","meta":{"footnotes":""},"categories":[1888],"tags":[1111,1928,11,1927,1777,674,1011,27,12,1926,626,1925,25],"class_list":{"0":"post-387461","1":"post","2":"type-post","3":"status-publish","4":"format-standard","5":"has-post-thumbnail","7":"category-paris","8":"tag-actu","9":"tag-actu-paris","10":"tag-actualites","11":"tag-actualites-paris","12":"tag-eu","13":"tag-europe","14":"tag-fr","15":"tag-france","16":"tag-news","17":"tag-news-paris","18":"tag-paris","19":"tag-paris-news","20":"tag-republique-francaise"},"share_on_mastodon":{"url":"https:\/\/pubeurope.com\/@fr\/115196182277373612","error":""},"_links":{"self":[{"href":"https:\/\/www.europesays.com\/fr\/wp-json\/wp\/v2\/posts\/387461","targetHints":{"allow":["GET"]}}],"collection":[{"href":"https:\/\/www.europesays.com\/fr\/wp-json\/wp\/v2\/posts"}],"about":[{"href":"https:\/\/www.europesays.com\/fr\/wp-json\/wp\/v2\/types\/post"}],"author":[{"embeddable":true,"href":"https:\/\/www.europesays.com\/fr\/wp-json\/wp\/v2\/users\/2"}],"replies":[{"embeddable":true,"href":"https:\/\/www.europesays.com\/fr\/wp-json\/wp\/v2\/comments?post=387461"}],"version-history":[{"count":0,"href":"https:\/\/www.europesays.com\/fr\/wp-json\/wp\/v2\/posts\/387461\/revisions"}],"wp:featuredmedia":[{"embeddable":true,"href":"https:\/\/www.europesays.com\/fr\/wp-json\/wp\/v2\/media\/387462"}],"wp:attachment":[{"href":"https:\/\/www.europesays.com\/fr\/wp-json\/wp\/v2\/media?parent=387461"}],"wp:term":[{"taxonomy":"category","embeddable":true,"href":"https:\/\/www.europesays.com\/fr\/wp-json\/wp\/v2\/categories?post=387461"},{"taxonomy":"post_tag","embeddable":true,"href":"https:\/\/www.europesays.com\/fr\/wp-json\/wp\/v2\/tags?post=387461"}],"curies":[{"name":"wp","href":"https:\/\/api.w.org\/{rel}","templated":true}]}}