{"id":387467,"date":"2025-09-13T09:05:09","date_gmt":"2025-09-13T09:05:09","guid":{"rendered":"https:\/\/www.europesays.com\/fr\/387467\/"},"modified":"2025-09-13T09:05:09","modified_gmt":"2025-09-13T09:05:09","slug":"pourquoi-un-helicoptere-entraine-la-fermeture-dune-partie-du-quartier-de-la-bnf-ce-samedi","status":"publish","type":"post","link":"https:\/\/www.europesays.com\/fr\/387467\/","title":{"rendered":"pourquoi un h\u00e9licopt\u00e8re entra\u00eene la fermeture d&rsquo;une partie du quartier de la BnF ce samedi\u00a0?"},"content":{"rendered":"<p>            Par<br \/>\n        <strong><br \/>\n            <a href=\"https:\/\/actu.fr\/auteur\/glenn-gillet\" title=\"Consulter tous les articles de Glenn Gillet\" target=\"_blank\" rel=\"noopener\">Glenn Gillet<\/a><br \/>\n        <\/strong><\/p>\n<p>        Publi\u00e9 le<\/p>\n<p>            13 sept. 2025 \u00e0 10h15        <\/p>\n<p>Des <strong>bruits de rotors<\/strong> et des <strong>rues bloqu\u00e9es<\/strong>\u2009: voil\u00e0 l\u2019ambiance \u00e0 laquelle vous ferez face si vous vous trouvez dans le secteur de la <a href=\"https:\/\/actu.fr\/ile-de-france\/paris_75056\/turnover-sous-effectif-contrats-precaires-pourquoi-les-petites-mains-de-la-bnf-font-greve-a-paris_62556885.html\" target=\"_blank\" rel=\"noopener\">Biblioth\u00e8que Fran\u00e7ois-Mitterrand<\/a>, dans le 13e arrondissement de Paris, ce samedi 13\u00a0septembre 2025 dans la matin\u00e9e. Une \u00ab\u2009op\u00e9ration de <strong>grutage par h\u00e9licopt\u00e8re<\/strong>\u2009\u00bb est men\u00e9e \u00ab\u2009dans le cadre de travaux en toiture\u2009\u00bb sur l\u2019une des quatre tours embl\u00e9matiques de la <a href=\"https:\/\/actu.fr\/tag\/bnf\" target=\"_blank\" rel=\"noopener\">BnF<\/a>. Voici ce qui est pr\u00e9vu.<\/p>\n<p>Une installation doit \u00eatre remplac\u00e9e<\/p>\n<p class=\" wall-content\">La pr\u00e9fecture de police pr\u00e9cise ainsi que cet \u00ab\u2009h\u00e9licopt\u00e8re biturbine de type SUPER PUMA\u2009\u00bb, va circuler dans les airs ce samedi \u00ab\u2009pour une dur\u00e9e d\u2019<strong>une heure<\/strong>, entre 9h et 12h, avec un report possible ce m\u00eame jour entre 12h00 et 17h00 selon les conditions m\u00e9t\u00e9orologiques\u2009\u00bb.<\/p>\n<p class=\" wall-content\">Plus pr\u00e9cis\u00e9ment, la Biblioth\u00e8que nationale de France a indiqu\u00e9 que \u00ab\u2009dans le cadre des travaux de remplacement des tours de refroidissement situ\u00e9es en toiture de la<strong> tour T3<\/strong>, une op\u00e9ration de grutage par h\u00e9licopt\u00e8re aura lieu ce samedi 13\u00a0septembre au matin\u2009\u00bb, explique-t-elle dans un communiqu\u00e9 cit\u00e9 par <a href=\"https:\/\/www.sortiraparis.com\/actualites\/a-paris\/articles\/273434-pourquoi-bruit-helicoptere-survole-ciel-paris\" target=\"_blank\" rel=\"noopener\">Sortir \u00e0 Paris<\/a>.<\/p>\n<p class=\" wall-content\">Du fait de cette intervention et \u00ab\u2009par mesure de s\u00e9curit\u00e9\u2009\u00bb, l\u2019ouverture au public du site Fran\u00e7ois Mitterrand est <strong>d\u00e9cal\u00e9e \u00e0 14\u2009h <\/strong>ce samedi. Par ailleurs, plusieurs axes sont ferm\u00e9s au public et \u00e0 la circulation dans la matin\u00e9e\u2009: l\u2019avenue de France, la rue Alphonse Boudard, la rue Durkheim, la rue Fernand Braudel, la rue Georges Balanchine \u00ab\u2009depuis la rue Fernand Braudel jusqu\u2019\u00e0 l\u2019avenue de France\u2009\u00bb et enfin les rues Pau Casals et Raymond Aron.<\/p>\n<p class=\" wall-content\">Personnalisez votre actualit\u00e9 en ajoutant vos villes et m\u00e9dias en favori avec <a href=\"https:\/\/moncompte.actu.fr\" title=\"D\u00e9couvez Mon Actu\" rel=\"nofollow noopener\" data-trk=\"{&quot;cta&quot;:{&quot;action&quot;:&quot;https:\\\/\\\/moncompte.actu.fr&quot;,&quot;category&quot;:&quot;mon compte&quot;,&quot;from&quot;:&quot;article footer&quot;,&quot;name&quot;:&quot;Mon actu&quot;,&quot;type&quot;:&quot;cta&quot;}}\" target=\"_blank\">Mon Actu<\/a>.<\/p>\n","protected":false},"excerpt":{"rendered":"Par Glenn Gillet Publi\u00e9 le 13 sept. 2025 \u00e0 10h15 Des bruits de rotors et des rues bloqu\u00e9es\u2009:&hellip;\n","protected":false},"author":2,"featured_media":387468,"comment_status":"","ping_status":"","sticky":false,"template":"","format":"standard","meta":{"footnotes":""},"categories":[1888],"tags":[11,15641,1777,674,1011,27,12,626,1931,25,104,2086],"class_list":{"0":"post-387467","1":"post","2":"type-post","3":"status-publish","4":"format-standard","5":"has-post-thumbnail","7":"category-paris","8":"tag-actualites","9":"tag-bnf","10":"tag-eu","11":"tag-europe","12":"tag-fr","13":"tag-france","14":"tag-news","15":"tag-paris","16":"tag-prefecture-de-police-de-paris","17":"tag-republique-francaise","18":"tag-societe","19":"tag-travaux"},"share_on_mastodon":{"url":"https:\/\/pubeurope.com\/@fr\/115196194083254783","error":""},"_links":{"self":[{"href":"https:\/\/www.europesays.com\/fr\/wp-json\/wp\/v2\/posts\/387467","targetHints":{"allow":["GET"]}}],"collection":[{"href":"https:\/\/www.europesays.com\/fr\/wp-json\/wp\/v2\/posts"}],"about":[{"href":"https:\/\/www.europesays.com\/fr\/wp-json\/wp\/v2\/types\/post"}],"author":[{"embeddable":true,"href":"https:\/\/www.europesays.com\/fr\/wp-json\/wp\/v2\/users\/2"}],"replies":[{"embeddable":true,"href":"https:\/\/www.europesays.com\/fr\/wp-json\/wp\/v2\/comments?post=387467"}],"version-history":[{"count":0,"href":"https:\/\/www.europesays.com\/fr\/wp-json\/wp\/v2\/posts\/387467\/revisions"}],"wp:featuredmedia":[{"embeddable":true,"href":"https:\/\/www.europesays.com\/fr\/wp-json\/wp\/v2\/media\/387468"}],"wp:attachment":[{"href":"https:\/\/www.europesays.com\/fr\/wp-json\/wp\/v2\/media?parent=387467"}],"wp:term":[{"taxonomy":"category","embeddable":true,"href":"https:\/\/www.europesays.com\/fr\/wp-json\/wp\/v2\/categories?post=387467"},{"taxonomy":"post_tag","embeddable":true,"href":"https:\/\/www.europesays.com\/fr\/wp-json\/wp\/v2\/tags?post=387467"}],"curies":[{"name":"wp","href":"https:\/\/api.w.org\/{rel}","templated":true}]}}