{"id":387469,"date":"2025-09-13T09:06:17","date_gmt":"2025-09-13T09:06:17","guid":{"rendered":"https:\/\/www.europesays.com\/fr\/387469\/"},"modified":"2025-09-13T09:06:17","modified_gmt":"2025-09-13T09:06:17","slug":"la-russie-sest-imposee-dans-les-pays-du-sahel","status":"publish","type":"post","link":"https:\/\/www.europesays.com\/fr\/387469\/","title":{"rendered":"\u00abLa Russie s\u2019est impos\u00e9e dans les pays du Sahel\u00bb"},"content":{"rendered":"<p>Apr\u00e8s le d\u00e9part des troupes fran\u00e7aises du Sahel, la Russie a renforc\u00e9 sa pr\u00e9sence militaire et m\u00e9diatique au Mali, au Burkina Faso et au Niger. Mais son implantation reste limit\u00e9e et peine \u00e0 r\u00e9pondre aux promesses de stabilit\u00e9.\n<\/p>\n<ul>\n<li><strong>Depuis plus de trois ans,<\/strong> les troupes fran\u00e7aises ne sont plus les bienvenues au Sahel, notamment au Mali, au Burkina Faso et au Niger. D\u00e9ploy\u00e9e au Mali d\u00e8s 2013 pour contenir l&rsquo;avanc\u00e9e de groupes djihadistes, l&rsquo;arm\u00e9e fran\u00e7aise lance ensuite l&rsquo;op\u00e9ration Barkhane afin d&rsquo;\u00e9tendre son action au Burkina Faso et au Niger. \u00c0 partir de 2020, les coups d&rsquo;\u00c9tat se succ\u00e8dent dans ces trois pays. Les nouveaux r\u00e9gimes rompent les liens avec Paris, dans un climat anti-occidental, amplifi\u00e9 par des m\u00e9dias de propagande russes en pleine expansion. <a href=\"https:\/\/www.lepelerin.com\/monde\/reportage\/au-sahel-avec-les-soldats-francais-de-loperation-barkhane-5463\" target=\"_blank\" rel=\"nofollow noopener\">L&rsquo;op\u00e9ration Barkhane<\/a> prend fin en novembre 2022.<\/li>\n<\/ul>\n<ul>\n<li><strong>Dans un premier temps,<\/strong> la pr\u00e9sence russe s&rsquo;exerce de mani\u00e8re opaque, <a href=\"https:\/\/www.lepelerin.com\/monde\/decryptage\/pourquoi-prigojine-le-patron-de-wagner-est-il-rentre-en-rebellion-contre-moscou-7634\" target=\"_blank\" rel=\"nofollow noopener\">via Wagner, un groupe de mercenaires fond\u00e9 par Evgueni Prigojine<\/a>. Auteur d&rsquo;une tentative de coup d&rsquo;\u00c9tat contre Vladimir Poutine en juin 2023, il est mort dans un crash a\u00e9rien deux mois plus tard. Depuis, le Kremlin a rattach\u00e9 au minist\u00e8re de la D\u00e9fense un nouveau groupe militaire : l&rsquo;Africa Corps. \u00c0 ce jour, pr\u00e8s de 2500 paramilitaires russes sont en mission dans ces trois pays contre 5500 soldats fran\u00e7ais au plus fort de l&rsquo;op\u00e9ration.<\/li>\n<\/ul>\n<ul>\n<li><strong>Focalis\u00e9e sur le volet s\u00e9curitaire<\/strong> pour maintenir les juntes militaires au pouvoir, la Russie n&rsquo;arrive pas, pour l&rsquo;heure, \u00e0 apporter la stabilit\u00e9, contrairement \u00e0 ses promesses. Au Mali, ses troupes ont subi une vingtaine d&rsquo;attaques djihadistes cet \u00e9t\u00e9. \u00abL&rsquo;offre de la Russie est tributaire de la conjoncture et de la fragilit\u00e9 de ces r\u00e9gimes\u00bb, constate Ibrahima Dabo, docteur en science politique \u00e0 l&rsquo;<a href=\"https:\/\/www.assas-universite.fr\/fr\" target=\"_blank\" rel=\"nofollow noopener\">Universit\u00e9 Paris 2 Panth\u00e9on-Assas<\/a>.<\/li>\n<\/ul>\n<ul>\n<li><strong>Moscou profite du bannissement des m\u00e9dias fran\u00e7ais<\/strong> pour renforcer sa pr\u00e9sence dans le champ de l&rsquo;information, via la cha\u00eene de t\u00e9l\u00e9vision Russia Today et l&rsquo;agence de presse Sputnik. Le pays a \u00e9galement ouvert des \u00abmaisons russes\u00bb afin de promouvoir sa langue et sa culture, mais qui lui servent aussi \u00e0 exercer son lobbying.<\/li>\n<\/ul>\n<ul>\n<li><strong>Les pays du Sahel,<\/strong> riches en mati\u00e8res premi\u00e8res, cherchent \u00e0 r\u00e9tablir leur souverainet\u00e9 en nationalisant leurs exploitations mini\u00e8res. \u00abLe Mali a m\u00eame refus\u00e9 les investissements russes dans les mines d&rsquo;or\u00bb, indique Nina Wil\u00e9n, directrice du programme Afrique de l&rsquo;<a href=\"https:\/\/www.egmontinstitute.be\/\" target=\"_blank\" rel=\"nofollow noopener\">institut belge Egmont<\/a>. La Russie doit aussi composer avec la concurrence d&rsquo;acteurs encore plus puissants, au premier rang desquels la Chine. Son influence dans la r\u00e9gion est donc \u00e0 nuancer.<\/li>\n<\/ul>\n","protected":false},"excerpt":{"rendered":"Apr\u00e8s le d\u00e9part des troupes fran\u00e7aises du Sahel, la Russie a renforc\u00e9 sa pr\u00e9sence militaire et m\u00e9diatique au&hellip;\n","protected":false},"author":2,"featured_media":387470,"comment_status":"","ping_status":"","sticky":false,"template":"","format":"standard","meta":{"footnotes":""},"categories":[1591],"tags":[11,1887,12,1885,1886,132],"class_list":{"0":"post-387469","1":"post","2":"type-post","3":"status-publish","4":"format-standard","5":"has-post-thumbnail","7":"category-russie","8":"tag-actualites","9":"tag-federation-de-russie","10":"tag-news","11":"tag-russia","12":"tag-russian-federation","13":"tag-russie"},"share_on_mastodon":{"url":"https:\/\/pubeurope.com\/@fr\/115196198043499689","error":""},"_links":{"self":[{"href":"https:\/\/www.europesays.com\/fr\/wp-json\/wp\/v2\/posts\/387469","targetHints":{"allow":["GET"]}}],"collection":[{"href":"https:\/\/www.europesays.com\/fr\/wp-json\/wp\/v2\/posts"}],"about":[{"href":"https:\/\/www.europesays.com\/fr\/wp-json\/wp\/v2\/types\/post"}],"author":[{"embeddable":true,"href":"https:\/\/www.europesays.com\/fr\/wp-json\/wp\/v2\/users\/2"}],"replies":[{"embeddable":true,"href":"https:\/\/www.europesays.com\/fr\/wp-json\/wp\/v2\/comments?post=387469"}],"version-history":[{"count":0,"href":"https:\/\/www.europesays.com\/fr\/wp-json\/wp\/v2\/posts\/387469\/revisions"}],"wp:featuredmedia":[{"embeddable":true,"href":"https:\/\/www.europesays.com\/fr\/wp-json\/wp\/v2\/media\/387470"}],"wp:attachment":[{"href":"https:\/\/www.europesays.com\/fr\/wp-json\/wp\/v2\/media?parent=387469"}],"wp:term":[{"taxonomy":"category","embeddable":true,"href":"https:\/\/www.europesays.com\/fr\/wp-json\/wp\/v2\/categories?post=387469"},{"taxonomy":"post_tag","embeddable":true,"href":"https:\/\/www.europesays.com\/fr\/wp-json\/wp\/v2\/tags?post=387469"}],"curies":[{"name":"wp","href":"https:\/\/api.w.org\/{rel}","templated":true}]}}