{"id":387471,"date":"2025-09-13T09:07:12","date_gmt":"2025-09-13T09:07:12","guid":{"rendered":"https:\/\/www.europesays.com\/fr\/387471\/"},"modified":"2025-09-13T09:07:12","modified_gmt":"2025-09-13T09:07:12","slug":"lci-sur-le-terrain-guerre-en-ukraine-les-jeunes-hommes-ukrainiens-a-nouveau-libres-de-circuler","status":"publish","type":"post","link":"https:\/\/www.europesays.com\/fr\/387471\/","title":{"rendered":"LCI SUR LE TERRAIN &#8211; Guerre en Ukraine : les jeunes hommes ukrainiens \u00e0 nouveau libres de circuler"},"content":{"rendered":"<ul class=\"jsx-862013697 ArticleChapo__List\">\n<li class=\"jsx-862013697 ArticleChapo__List_Item flex\">Avec la loi martiale, les hommes ukrainiens avaient l&rsquo;interdiction de quitter le territoire.<\/li>\n<li class=\"jsx-862013697 ArticleChapo__List_Item flex\">Ce n&rsquo;est d\u00e9sormais plus le cas pour les jeunes \u00e2g\u00e9s de 18 \u00e0 22 ans.<\/li>\n<\/ul>\n<p><a href=\"https:\/\/www.tf1info.fr\/actualite\/invasion-de-l-ukraine-par-la-russie-une-guerre-qui-dure-12951\/\" rel=\"noopener\" class=\"jsx-484472199 Link jsx-1428418400 jsx-554215408\" target=\"_blank\"><\/p>\n<p style=\"font-weight:400\" class=\"jsx-1837267516\">Suivez la couverture compl\u00e8te<\/p>\n<p style=\"font-weight:800\" class=\"jsx-1837267516\">Ukraine : 4\u1d49 ann\u00e9e de guerre<\/p>\n<p><\/a><\/p>\n<p data-module=\"article-paragraph\" class=\"jsx-3046738180 Paragraph\">\u00c0 la fin du mois d&rsquo;ao\u00fbt, <a href=\"https:\/\/www.tf1info.fr\/politique\/verif-guerre-en-ukraine-non-l-armee-francaise-n-a-pas-desobei-a-emmanuel-macron-2393268.html\" target=\"_blank\" rel=\"noopener\">l&rsquo;Ukraine<\/a> a assoupli sa loi martiale, en vigueur depuis l&rsquo;invasion russe en f\u00e9vrier 2022. Les jeunes hommes <a href=\"https:\/\/www.tf1info.fr\/international\/refugiee-ukrainienne-poignardee-aux-etats-unis-trump-reclame-la-peine-de-mort-pour-le-meurtrier-presume-2393857.html\" target=\"_blank\" rel=\"noopener\">ukrainiens<\/a>, \u00e2g\u00e9s de 18 \u00e0 22 ans, ont d\u00e9sormais l&rsquo;autorisation de quitter le territoire pour se rendre \u00e0 l&rsquo;\u00e9tranger s&rsquo;ils le souhaitent. Des hommes pas encore concern\u00e9s par la mobilisation militaire, dont l&rsquo;\u00e2ge minimal a \u00e9t\u00e9 fix\u00e9 \u00e0 25 ans en avril 2024.<\/p>\n<p data-module=\"article-paragraph\" class=\"jsx-3046738180 Paragraph Paragraph__End\">\u00ab\u00a0Je pense que c&rsquo;est une bonne nouvelle car je vais pouvoir voyager. Gagner de l&rsquo;argent \u00e0 l&rsquo;\u00e9tranger et pourquoi pas \u00e9pargner pour aller en Italie o\u00f9 j&rsquo;ai des proches qui vivent. Je pourrais y aller une ou deux semaines, m&rsquo;y reposer et revenir\u00a0\u00bb, t\u00e9moigne un ukrainien au micro de LCI &#8211; le reportage est \u00e0 d\u00e9couvrir en t\u00eate de cet article.<\/p>\n<p><a href=\"https:\/\/www.tf1info.fr\/culture\/famille-royale-britannique-pourquoi-prince-harry-en-visite-surprise-en-ukraine-2394273.html\" rel=\"noopener\" class=\"jsx-3308031228 Link flex\" target=\"_blank\"><img decoding=\"async\" src=\"https:\/\/www.europesays.com\/fr\/wp-content\/uploads\/2025\/09\/prince-harry-2033-e9bf93-0@1x.jpeg\" alt=\"Le prince Harry, \u00e0 Londres le 11 septembre 2025.\" loading=\"lazy\" importance=\"low\" fetchpriority=\"low\" class=\"\" aria-hidden=\"true\"\/><\/p>\n<p class=\"jsx-3657663356 ReadMoreArticle__Title\">Lire aussi<\/p>\n<p class=\"jsx-3657663356\">Pourquoi le prince Harry est en visite (surprise) en Ukraine<\/p>\n<p><\/a><\/p>\n<p data-module=\"article-paragraph\" class=\"jsx-3046738180 Paragraph\">Le colocataire de ce jeune a, lui aussi, des envies de d\u00e9part. \u00ab\u00a0Je veux finir ma licence et l&rsquo;ann\u00e9e prochaine, quand j&rsquo;aurai mon dipl\u00f4me et que je serai devenu sp\u00e9cialiste, je voudrais partir l&rsquo;\u00e9t\u00e9 prochain, faire un visa et travailler au Canada. Je voudrais y vivre pendant 5-10 ans et peut-\u00eatre revenir en Ukraine, car c&rsquo;est quand m\u00eame ma patrie\u00a0\u00bb, explique-t-il. Avant d&rsquo;ajouter : \u00ab\u00a0Ou pas.\u00a0\u00bb<\/p>\n<p data-module=\"article-paragraph\" class=\"jsx-3046738180 Paragraph\">En 2024, 115.000 \u00e9tudiants ukrainiens \u00e9taient \u00e0 l&rsquo;\u00e9tranger, deux fois plus qu&rsquo;avant la guerre, note le reportage. Avec l&rsquo;assouplissement de la loi martiale, le gouvernement veut faciliter leur retour et offrir plus de libert\u00e9 \u00e0 ceux qui ont choisi de rester. M\u00eame si cela augmente le risque de d\u00e9parts.<\/p>\n<p data-module=\"article-paragraph\" class=\"jsx-3046738180 Paragraph Paragraph__End\">\u00ab\u00a0J&rsquo;ai rat\u00e9 l&rsquo;opportunit\u00e9 de partir quand j&rsquo;avais 17 ans. Alors cette fois, quand j&rsquo;ai entendu la nouvelle, j&rsquo;ai compris tout de suite qu&rsquo;il fallait partir. J&rsquo;ai d\u00e9j\u00e0 tout pr\u00e9par\u00e9, il me reste \u00e0 finir la saison de travail ici et apr\u00e8s, je m&rsquo;en vais\u00a0\u00bb, t\u00e9moigne un troisi\u00e8me jeune.\u00a0<\/p>\n<p>Ga\u00eblle SHEEHAN<\/p>\n","protected":false},"excerpt":{"rendered":"Avec la loi martiale, les hommes ukrainiens avaient l&rsquo;interdiction de quitter le territoire. Ce n&rsquo;est d\u00e9sormais plus le&hellip;\n","protected":false},"author":2,"featured_media":116434,"comment_status":"","ping_status":"","sticky":false,"template":"","format":"standard","meta":{"footnotes":""},"categories":[1590],"tags":[1111,11,1921,5925,1777,674,1922,6225,12,220,1917,133,1920],"class_list":{"0":"post-387471","1":"post","2":"type-post","3":"status-publish","4":"format-standard","5":"has-post-thumbnail","7":"category-ukraine","8":"tag-actu","9":"tag-actualites","10":"tag-article-video","11":"tag-conflits-et-guerre","12":"tag-eu","13":"tag-europe","14":"tag-info","15":"tag-la-matinale","16":"tag-news","17":"tag-ukraine","18":"tag-ukraine-4-annee-de-guerre","19":"tag-video","20":"tag-video-international"},"share_on_mastodon":{"url":"https:\/\/pubeurope.com\/@fr\/115196202101931969","error":""},"_links":{"self":[{"href":"https:\/\/www.europesays.com\/fr\/wp-json\/wp\/v2\/posts\/387471","targetHints":{"allow":["GET"]}}],"collection":[{"href":"https:\/\/www.europesays.com\/fr\/wp-json\/wp\/v2\/posts"}],"about":[{"href":"https:\/\/www.europesays.com\/fr\/wp-json\/wp\/v2\/types\/post"}],"author":[{"embeddable":true,"href":"https:\/\/www.europesays.com\/fr\/wp-json\/wp\/v2\/users\/2"}],"replies":[{"embeddable":true,"href":"https:\/\/www.europesays.com\/fr\/wp-json\/wp\/v2\/comments?post=387471"}],"version-history":[{"count":0,"href":"https:\/\/www.europesays.com\/fr\/wp-json\/wp\/v2\/posts\/387471\/revisions"}],"wp:featuredmedia":[{"embeddable":true,"href":"https:\/\/www.europesays.com\/fr\/wp-json\/wp\/v2\/media\/116434"}],"wp:attachment":[{"href":"https:\/\/www.europesays.com\/fr\/wp-json\/wp\/v2\/media?parent=387471"}],"wp:term":[{"taxonomy":"category","embeddable":true,"href":"https:\/\/www.europesays.com\/fr\/wp-json\/wp\/v2\/categories?post=387471"},{"taxonomy":"post_tag","embeddable":true,"href":"https:\/\/www.europesays.com\/fr\/wp-json\/wp\/v2\/tags?post=387471"}],"curies":[{"name":"wp","href":"https:\/\/api.w.org\/{rel}","templated":true}]}}