{"id":387472,"date":"2025-09-13T09:08:13","date_gmt":"2025-09-13T09:08:13","guid":{"rendered":"https:\/\/www.europesays.com\/fr\/387472\/"},"modified":"2025-09-13T09:08:13","modified_gmt":"2025-09-13T09:08:13","slug":"venezuela-usa-maduro-appelle-son-peuple-a-apprendre-a-tirer","status":"publish","type":"post","link":"https:\/\/www.europesays.com\/fr\/387472\/","title":{"rendered":"Venezuela-USA: Maduro appelle son peuple \u00e0 \u00abapprendre \u00e0 tirer\u00bb"},"content":{"rendered":"<p>Publi\u00e913. septembre 2025, 10:49<\/p>\n<p>Venezuela: Trump menace, Maduro appelle son peuple \u00e0 apprendre \u00e0 tirer<\/p>\n<p>Face au d\u00e9ploiement de navires de guerre am\u00e9ricains dans les Cara\u00efbes dans le cadre d\u2019une op\u00e9ration antidrogue, Nicol\u00e1s Maduro appelle les V\u00e9n\u00e9zu\u00e9liens \u00e0 se mobiliser.<\/p>\n<p><a href=\"https:\/\/www.20min.ch\/fr\/auteurs\/103333179\/agence-france-presse\" class=\"sc-b1f21c84-2 egfiIF\" rel=\"nofollow noopener\" target=\"_blank\"><img decoding=\"async\" alt=\"Agence France-Presse\" src=\"https:\/\/www.europesays.com\/fr\/wp-content\/uploads\/2025\/09\/1757754492_135_09cf394e-d19c-4235-9b46-7e00127afb7f.png\" class=\"sc-b1f21c84-1 iTOvpR\"\/><\/a><img loading=\"lazy\" decoding=\"async\" src=\"https:\/\/www.europesays.com\/fr\/wp-content\/uploads\/2025\/09\/35dc1dd2-3bb7-4e4b-9eb0-e734a57ff640.jpg\" alt=\"Le pr\u00e9sident v\u00e9n\u00e9zu\u00e9lien, Nicolas Maduro, lors d'un d\u00e9ploiement militaire dans la ville de Caribia, dans la banlieue de Caracas, le 11 septembre 2025.\" title=\"Le pr\u00e9sident v\u00e9n\u00e9zu\u00e9lien, Nicolas Maduro, lors d'un d\u00e9ploiement militaire dans la ville de Caribia, dans la banlieue de Caracas, le 11 septembre 2025.\"  width=\"1200\" height=\"800\"\/><\/p>\n<p>Le pr\u00e9sident v\u00e9n\u00e9zu\u00e9lien, Nicolas Maduro, lors d&rsquo;un d\u00e9ploiement militaire dans la ville de Caribia, dans la banlieue de Caracas, le 11 septembre 2025.<\/p>\n<p>AFP<\/p>\n<p>Le pr\u00e9sident v\u00e9n\u00e9zu\u00e9lien Nicolas Maduro a appel\u00e9 les r\u00e9servistes, les miliciens et les jeunes \u00e0 se rendre samedi dans les casernes pour apprendre \u00e0 tirer alors que <a href=\"https:\/\/www.20min.ch\/fr\/story\/narcotrafic-trump-envoie-deux-navires-de-guerre-de-plus-dans-les-caraibes-103404154\" rel=\"nofollow noopener\" target=\"_blank\">les Etats-Unis ont d\u00e9ploy\u00e9 des navires de guerre dans les Cara\u00efbes<\/a> dans le cadre d\u2019une op\u00e9ration antidrogue que Maduro consid\u00e8re comme une \u00abmenace\u00bb.<\/p>\n<p>\u00abSamedi (&#8230;) le peuple, les communards, les miliciens, les r\u00e9servistes et la jeunesse (&#8230;) aux casernes pour recevoir une formation et apprendre sur les champs de tir \u00e0 tirer pour la d\u00e9fense de la patrie (&#8230;) \u00ab, a d\u00e9clar\u00e9 vendredi soir Nicolas Maduro lors d\u2019une c\u00e9r\u00e9monie t\u00e9l\u00e9vis\u00e9e devant la jeunesse de son parti, le Parti Socialiste Uni du Venezuela (PSUV).<\/p>\n<p>\u00abUn peuple de guerriers fiers\u00bb<\/p>\n<p>\u00abTous les V\u00e9n\u00e9zu\u00e9liens qui se sont enr\u00f4l\u00e9s et sont r\u00e9servistes et membres des milices se rendent dans les casernes militaires\u00bb, a-t-il lanc\u00e9 quelques minutes apr\u00e8s avoir dans\u00e9 et chant\u00e9 dans une ambiance festive. \u00abNous sommes un peuple d\u00e9cent, joyeux, mais nous sommes un peuple de guerriers fiers (&#8230;) Nous avons le plus haut niveau de mobilisation, de pr\u00e9paration professionnelle\u00bb, a-t-il poursuivi.<\/p>\n<p>Il a appel\u00e9 ces derni\u00e8res semaines <a href=\"https:\/\/www.20min.ch\/fr\/story\/venezuela-la-patrie-nous-appelle-la-milice-face-aux-menaces-americaines-103402883\" rel=\"nofollow noopener\" target=\"_blank\">la population \u00e0 s\u2019enr\u00f4ler dans la milice<\/a>, un corps tr\u00e8s politis\u00e9 cr\u00e9\u00e9 par le feu pr\u00e9sident Hugo Chavez, tout en annon\u00e7ant le d\u00e9ploiement de 25&rsquo;000 membres des forces arm\u00e9es aux fronti\u00e8res et un plan de d\u00e9fense.<\/p>\n<p>L\u2019administration du pr\u00e9sident am\u00e9ricain Donald Trump a d\u00e9ploy\u00e9 des forces militaires dans les Cara\u00efbes au nom de la lutte contre les cartels de la drogue, provoquant de vives tensions avec le Venezuela. Apr\u00e8s le d\u00e9ploiement r\u00e9cent de navires de guerre dans la r\u00e9gion, Washington a annonc\u00e9 renforcer sa pr\u00e9sence militaire avec l\u2019envoi de dix avions de combat furtifs F-35 \u00e0 Porto Rico, territoire rattach\u00e9 aux Etats-Unis.<\/p>\n<p>Prime pour capturer Maduro<\/p>\n<p>Washington accuse le pr\u00e9sident v\u00e9n\u00e9zu\u00e9lien Nicolas Maduro de diriger un r\u00e9seau de narcotrafic et a r\u00e9cemment augment\u00e9 la prime pour sa capture \u00e0 50 millions de dollars. La semaine derni\u00e8re, Donald Trump a annonc\u00e9 que les Etats-Unis avaient frapp\u00e9 un \u00abbateau transportant de la drogue\u00bb, tuant 11 \u00abnarcoterroristes\u00bb.<\/p>\n<p>Il les a pr\u00e9sent\u00e9s comme des membres du Tren de Aragua, cartel v\u00e9n\u00e9zu\u00e9lien implant\u00e9 dans plusieurs pays et class\u00e9 comme organisation terroriste par le pr\u00e9sident am\u00e9ricain. Nicolas Maduro a d\u00e9nonc\u00e9 la pr\u00e9sence militaire am\u00e9ricaine. Il a toujours ni\u00e9 tout lien avec le narcotrafic, bien que deux neveux de son \u00e9pouse aient \u00e9t\u00e9 condamn\u00e9s \u00e0 New York pour trafic de coca\u00efne.<\/p>\n","protected":false},"excerpt":{"rendered":"Publi\u00e913. septembre 2025, 10:49 Venezuela: Trump menace, Maduro appelle son peuple \u00e0 apprendre \u00e0 tirer Face au d\u00e9ploiement&hellip;\n","protected":false},"author":2,"featured_media":387473,"comment_status":"","ping_status":"","sticky":false,"template":"","format":"standard","meta":{"footnotes":""},"categories":[1589],"tags":[11,73,1866,12,1864,1865,1863,308],"class_list":{"0":"post-387472","1":"post","2":"type-post","3":"status-publish","4":"format-standard","5":"has-post-thumbnail","7":"category-etats-unis","8":"tag-actualites","9":"tag-etats-unis","10":"tag-etats-unis-damerique","11":"tag-news","12":"tag-united-states","13":"tag-united-states-of-america","14":"tag-us","15":"tag-usa"},"share_on_mastodon":{"url":"https:\/\/pubeurope.com\/@fr\/115196206229328851","error":""},"_links":{"self":[{"href":"https:\/\/www.europesays.com\/fr\/wp-json\/wp\/v2\/posts\/387472","targetHints":{"allow":["GET"]}}],"collection":[{"href":"https:\/\/www.europesays.com\/fr\/wp-json\/wp\/v2\/posts"}],"about":[{"href":"https:\/\/www.europesays.com\/fr\/wp-json\/wp\/v2\/types\/post"}],"author":[{"embeddable":true,"href":"https:\/\/www.europesays.com\/fr\/wp-json\/wp\/v2\/users\/2"}],"replies":[{"embeddable":true,"href":"https:\/\/www.europesays.com\/fr\/wp-json\/wp\/v2\/comments?post=387472"}],"version-history":[{"count":0,"href":"https:\/\/www.europesays.com\/fr\/wp-json\/wp\/v2\/posts\/387472\/revisions"}],"wp:featuredmedia":[{"embeddable":true,"href":"https:\/\/www.europesays.com\/fr\/wp-json\/wp\/v2\/media\/387473"}],"wp:attachment":[{"href":"https:\/\/www.europesays.com\/fr\/wp-json\/wp\/v2\/media?parent=387472"}],"wp:term":[{"taxonomy":"category","embeddable":true,"href":"https:\/\/www.europesays.com\/fr\/wp-json\/wp\/v2\/categories?post=387472"},{"taxonomy":"post_tag","embeddable":true,"href":"https:\/\/www.europesays.com\/fr\/wp-json\/wp\/v2\/tags?post=387472"}],"curies":[{"name":"wp","href":"https:\/\/api.w.org\/{rel}","templated":true}]}}