{"id":387478,"date":"2025-09-13T09:11:22","date_gmt":"2025-09-13T09:11:22","guid":{"rendered":"https:\/\/www.europesays.com\/fr\/387478\/"},"modified":"2025-09-13T09:11:22","modified_gmt":"2025-09-13T09:11:22","slug":"entretien-lenjeu-est-maintenant-de-connecter-les-populations-de-loutres-en-europe","status":"publish","type":"post","link":"https:\/\/www.europesays.com\/fr\/387478\/","title":{"rendered":"[Entretien] \u00ab L\u2019enjeu est maintenant de connecter les populations de loutres en Europe \u00bb"},"content":{"rendered":"\n<p><b>La Marseillaise :<\/b><b> La loutre est donc bien revenue sur le pourtour m\u00e9diterran\u00e9en ?<\/b><\/p>\n<p><b>Simon Lacombe :<\/b> Oui, tout \u00e0 fait, en r\u00e9gion Paca et en Occitanie. Ce qu\u2019il s\u2019est pass\u00e9 reste hypoth\u00e9tique, mais nous pouvons supposer qu\u2019elle est revenue en Paca depuis le Massif Central via le Rh\u00f4ne et jusqu\u2019\u00e0 la Camargue et aux rivi\u00e8res de l\u2019Est de la r\u00e9gion par la partie italienne de la vall\u00e9e de la Roya. Quant \u00e0 l\u2019Occitanie, c\u2019est un carrefour entre plusieurs populations : certaines venues de la Camargue, d\u2019autres du Massif Central et des Pyr\u00e9n\u00e9es.<\/p>\n<p><b>La loutre peut-elle s\u2019installer partout ? <\/b><\/p>\n<p><b>S.L. :<\/b> Il lui faut des milieux humides mais oui, cela semble \u00eatre le cas. Elle a montr\u00e9 une capacit\u00e9 \u00e0 s\u2019installer dans des habitats vari\u00e9s. Elle s\u2019adapte et explore. Nous l\u2019avons vue dans des eaux qui n\u2019\u00e9taient pas de tr\u00e8s bonne qualit\u00e9 et dans des lits de ruisseaux \u00e0 sec o\u00f9 il y avait peu de poissons. De quoi esp\u00e9rer une installation durable de l\u2019esp\u00e8ce sur le territoire, m\u00eame s\u2019il y a peu de chance qu\u2019elle s\u2019\u00e9tablisse de mani\u00e8re p\u00e9renne dans des milieux d\u00e9grad\u00e9s.<\/p>\n<p><b>Qu\u2019en est-il ailleurs en Europe ? <\/b><\/p>\n<p><b>S.L. :<\/b> La dynamique a \u00e9t\u00e9 la m\u00eame : un d\u00e9clin quasi g\u00e9n\u00e9ralis\u00e9 au XXe\u00a0si\u00e8cle et une recolonisation. Aujourd\u2019hui, il y a une population \u00e0 l\u2019Ouest de l\u2019Europe (France et Espagne), une autre plut\u00f4t \u00e0 l\u2019Est (de la Finlande \u00e0 la Gr\u00e8ce) et une au Sud de l\u2019Italie \u2013 et une derni\u00e8re au Royaume-Uni. Au milieu une large bande de l\u2019Allemagne au Nord de l\u2019Italie est vide de loutres. Tout l\u2019enjeu est maintenant de connecter les populations continentales. Cela semble bien parti.<\/p>\n","protected":false},"excerpt":{"rendered":"La Marseillaise : La loutre est donc bien revenue sur le pourtour m\u00e9diterran\u00e9en ? Simon Lacombe : Oui,&hellip;\n","protected":false},"author":2,"featured_media":387323,"comment_status":"","ping_status":"","sticky":false,"template":"","format":"standard","meta":{"footnotes":""},"categories":[1586],"tags":[11,1777,674,1011,27,12,25,4064],"class_list":{"0":"post-387478","1":"post","2":"type-post","3":"status-publish","4":"format-standard","5":"has-post-thumbnail","7":"category-europe","8":"tag-actualites","9":"tag-eu","10":"tag-europe","11":"tag-fr","12":"tag-france","13":"tag-news","14":"tag-republique-francaise","15":"tag-week-end"},"share_on_mastodon":{"url":"https:\/\/pubeurope.com\/@fr\/115196217613992881","error":""},"_links":{"self":[{"href":"https:\/\/www.europesays.com\/fr\/wp-json\/wp\/v2\/posts\/387478","targetHints":{"allow":["GET"]}}],"collection":[{"href":"https:\/\/www.europesays.com\/fr\/wp-json\/wp\/v2\/posts"}],"about":[{"href":"https:\/\/www.europesays.com\/fr\/wp-json\/wp\/v2\/types\/post"}],"author":[{"embeddable":true,"href":"https:\/\/www.europesays.com\/fr\/wp-json\/wp\/v2\/users\/2"}],"replies":[{"embeddable":true,"href":"https:\/\/www.europesays.com\/fr\/wp-json\/wp\/v2\/comments?post=387478"}],"version-history":[{"count":0,"href":"https:\/\/www.europesays.com\/fr\/wp-json\/wp\/v2\/posts\/387478\/revisions"}],"wp:featuredmedia":[{"embeddable":true,"href":"https:\/\/www.europesays.com\/fr\/wp-json\/wp\/v2\/media\/387323"}],"wp:attachment":[{"href":"https:\/\/www.europesays.com\/fr\/wp-json\/wp\/v2\/media?parent=387478"}],"wp:term":[{"taxonomy":"category","embeddable":true,"href":"https:\/\/www.europesays.com\/fr\/wp-json\/wp\/v2\/categories?post=387478"},{"taxonomy":"post_tag","embeddable":true,"href":"https:\/\/www.europesays.com\/fr\/wp-json\/wp\/v2\/tags?post=387478"}],"curies":[{"name":"wp","href":"https:\/\/api.w.org\/{rel}","templated":true}]}}