{"id":387491,"date":"2025-09-13T09:19:10","date_gmt":"2025-09-13T09:19:10","guid":{"rendered":"https:\/\/www.europesays.com\/fr\/387491\/"},"modified":"2025-09-13T09:19:10","modified_gmt":"2025-09-13T09:19:10","slug":"atp-andy-roddick-vraiment-impressionne-par-le-slice-dalcaraz-carlos-se-rapproche-dune-certaine-perfection-dans-ce-coup-comme-un-certain-roger-federer","status":"publish","type":"post","link":"https:\/\/www.europesays.com\/fr\/387491\/","title":{"rendered":"ATP > Andy Roddick vraiment impressionn\u00e9 par le slice d&rsquo;Alcaraz : \u00ab\u00a0Carlos se rapproche d&rsquo;une certaine perfection dans ce coup comme un certain Roger Federer\u00a0\u00bb"},"content":{"rendered":"<p>Dans son podcast, Andy est bien s\u00fbr revenir sur le formi\u00addable US Open de Carlos Alcaraz. Ce qui est le plus impres\u00adsion\u00adnant selon lui, c\u2019est le slice en revers adopt\u00e9 par l\u2019Espagnol. <\/p>\n<p>\u00ab\u202f<strong>J\u2019ai vu Carlos se d\u00e9cha\u00eener \u00e0 chaque balle. Sa fa\u00e7on de slicer est un peu diff\u00e9\u00adrente main\u00adte\u00adnant, elle se rapproche d\u2019une certaine perfec\u00adtion comme le r\u00e9ali\u00adsait Roger Federer. Je crois que Carlos a regard\u00e9 le match de Dimitrov contre Sinner \u00e0 Wimbledon et le Bulgare est un adepte du revers slic\u00e9. Je pense que ce match a eu un impact sur sa tactique.  \u00c9videmment, son service s\u2019est consi\u00add\u00e9\u00adra\u00adble\u00adment am\u00e9lior\u00e9 par rapport au pass\u00e9. Son premier service devient de plus en plus puis\u00adsant et effi\u00adcace, ce qui n\u2019est pas agr\u00e9able pour les autres adver\u00adsaires<\/strong>\u202f\u00bb<\/p>\n<p class=\"post-published-date\" style=\"color: silver; font-size: 75%; text-align: left;\">Publi\u00e9 le samedi 13 septembre 2025 \u00e0 08:50<\/p>\n","protected":false},"excerpt":{"rendered":"Dans son podcast, Andy est bien s\u00fbr revenir sur le formi\u00addable US Open de Carlos Alcaraz. Ce qui&hellip;\n","protected":false},"author":2,"featured_media":387492,"comment_status":"","ping_status":"","sticky":false,"template":"","format":"standard","meta":{"footnotes":""},"categories":[1415],"tags":[1744,6580,2199,1011,27,2127,60,1467],"class_list":{"0":"post-387491","1":"post","2":"type-post","3":"status-publish","4":"format-standard","5":"has-post-thumbnail","7":"category-tennis","8":"tag-alcaraz","9":"tag-dimitrov","10":"tag-federer","11":"tag-fr","12":"tag-france","13":"tag-sinner","14":"tag-sports","15":"tag-tennis"},"share_on_mastodon":{"url":"https:\/\/pubeurope.com\/@fr\/115196248894677797","error":""},"_links":{"self":[{"href":"https:\/\/www.europesays.com\/fr\/wp-json\/wp\/v2\/posts\/387491","targetHints":{"allow":["GET"]}}],"collection":[{"href":"https:\/\/www.europesays.com\/fr\/wp-json\/wp\/v2\/posts"}],"about":[{"href":"https:\/\/www.europesays.com\/fr\/wp-json\/wp\/v2\/types\/post"}],"author":[{"embeddable":true,"href":"https:\/\/www.europesays.com\/fr\/wp-json\/wp\/v2\/users\/2"}],"replies":[{"embeddable":true,"href":"https:\/\/www.europesays.com\/fr\/wp-json\/wp\/v2\/comments?post=387491"}],"version-history":[{"count":0,"href":"https:\/\/www.europesays.com\/fr\/wp-json\/wp\/v2\/posts\/387491\/revisions"}],"wp:featuredmedia":[{"embeddable":true,"href":"https:\/\/www.europesays.com\/fr\/wp-json\/wp\/v2\/media\/387492"}],"wp:attachment":[{"href":"https:\/\/www.europesays.com\/fr\/wp-json\/wp\/v2\/media?parent=387491"}],"wp:term":[{"taxonomy":"category","embeddable":true,"href":"https:\/\/www.europesays.com\/fr\/wp-json\/wp\/v2\/categories?post=387491"},{"taxonomy":"post_tag","embeddable":true,"href":"https:\/\/www.europesays.com\/fr\/wp-json\/wp\/v2\/tags?post=387491"}],"curies":[{"name":"wp","href":"https:\/\/api.w.org\/{rel}","templated":true}]}}