{"id":387493,"date":"2025-09-13T09:21:15","date_gmt":"2025-09-13T09:21:15","guid":{"rendered":"https:\/\/www.europesays.com\/fr\/387493\/"},"modified":"2025-09-13T09:21:15","modified_gmt":"2025-09-13T09:21:15","slug":"touche-aux-cervicales-joan-mir-se-met-au-repos-mais-vise-la-course","status":"publish","type":"post","link":"https:\/\/www.europesays.com\/fr\/387493\/","title":{"rendered":"Touch\u00e9 aux cervicales, Joan Mir se met au repos mais vise la course"},"content":{"rendered":"<p><a href=\"https:\/\/fr.motorsport.com\/driver\/joan-mir\/289392\/\" target=\"_blank\" rel=\"noopener nofollow\">Joan Mir<\/a> ne roulera plus ce samedi \u00e0 Misano. Au d\u00e9but des EL2, le champion du monde 2020 s&rsquo;est content\u00e9 de deux tours, sans \u00e9tablir de chrono, et a d\u00e9cid\u00e9 d&rsquo;interrompre son roulage. Il souffre au niveau de la nuque apr\u00e8s sa chute pendant les Essais vendredi.<\/p>\n<p>\u00ab\u00a0Apr\u00e8s sa chute hier, Joan Mir a continue \u00e0 ressentir un inconfort significatif et une mobilit\u00e9 limit\u00e9e au niveau du cou\u00a0\u00bb, a annonce Honda. \u00ab\u00a0Mir est d\u00e9clar\u00e9 apte. Lui et <a href=\"https:\/\/fr.motorsport.com\/team\/repsol-honda-team\/771\/\" target=\"_blank\" rel=\"noopener nofollow\">Honda HRC<\/a> ont d\u00e9cid\u00e9 de manquer cette journ\u00e9e pour se concentrer sur dimanche.\u00a0\u00bb<\/p>\n<p>\u00a0<\/p>\n<p>Le but de Mir est donc de se reposer ce samedi, pour reprendre la piste dimanche.\u00a0\u00ab\u00a0C&rsquo;est aux cervicales que j&rsquo;ai la plus forte douleur\u00a0\u00bb, confiait le Majorquin vendredi, esp\u00e9rant dans un \u00e9clat de rire qu&rsquo;il pourrait rouler avec \u00ab\u00a0un peu de travail avec les kin\u00e9s et un peu d&rsquo;anti-inflammatoires\u00a0\u00bb.<\/p>\n<p>Puisque Joan Mir figure toujours parmi les engag\u00e9s, il reste parmi les pilotes officiellement qualifi\u00e9s pour la Q2 apr\u00e8s son bon sixi\u00e8me temps vendredi, m\u00eame s&rsquo;il n&rsquo;y roulera pas.<\/p>\n<p>Et pendant qu&rsquo;il est au repos, <a href=\"https:\/\/fr.motorsport.com\/driver\/maverick-vinales\/96553\/\" target=\"_blank\" rel=\"noopener nofollow\">Maverick Vi\u00f1ales<\/a> insiste. Sur un circuit plus physique que Barcelone, l&rsquo;Espagnol souffre encore de son \u00e9paule gauche, fractur\u00e9e il y a deux mois. \u00ab\u00a0On consid\u00e8re les courses comme de la r\u00e9\u00e9ducation, c&rsquo;est ce qu&rsquo;il fait, il essaie de s&rsquo;am\u00e9liorer jour apr\u00e8s jour\u00a0\u00bb, a pr\u00e9cis\u00e9 Nicolas Goyon, team manager de Tech3, sur Canal+. \u00ab\u00a0Ce matin \u00e7a va un petit peu mieux, on va essayer de passer le week-end et apr\u00e8s il aura une semaine de r\u00e9cup\u00e9ration avant le Japon.\u00a0\u00bb<\/p>\n<p style=\"text-align: right;\">Avec Basile Davoine<\/p>\n<p>Lire aussi :<\/p>\n<\/p>\n<p>Dans cet article<\/p>\n<p>Soyez le premier inform\u00e9 et souscrivez aux alertes mails pour recevoir les infos en temps r\u00e9el<\/p>\n<p>    S&rsquo;abonner aux alertes de news<\/p>\n","protected":false},"excerpt":{"rendered":"Joan Mir ne roulera plus ce samedi \u00e0 Misano. Au d\u00e9but des EL2, le champion du monde 2020&hellip;\n","protected":false},"author":2,"featured_media":387494,"comment_status":"","ping_status":"","sticky":false,"template":"","format":"standard","meta":{"footnotes":""},"categories":[1413],"tags":[1011,27,48392,3345,3346,51998,48393,1457,1456,1458,60,51997],"class_list":{"0":"post-387493","1":"post","2":"type-post","3":"status-publish","4":"format-standard","5":"has-post-thumbnail","7":"category-moto","8":"tag-fr","9":"tag-france","10":"tag-gp-de-saint-marin","11":"tag-honda-hrc","12":"tag-joan-mir","13":"tag-joan-mir-se-met-au-repos-mais-vise-la-course","14":"tag-misano-world-circuit-marco-simoncelli","15":"tag-moto","16":"tag-motocycle","17":"tag-motogp","18":"tag-sports","19":"tag-touchu00e9-aux-cervicales"},"share_on_mastodon":{"url":"https:\/\/pubeurope.com\/@fr\/115196256840386545","error":""},"_links":{"self":[{"href":"https:\/\/www.europesays.com\/fr\/wp-json\/wp\/v2\/posts\/387493","targetHints":{"allow":["GET"]}}],"collection":[{"href":"https:\/\/www.europesays.com\/fr\/wp-json\/wp\/v2\/posts"}],"about":[{"href":"https:\/\/www.europesays.com\/fr\/wp-json\/wp\/v2\/types\/post"}],"author":[{"embeddable":true,"href":"https:\/\/www.europesays.com\/fr\/wp-json\/wp\/v2\/users\/2"}],"replies":[{"embeddable":true,"href":"https:\/\/www.europesays.com\/fr\/wp-json\/wp\/v2\/comments?post=387493"}],"version-history":[{"count":0,"href":"https:\/\/www.europesays.com\/fr\/wp-json\/wp\/v2\/posts\/387493\/revisions"}],"wp:featuredmedia":[{"embeddable":true,"href":"https:\/\/www.europesays.com\/fr\/wp-json\/wp\/v2\/media\/387494"}],"wp:attachment":[{"href":"https:\/\/www.europesays.com\/fr\/wp-json\/wp\/v2\/media?parent=387493"}],"wp:term":[{"taxonomy":"category","embeddable":true,"href":"https:\/\/www.europesays.com\/fr\/wp-json\/wp\/v2\/categories?post=387493"},{"taxonomy":"post_tag","embeddable":true,"href":"https:\/\/www.europesays.com\/fr\/wp-json\/wp\/v2\/tags?post=387493"}],"curies":[{"name":"wp","href":"https:\/\/api.w.org\/{rel}","templated":true}]}}