{"id":387501,"date":"2025-09-13T09:25:12","date_gmt":"2025-09-13T09:25:12","guid":{"rendered":"https:\/\/www.europesays.com\/fr\/387501\/"},"modified":"2025-09-13T09:25:12","modified_gmt":"2025-09-13T09:25:12","slug":"harry-en-ukraine-meghan-markle-a-eu-son-mot-a-dire-apres-ses-retrouvailles-avec-charles-iii","status":"publish","type":"post","link":"https:\/\/www.europesays.com\/fr\/387501\/","title":{"rendered":"Harry en Ukraine : Meghan Markle a eu son mot \u00e0 dire apr\u00e8s ses retrouvailles avec Charles III"},"content":{"rendered":"<p class=\"p1\">Personne n&rsquo;aurait mis\u00e9 sur une visite du <a href=\"https:\/\/www.closermag.fr\/royautes\/prince-harry-rabiboche-avec-charles-iii-cette-arme-secrete-ramenee-par-le-duc-a-clarence-house-3579045\" target=\"_blank\" rel=\"noopener\"><br \/>\nprince Harry<\/a> <strong>\u00e0 Londres<\/strong>. Et pourtant. Le<br \/>\n\u00ab\u00a0Suppl\u00e9ant\u00a0\u00bb a fait un crochet par la capitale du Royaume-Uni en ce<br \/>\nmois de septembre. Au programme de la visite \u00e9tait pr\u00e9vu <strong>un<br \/>\nrendez-vous avec<\/strong> <a href=\"https:\/\/www.closermag.fr\/royautes\/charles-iii-a-fait-une-grave-erreur-en-se-rabibochant-avec-harry-ca-a-a-voir-avec-kate-et-camilla-3579024\" target=\"_blank\" rel=\"noopener\"><br \/>\nCharles III<\/a> \u00e0 Clarence House. Le p\u00e8re et son fils ne s&rsquo;\u00e9taient<br \/>\npas vus en chair et en os depuis 18 mois d\u00e9j\u00e0.<\/p>\n<p class=\"p1\">Les retrouvailles n&rsquo;ont \u00e9t\u00e9 que de courte dur\u00e9e :<br \/>\n<strong>55 minutes au total<\/strong>. D&rsquo;apr\u00e8s les informations<br \/>\nrecueillies par Chris Ship, le prince \u00ab\u00a0Harry est arriv\u00e9 \u00e0<br \/>\n17h20. Il a un rendez-vous en ville ce soir\u00a0\u00bb.<br \/>\nL&rsquo;expert le pr\u00e9disait avant m\u00eame l&rsquo;entrevue : \u00ab\u00a0La r\u00e9union ne<br \/>\nsera pas longue\u00a0\u00bb. Charles III a probablement <strong>pris des<br \/>\nnouvelles de son fils<\/strong>, mais \u00e9galement <strong>de ses<br \/>\npetits-enfants,<\/strong> <a href=\"https:\/\/www.closermag.fr\/royautes\/harry-de-retour-en-angleterre-archie-et-lilibet-absents-mais-il-va-leur-ramener-de-beaux-cadeaux-3577951\" target=\"_blank\" rel=\"noopener\"><br \/>\nArchie et Lilibet<\/a>.<\/p>\n<p><img loading=\"lazy\" decoding=\"async\" aria-describedby=\"caption-attachment-3579170\" itemprop=\"thumbnailUrl\" class=\"size-large wp-image-3579170 img-responsive\" src=\"https:\/\/www.europesays.com\/fr\/wp-content\/uploads\/2025\/09\/harry-740x1024.jpg\" alt=\"Le prince Harry\" width=\"740\" height=\"1024\"\/><br \/>\n\u00a9<br \/>\nBestimage<\/p>\n<p id=\"caption-attachment-3579170\" class=\"wp-caption-text\">Le<br \/>\nprince Harry, duc de Sussex<\/p>\n<p>Prince Harry : pourquoi l&rsquo;accord de Meghan Markle<br \/>\na-t-il \u00e9t\u00e9 n\u00e9cessaire ?<\/p>\n<p class=\"p1\">Apr\u00e8s cette visite exp\u00e9ditive, le prince Harry a<br \/>\npoursuivi son chemin un peu plus \u00e0 l&rsquo;Est. De Londres, <strong>son<br \/>\nvoyage l&rsquo;a men\u00e9 vers l&rsquo;Ukraine<\/strong> ce jeudi 11 septembre. Une<br \/>\nrumeur voulait pourtant que <a href=\"https:\/\/www.closermag.fr\/royautes\/charles-iii-moins-irrite-par-harry-que-par-william-ces-tensions-insoupconnables-entre-le-roi-et-son-fils-aine-3579032\" target=\"_blank\" rel=\"noopener\"><br \/>\nle petit fr\u00e8re de William<\/a> regagne ses p\u00e9nates en Californie. Au<br \/>\nlieu de \u00e7a, Harry a fait <strong>un d\u00e9tour par la ville de<br \/>\nKiev<\/strong> dans le cadre de la Fondation Invictus qui milite en<br \/>\nfaveur des soldats bless\u00e9s.<\/p>\n<p class=\"p1\">Ce d\u00e9placement <strong>n&rsquo;aurait pu se faire sans<br \/>\nl&rsquo;accord de<\/strong> <a href=\"https:\/\/www.closermag.fr\/royautes\/meghan-markle-cet-espace-dans-sa-demeure-de-montecito-qui-brise-les-codes-du-design-3578812\" target=\"_blank\" rel=\"noopener\"><br \/>\nMeghan Markle<\/a> ainsi qu&rsquo;au Parlement britannique.<br \/>\n\u00ab\u00a0<strong>J\u2019ai d\u00fb demander \u00e0 ma femme<\/strong> et au<br \/>\ngouvernement britannique pour <strong>m\u2019assurer qu\u2019il n\u2019y avait pas<br \/>\nde probl\u00e8me<\/strong>\u00ab\u00a0, a r\u00e9v\u00e9l\u00e9 le prince Harry au cours de<br \/>\ncette visite hautement symbolique. D&rsquo;aucuns pointeront l&rsquo;influence<br \/>\nde l&rsquo;ex-star de Suits sur les choix de son mari.<\/p>\n<p>Le prince Harry : comment l&rsquo;arriv\u00e9e<br \/>\nde Meghan Markle a chang\u00e9 sa vie<\/p>\n<p class=\"p1\"><strong>Selon Grant Harrold<\/strong>, Meghan Markle a<br \/>\ncompl\u00e8tement <strong>chamboul\u00e9 la relation entre le prince Harry et<br \/>\nson fr\u00e8re?<\/strong>\u00a0\u00ab\u00a0Ils n&rsquo;\u00e9taient pas seulement<br \/>\n<strong>les meilleurs amis du monde<\/strong>, ils \u00e9taient<br \/>\nins\u00e9parables.\u00a0\u00c0 Highgrove, ils \u00e9taient toujours ensemble. Ils<br \/>\nse promenaient ensemble, allaient au pub ensemble, faisaient de la<br \/>\nmoto ensemble.\u00a0Ils faisaient tr\u00e8s rarement des choses<br \/>\ns\u00e9par\u00e9ment\u00a0\u00bb, explique <strong>l&rsquo;ex-majordome de Charles<br \/>\nIII<\/strong>, comme le rapporte Voici.<\/p>\n<p class=\"p1\">L&rsquo;arriv\u00e9e de Meghan Marke aurait tout chang\u00e9. \u00ab\u00a0Il<br \/>\nse pourrait que Harry ait eu son propre \u00e9veil\u00a0et qu&rsquo;il ait<br \/>\nsoudainement d\u00e9cid\u00e9 qu&rsquo;il n&rsquo;aimait pas l&rsquo;organisation, mais le<br \/>\nprobl\u00e8me, c&rsquo;est que Meghan \u00e9tait avec lui quand c&rsquo;est arriv\u00e9.\u00a0\u00bb<br \/>\n<a href=\"https:\/\/www.closermag.fr\/royautes\/on-ne-nous-le-dit-pas-il-se-passe-quelque-chose-entre-harry-et-william-dans-le-plus-grand-secret-3579036\" target=\"_blank\" rel=\"noopener\"><br \/>\nGrant Harrold<\/a> conclut : \u00ab\u00a0<strong>Elle pensait visiblement<br \/>\npouvoir venir et faire ce qu&rsquo;elle voulait<\/strong>, mais c&rsquo;est<br \/>\nimpossible\u00a0[\u2026]\u00a0Quand on rejoint la famille<br \/>\nroyale, on se voit imposer des r\u00e8gles et des protocoles\u00a0\u00bb.<\/p>\n","protected":false},"excerpt":{"rendered":"Personne n&rsquo;aurait mis\u00e9 sur une visite du prince Harry \u00e0 Londres. Et pourtant. Le \u00ab\u00a0Suppl\u00e9ant\u00a0\u00bb a fait un&hellip;\n","protected":false},"author":2,"featured_media":387502,"comment_status":"","ping_status":"","sticky":false,"template":"","format":"standard","meta":{"footnotes":""},"categories":[1359],"tags":[548,581,58,59,1011,27,908,973,267],"class_list":{"0":"post-387501","1":"post","2":"type-post","3":"status-publish","4":"format-standard","5":"has-post-thumbnail","7":"category-people","8":"tag-article-simple","9":"tag-charles-iii","10":"tag-divertissement","11":"tag-entertainment","12":"tag-fr","13":"tag-france","14":"tag-meghan-markle","15":"tag-people","16":"tag-prince-harry"},"share_on_mastodon":{"url":"https:\/\/pubeurope.com\/@fr\/115196273013488069","error":""},"_links":{"self":[{"href":"https:\/\/www.europesays.com\/fr\/wp-json\/wp\/v2\/posts\/387501","targetHints":{"allow":["GET"]}}],"collection":[{"href":"https:\/\/www.europesays.com\/fr\/wp-json\/wp\/v2\/posts"}],"about":[{"href":"https:\/\/www.europesays.com\/fr\/wp-json\/wp\/v2\/types\/post"}],"author":[{"embeddable":true,"href":"https:\/\/www.europesays.com\/fr\/wp-json\/wp\/v2\/users\/2"}],"replies":[{"embeddable":true,"href":"https:\/\/www.europesays.com\/fr\/wp-json\/wp\/v2\/comments?post=387501"}],"version-history":[{"count":0,"href":"https:\/\/www.europesays.com\/fr\/wp-json\/wp\/v2\/posts\/387501\/revisions"}],"wp:featuredmedia":[{"embeddable":true,"href":"https:\/\/www.europesays.com\/fr\/wp-json\/wp\/v2\/media\/387502"}],"wp:attachment":[{"href":"https:\/\/www.europesays.com\/fr\/wp-json\/wp\/v2\/media?parent=387501"}],"wp:term":[{"taxonomy":"category","embeddable":true,"href":"https:\/\/www.europesays.com\/fr\/wp-json\/wp\/v2\/categories?post=387501"},{"taxonomy":"post_tag","embeddable":true,"href":"https:\/\/www.europesays.com\/fr\/wp-json\/wp\/v2\/tags?post=387501"}],"curies":[{"name":"wp","href":"https:\/\/api.w.org\/{rel}","templated":true}]}}