{"id":387507,"date":"2025-09-13T09:28:09","date_gmt":"2025-09-13T09:28:09","guid":{"rendered":"https:\/\/www.europesays.com\/fr\/387507\/"},"modified":"2025-09-13T09:28:09","modified_gmt":"2025-09-13T09:28:09","slug":"natacha-amal-demasquee-dans-mask-singer-revele-avoir-ete-en-couple-avec-prince","status":"publish","type":"post","link":"https:\/\/www.europesays.com\/fr\/387507\/","title":{"rendered":"Natacha Amal, d\u00e9masqu\u00e9e dans \u00ab\u00a0Mask Singer\u00a0\u00bb, r\u00e9v\u00e8le avoir \u00e9t\u00e9 en couple avec Prince"},"content":{"rendered":"<p>      R\u00e9sum\u00e9<\/p>\n<p>Lors de son passage dans Mask Singer, Natacha Amal a surpris en \u00e9voquant une ancienne relation avec le chanteur Prince, d\u00e9voilant ainsi un aspect m\u00e9connu de sa vie priv\u00e9e.<\/p>\n<p>        Sommaire<\/p>\n<p><strong>Quelques mois apr\u00e8s la victoire de Lola Dubini<\/strong>, les enqu\u00eateurs de Mask Singer \u00e9taient de retour sur TF1. Ce vendredi 12 septembre, Camille Combal, Chantal Ladesou, Laurent Ruquier et Kev Adams ont fait leur rentr\u00e9e et ont accueilli un petit nouveau. En effet, <a href=\"https:\/\/www.public.fr\/mask-singer-elodie-poux-remplacee-apres-une-seule-saison-a-lecran-la-production-sexplique-enfin\" rel=\"nofollow noopener\" target=\"_blank\">Elodie Poux, fatigu\u00e9e par une ann\u00e9e charg\u00e9e<\/a> en projets,<strong> a pr\u00e9f\u00e9r\u00e9 laisser sa place \u00e0 Micha\u00ebl Youn<\/strong>. Ce dernier a r\u00e9alis\u00e9 une entr\u00e9e tonitruante, puisqu&rsquo;il a h\u00e9rit\u00e9 des r\u00eanes de L&rsquo;enqu\u00eate continue, le magazine de d\u00e9cryptage des indices diffus\u00e9 \u00e0 la suite du show, entre 00h et 01h.<\/p>\n<p>Pour cette premi\u00e8re \u00e9mission, deux c\u00e9l\u00e9brit\u00e9s ont d\u00e9j\u00e0 \u00e9t\u00e9 d\u00e9masqu\u00e9es : <strong>Vincent Moscato \u00e9tait sous le Plancton<\/strong> et <strong>Natacha Amal \u00e9tait sous le Chaton<\/strong>. Celle-ci a cr\u00e9\u00e9 la surprise puisque les enqu\u00eateurs \u00e9taient partis sur plein d&rsquo;autres pistes, pour la plupart masculines. <a href=\"https:\/\/www.public.fr\/natacha-amal-avoue-avoir-eu-deux-relations-avec-des-femmes\" rel=\"nofollow noopener\" target=\"_blank\">L&rsquo;ex-h\u00e9ro\u00efne de Femmes de loi<\/a>, qui a fait son retour ces derni\u00e8res ann\u00e9es dans TPMP People sur C8 et Camping Paradis, s&rsquo;est livr\u00e9e \u00e0 d&rsquo;\u00e9tonnantes anecdotes lorsqu&rsquo;il a fallu expliquer les indices.<\/p>\n<p>Des indices tr\u00e8s compliqu\u00e9s<\/p>\n<p>Ainsi, dans les indices, les enqu\u00eateurs ont pu d\u00e9couvrir <strong>le lundi, qui faisait r\u00e9f\u00e9rence au jour de semaine de diffusion<\/strong> de Femmes de loi. Le jour vendredi lui \u00e9tait une r\u00e9f\u00e9rence \u00e0 la pi\u00e8ce de Michel Tournier Vendredi ou les limbes du Pacifique, dans laquelle Natacha Amal a jou\u00e9. Mais l&rsquo;indice anglo-saxon les a perdus&#8230; <strong>Natacha Amal n&rsquo;est pas vraiment anglo-saxonne<\/strong> puisqu&rsquo;elle est au contraire n\u00e9e \u00e0 Bruxelles !<\/p>\n<p>\u00ab\u00a0J&rsquo;ai v\u00e9cu deux ans \u00e0 New York, mais j&rsquo;y suis arriv\u00e9e <strong>en pensant beaucoup au chanteur Prince, avec qui j&rsquo;ai eu une grande histoire<\/strong>\u00a0\u00bb a balanc\u00e9 Natacha Amal. Une r\u00e9v\u00e9lation choc, sur laquelle elle ne s&rsquo;est pas \u00e9panch\u00e9e, mais qui a laiss\u00e9 les enqu\u00eateurs cois. A noter que pour son lancement, <a href=\"https:\/\/vsd.fr\/83644-mask-singer-elodie-poux-sen-va-un-des-humoristes-les-plus-fous-integre-le-nouveau-jury\/\" rel=\"nofollow noopener\" target=\"_blank\">la saison 8 de Mask Singer<\/a> a cartonn\u00e9 en f\u00e9d\u00e9rant jusqu&rsquo;\u00e0 38% des femmes responsables des achats.<\/p>\n<p>De Kim Basinger \u00e0 Madonna&#8230; en passant par Natacha Amal<\/p>\n<p>Une r\u00e9v\u00e9lation in\u00e9dite puisque c\u00f4t\u00e9 vie priv\u00e9e, cette information sur Natacha Amal n&rsquo;\u00e9tait pas connue. <strong>On la savait mari\u00e9e au producteur belge Claude Rapp\u00e9 en 1997<\/strong>, mais ces derniers ont divorc\u00e9 dix ans plus tard. En 2015, elle s&rsquo;est remari\u00e9e au producteur Jacques Stival, mais ils ont \u00e9galement divorc\u00e9. <a href=\"https:\/\/www.public.fr\/natacha-amal-femmes-de-loi-sa-folle-histoire-damour-avec-un-candidat-de-tele-realite-parmi-les-plus-emblematiques\" rel=\"nofollow noopener\" target=\"_blank\">Dans une interview accord\u00e9e \u00e0 Jordan de Luxe<\/a>, l&rsquo;actrice avait aussi r\u00e9v\u00e9l\u00e9 avoir partag\u00e9 la vie du chanteur Arno. <strong>Prince lui, mort en avril 2016 \u00e0 57 ans,<\/strong> a connu de nombreuses relations, comme avec Madonna, Nona Gaye, Oph\u00e9lie Winter, Sheila E. ou encore Kim Basinger.<\/p>\n<p>      Mentionn\u00e9s dans cet article<\/p>\n<p>      Sur le m\u00eame sujet<\/p>\n","protected":false},"excerpt":{"rendered":"R\u00e9sum\u00e9 Lors de son passage dans Mask Singer, Natacha Amal a surpris en \u00e9voquant une ancienne relation avec&hellip;\n","protected":false},"author":2,"featured_media":387508,"comment_status":"","ping_status":"","sticky":false,"template":"","format":"standard","meta":{"footnotes":""},"categories":[1356],"tags":[1193,2392,58,59,1011,27,5983,51999,3935,252,199,1364],"class_list":{"0":"post-387507","1":"post","2":"type-post","3":"status-publish","4":"format-standard","5":"has-post-thumbnail","7":"category-television","8":"tag-couple","9":"tag-couple-de-stars","10":"tag-divertissement","11":"tag-entertainment","12":"tag-fr","13":"tag-france","14":"tag-mask-singer","15":"tag-natacha-amal","16":"tag-prince","17":"tag-television","18":"tag-tf1","19":"tag-tv"},"share_on_mastodon":{"url":"https:\/\/pubeurope.com\/@fr\/115196284346838969","error":""},"_links":{"self":[{"href":"https:\/\/www.europesays.com\/fr\/wp-json\/wp\/v2\/posts\/387507","targetHints":{"allow":["GET"]}}],"collection":[{"href":"https:\/\/www.europesays.com\/fr\/wp-json\/wp\/v2\/posts"}],"about":[{"href":"https:\/\/www.europesays.com\/fr\/wp-json\/wp\/v2\/types\/post"}],"author":[{"embeddable":true,"href":"https:\/\/www.europesays.com\/fr\/wp-json\/wp\/v2\/users\/2"}],"replies":[{"embeddable":true,"href":"https:\/\/www.europesays.com\/fr\/wp-json\/wp\/v2\/comments?post=387507"}],"version-history":[{"count":0,"href":"https:\/\/www.europesays.com\/fr\/wp-json\/wp\/v2\/posts\/387507\/revisions"}],"wp:featuredmedia":[{"embeddable":true,"href":"https:\/\/www.europesays.com\/fr\/wp-json\/wp\/v2\/media\/387508"}],"wp:attachment":[{"href":"https:\/\/www.europesays.com\/fr\/wp-json\/wp\/v2\/media?parent=387507"}],"wp:term":[{"taxonomy":"category","embeddable":true,"href":"https:\/\/www.europesays.com\/fr\/wp-json\/wp\/v2\/categories?post=387507"},{"taxonomy":"post_tag","embeddable":true,"href":"https:\/\/www.europesays.com\/fr\/wp-json\/wp\/v2\/tags?post=387507"}],"curies":[{"name":"wp","href":"https:\/\/api.w.org\/{rel}","templated":true}]}}