{"id":387513,"date":"2025-09-13T09:31:23","date_gmt":"2025-09-13T09:31:23","guid":{"rendered":"https:\/\/www.europesays.com\/fr\/387513\/"},"modified":"2025-09-13T09:31:23","modified_gmt":"2025-09-13T09:31:23","slug":"la-clinique-bon-secours-a-la-pointe-de-la-technologie-medicale-avec-ce-robot-chirurgical","status":"publish","type":"post","link":"https:\/\/www.europesays.com\/fr\/387513\/","title":{"rendered":"La clinique Bon Secours \u00e0 la pointe de la technologie m\u00e9dicale avec ce robot chirurgical"},"content":{"rendered":"<p>\t\t\t\t\t\t\t\t\t\t\t\t\t\t\t\t\t\t\t\t\t\t\t\t\t\t\t\t\t\t\t\t\t\t\t\t\t\t\t\t\t\t\t\t\t\t\t\t\t\t\t\t\t\t\t\t\t\t\t\t\t\t\t<a href=\"https:\/\/www.lacommere43.fr\/component\/banners\/click\/1813.html\" target=\"_blank\" title=\"Loisirs Camper septembre 2025\" rel=\"noopener\"><br \/>\n\t\t\t\t\t\t\t<img decoding=\"async\" loading=\"lazy\" src=\"https:\/\/www.europesays.com\/fr\/wp-content\/uploads\/2025\/09\/LACOMMERE_43-loisirs_camper.png\" alt=\"Loisirs Camper septembre 2025\"\/><br \/>\n\t\t\t\t\t\t<\/a><\/p>\n<p>\t\t\t\t\t\t\t\t\t\t\t\t\t\t\t\t\t\t\t\t\t\t\t\t\t\t\t\t\t\t\t\t\t\t\t\t\t\t\t\t\t\t\t\t\t\t\t\t\t\t\t\t\t\t\t\t\t\t\t\t\t\t\t<a href=\"https:\/\/www.lacommere43.fr\/component\/banners\/click\/1815.html\" target=\"_blank\" title=\"Haut Pays Velay journ\u00e9es patrimoine septembre 2025\" rel=\"noopener\"><br \/>\n\t\t\t\t\t\t\t<img decoding=\"async\" loading=\"lazy\" src=\"https:\/\/www.europesays.com\/fr\/wp-content\/uploads\/2025\/09\/Pub_la_Commre_-JEP.gif\" alt=\"Haut Pays Velay journ\u00e9es patrimoine septembre 2025\"\/><br \/>\n\t\t\t\t\t\t<\/a><\/p>\n<p><strong>La clinique Bon Secours du Puy-en-Velay a investi dans un robot chirurgical de nouvelle g\u00e9n\u00e9ration, le Da Vinci X, qui r\u00e9volutionne le travail des m\u00e9decins et des patients.<\/strong><\/p>\n<p>La premier robot chirurgical a \u00e9t\u00e9 utilis\u00e9 pendant cinq ans et vient de laisser la place \u00e0 un \u00e9quipement de derni\u00e8re g\u00e9n\u00e9ration, le Da Vinci X dont la d\u00e9pense atteint 1,3 million d&rsquo;euros. Aujourd&rsquo;hui, les cinq urologues pratiquent 150 \u00e0 170 op\u00e9rations par an. D&rsquo;ici 2026, cela devrait monter \u00e0 200 op\u00e9rations avec l&rsquo;int\u00e9gration de la chirurgie digestive.<\/p>\n<p>Ce nouveau robot chirurgical dispose de bras plus courts pour des interventions encore plus fines et complexes, notamment pour l&rsquo;ablation de la vessie et sa reconstructon \u00e0 l&rsquo;int\u00e9rieur du ventre. \u00ab\u00a0On va encore plus loin dans la technique chirurgical\u00a0\u00bb, estime le Dr Jacques Largeron, urologue et pr\u00e9sident de la Commission m\u00e9dicale d&rsquo;\u00e9tablissement (CME).<\/p>\n<p><strong>La cam\u00e9ra magnifie le geste et la vue<\/strong><\/p>\n<p>Avec leurs 7 degr\u00e9s d\u2019articulation, les bras manipulateurs du robot peuvent amplifier ou r\u00e9duire l\u2019amplitude du mouvement de rotation, afin d\u2019obtenir une pr\u00e9cision impossible pour une manoeuvre humaine. De plus, l\u2019usage de la cam\u00e9ra permet une vision en trois dimensions et un zoom (X15 l\u2019oeil humain) sur les zones \u00e0 op\u00e9rer. Elle offre ainsi au chirurgien une vue en immersion du champ op\u00e9ratoire, surclassant l\u2019oeil humain et la capacit\u00e9 naturelle chirurgicale d\u2019un op\u00e9rateur humain.<\/p>\n<p><strong>Des avantages certains pour le patient<\/strong><\/p>\n<p>L\u2019accompagnement robotique pr\u00e9sente aussi l\u2019avantage de pratiquer des interventions dites \u00ab mini-invasives \u00bb, c\u2019est-\u00e0-dire avec des toutes petites cicatrices (taille d\u2019une pi\u00e8ce de monnaie de 5 centimes) : la cicatrisation en est ainsi plus rapide, r\u00e9duisant les risques d\u2019infection ou de cicatrices dysesth\u00e9siques.<\/p>\n<p>La dur\u00e9e d\u2019hospitalisation est diminu\u00e9e, avec une r\u00e9cup\u00e9ration optimis\u00e9e (le plus souvent : alimentation normale le soir m\u00eame, et sortie \u00e0 domicile d\u00e8s le lendemain de la chirurgie). Les douleurs post-op\u00e9ratoires sont moindres, voire inexistantes : Ainsi, le patient se r\u00e9tablit plus vite, il rentre plus rapidement \u00e0 domicile et reprend quasiment instantan\u00e9ment une activit\u00e9 normale.<\/p>\n<p><strong>Elsan va investir 11 millions d&rsquo;euros au Puy<\/strong><\/p>\n<p>\u00ab\u00a0On reste \u00e0 la pointe de l&rsquo;innovation m\u00e9dicale\u00a0\u00bb, ajoute Benoit Lhoste, le directeur de la clinique Bon Secours, qui appartient au groupe Elsan. \u00ab\u00a0On est sans doute la plus petite ville de France \u00e0 b\u00e9n\u00e9ficier d&rsquo;une telle technologie de pointe\u00a0\u00bb, s&rsquo;enthousiasme Jacques Largeron. \u00ab\u00a0L&rsquo;innovation n&rsquo;est pas r\u00e9serv\u00e9e \u00e0 Paris ou aux grandes m\u00e9tropoles\u00a0\u00bb, confirme S\u00e9bastien Proto qui a annonc\u00e9 vendredi que le groupe Elsan allait investir 11 millions d&rsquo;euros pour r\u00e9nover en diff\u00e9rentes \u00e9tapes la clinique ponote.<\/p>\n","protected":false},"excerpt":{"rendered":"La clinique Bon Secours du Puy-en-Velay a investi dans un robot chirurgical de nouvelle g\u00e9n\u00e9ration, le Da Vinci&hellip;\n","protected":false},"author":2,"featured_media":387514,"comment_status":"","ping_status":"","sticky":false,"template":"","format":"standard","meta":{"footnotes":""},"categories":[10],"tags":[2281,2282,1011,27,72,2280,2284,2285,2283,71],"class_list":{"0":"post-387513","1":"post","2":"type-post","3":"status-publish","4":"format-standard","5":"has-post-thumbnail","7":"category-sante","8":"tag-actualite-43","9":"tag-faits-divers-auvergne","10":"tag-fr","11":"tag-france","12":"tag-health","13":"tag-information-haute-loire","14":"tag-infos-43","15":"tag-journal-haute-loire","16":"tag-la-commere-43","17":"tag-sante"},"share_on_mastodon":{"url":"https:\/\/pubeurope.com\/@fr\/115196296404514525","error":""},"_links":{"self":[{"href":"https:\/\/www.europesays.com\/fr\/wp-json\/wp\/v2\/posts\/387513","targetHints":{"allow":["GET"]}}],"collection":[{"href":"https:\/\/www.europesays.com\/fr\/wp-json\/wp\/v2\/posts"}],"about":[{"href":"https:\/\/www.europesays.com\/fr\/wp-json\/wp\/v2\/types\/post"}],"author":[{"embeddable":true,"href":"https:\/\/www.europesays.com\/fr\/wp-json\/wp\/v2\/users\/2"}],"replies":[{"embeddable":true,"href":"https:\/\/www.europesays.com\/fr\/wp-json\/wp\/v2\/comments?post=387513"}],"version-history":[{"count":0,"href":"https:\/\/www.europesays.com\/fr\/wp-json\/wp\/v2\/posts\/387513\/revisions"}],"wp:featuredmedia":[{"embeddable":true,"href":"https:\/\/www.europesays.com\/fr\/wp-json\/wp\/v2\/media\/387514"}],"wp:attachment":[{"href":"https:\/\/www.europesays.com\/fr\/wp-json\/wp\/v2\/media?parent=387513"}],"wp:term":[{"taxonomy":"category","embeddable":true,"href":"https:\/\/www.europesays.com\/fr\/wp-json\/wp\/v2\/categories?post=387513"},{"taxonomy":"post_tag","embeddable":true,"href":"https:\/\/www.europesays.com\/fr\/wp-json\/wp\/v2\/tags?post=387513"}],"curies":[{"name":"wp","href":"https:\/\/api.w.org\/{rel}","templated":true}]}}