{"id":387519,"date":"2025-09-13T09:34:13","date_gmt":"2025-09-13T09:34:13","guid":{"rendered":"https:\/\/www.europesays.com\/fr\/387519\/"},"modified":"2025-09-13T09:34:13","modified_gmt":"2025-09-13T09:34:13","slug":"la-decouverte-coreenne-pulverise-toutes-les-technologies-energetiques-actuelles-existantes","status":"publish","type":"post","link":"https:\/\/www.europesays.com\/fr\/387519\/","title":{"rendered":"la d\u00e9couverte cor\u00e9enne pulv\u00e9rise toutes les technologies \u00e9nerg\u00e9tiques actuelles existantes"},"content":{"rendered":"<tr>\n<td><strong>EN BREF<\/strong><\/td>\n<\/tr>\n<tr>\n<td>\n<ul>\n<li>\ud83e\uddea D\u00e9couverte d\u2019un cristal innovant capable de \u00ab\u00a0respirer\u00a0\u00bb l\u2019oxyg\u00e8ne, transformant les <strong>technologies \u00e9nerg\u00e9tiques<\/strong>.<\/li>\n<li>\ud83c\udf3f Applications potentielles dans les piles \u00e0 combustible et les fen\u00eatres intelligentes pour am\u00e9liorer l\u2019<strong>efficacit\u00e9 \u00e9nerg\u00e9tique<\/strong>.<\/li>\n<li>\ud83d\udd04 Structure cristalline stable et r\u00e9versible, permettant une <strong>utilisation r\u00e9p\u00e9t\u00e9e<\/strong> sans d\u00e9gradation.<\/li>\n<li>\ud83d\udd2c Collaboration entre des chercheurs de Cor\u00e9e du Sud et du Japon pour d\u00e9velopper ce <strong>mat\u00e9riau<\/strong> r\u00e9volutionnaire.<\/li>\n<\/ul>\n<\/td>\n<\/tr>\n<p>La d\u00e9couverte r\u00e9cente d\u2019un cristal capable de \u00ab\u00a0respirer\u00a0\u00bb l\u2019oxyg\u00e8ne pourrait bien transformer le paysage des technologies \u00e9nerg\u00e9tiques. Ce mat\u00e9riau novateur, compos\u00e9 d\u2019oxyde m\u00e9tallique de strontium, de fer et de cobalt, pr\u00e9sente des possibilit\u00e9s prometteuses pour des applications dans les piles \u00e0 combustible et les fen\u00eatres intelligentes. Gr\u00e2ce \u00e0 sa capacit\u00e9 unique \u00e0 absorber et lib\u00e9rer de l\u2019oxyg\u00e8ne sans se d\u00e9grader, ce cristal pourrait r\u00e9volutionner notre approche des technologies propres et durables. Cette avanc\u00e9e est le fruit de la collaboration entre chercheurs de l\u2019universit\u00e9 nationale de Pusan en Cor\u00e9e du Sud et de l\u2019universit\u00e9 de Hokkaido au Japon.<\/p>\n<p>Un cristal respirant : vers des technologies innovantes<\/p>\n<p>Selon le professeur Hyoungjeen Jeen, l\u2019innovation apport\u00e9e par ce cristal est semblable \u00e0 \u00ab\u00a0donner des poumons au cristal\u00a0\u00bb, lui permettant d\u2019inhaler et d\u2019exhaler de l\u2019oxyg\u00e8ne \u00e0 la demande. Cette capacit\u00e9 est particuli\u00e8rement cruciale pour les <strong>piles \u00e0 combustible \u00e0 oxyde solide<\/strong>, qui g\u00e9n\u00e8rent de l\u2019\u00e9lectricit\u00e9 \u00e0 partir de l\u2019hydrog\u00e8ne avec peu d\u2019\u00e9missions. En outre, elle ouvre la voie \u00e0 des innovations comme les transistors thermiques, capables de canaliser la chaleur comme des commutateurs \u00e9lectriques, ainsi que les fen\u00eatres intelligentes qui ajustent automatiquement le flux de chaleur selon les conditions m\u00e9t\u00e9orologiques.<\/p>\n<p>Traditionnellement, les mat\u00e9riaux capables de manipuler l\u2019oxyg\u00e8ne pr\u00e9sentaient des limitations significatives, tels que la fragilit\u00e9 ou la n\u00e9cessit\u00e9 de conditions extr\u00eames pour fonctionner, ce qui entravait leur utilisation pratique. Ce nouveau cristal surmonte ces obstacles en pr\u00e9servant son int\u00e9grit\u00e9 structurelle tout en absorbant et lib\u00e9rant de l\u2019oxyg\u00e8ne dans des conditions mod\u00e9r\u00e9es, ce qui le rend applicable \u00e0 des situations r\u00e9elles.<\/p>\n<blockquote class=\"wp-embedded-content\" data-secret=\"5rFoUOCrKf\">\n<p><a href=\"https:\/\/www.le-gaz.fr\/2025\/06\/22\/coup-de-tonnerre-a-geneve-la-flambee-des-prix-du-chauffage-a-distance-inquiete-les-habitants-et-ravive-les-tensions-sociales\/\" rel=\"nofollow noopener\" target=\"_blank\">Coup de tonnerre \u00e0 Gen\u00e8ve : la flamb\u00e9e des prix du chauffage \u00e0 distance inqui\u00e8te les habitants et ravive les tensions sociales<\/a><\/p>\n<\/blockquote>\n<p>Structure stable gr\u00e2ce \u00e0 une r\u00e9duction s\u00e9lective du cobalt<\/p>\n<p>Deux aspects notables se d\u00e9marquent dans cette d\u00e9couverte : la r\u00e9duction s\u00e9lective des ions de cobalt et la formation d\u2019une structure cristalline stable. Les exp\u00e9riences men\u00e9es ont montr\u00e9 que le mat\u00e9riau peut retrouver sa forme originale apr\u00e8s l\u2019introduction d\u2019oxyg\u00e8ne, confirmant un processus enti\u00e8rement r\u00e9versible. Cette r\u00e9versibilit\u00e9 est fondamentale pour les applications pratiques, garantissant que le cristal peut effectuer son cycle d\u2019oxyg\u00e9nation de mani\u00e8re r\u00e9p\u00e9t\u00e9e sans se d\u00e9grader.<\/p>\n<p>Le professeur Hiromichi Ohta souligne que cette avanc\u00e9e repr\u00e9sente une \u00e9tape cruciale vers le d\u00e9veloppement de <strong>mat\u00e9riaux intelligents<\/strong> qui peuvent s\u2019adapter en temps r\u00e9el, ouvrant ainsi la voie \u00e0 des technologies \u00e9nerg\u00e9tiques propres et des mat\u00e9riaux de construction \u00e9cologiques.<\/p>\n<blockquote class=\"wp-embedded-content\" data-secret=\"CyJSWxAbU2\">\n<p><a href=\"https:\/\/www.le-gaz.fr\/2025\/06\/20\/changer-de-fournisseur-na-jamais-autant-rapporte-jusqua-150-e-verses-en-prime-pour-toute-souscription-ce-mois-ci\/\" rel=\"nofollow noopener\" target=\"_blank\">Changer de fournisseur n\u2019a jamais autant rapport\u00e9 : jusqu\u2019\u00e0 150 \u20ac vers\u00e9s en prime pour toute souscription ce mois-ci<\/a><\/p>\n<\/blockquote>\n<p>Applications potentielles dans divers secteurs<\/p>\n<p>Le potentiel d\u2019application de ce cristal est vaste et touche plusieurs secteurs. Dans le domaine de l\u2019\u00e9nergie, il pourrait am\u00e9liorer l\u2019efficacit\u00e9 des technologies actuelles et en d\u00e9velopper de nouvelles. Par exemple, les piles \u00e0 combustible \u00e0 oxyde solide pourraient voir leur rendement \u00e9nerg\u00e9tique accru tout en r\u00e9duisant les \u00e9missions. Dans la construction, les fen\u00eatres intelligentes utilisant ce cristal pourraient contribuer \u00e0 cr\u00e9er des b\u00e2timents plus \u00e9conomes en \u00e9nergie en r\u00e9gulant la temp\u00e9rature int\u00e9rieure selon les conditions ext\u00e9rieures.<\/p>\n<p>Au-del\u00e0 des secteurs de l\u2019\u00e9nergie et de la construction, ce cristal pourrait \u00e9galement trouver des applications dans l\u2019industrie \u00e9lectronique. Les transistors thermiques incorporant ce mat\u00e9riau pourraient r\u00e9volutionner la gestion thermique des appareils \u00e9lectroniques, permettant la conception de dispositifs plus performants et durables. L\u2019industrie des mat\u00e9riaux pourrait \u00e9galement b\u00e9n\u00e9ficier de nouveaux produits plus respectueux de l\u2019environnement gr\u00e2ce \u00e0 ce type de technologie.<\/p>\n<p>Un regard vers l\u2019avenir<\/p>\n<p>Cette d\u00e9couverte pourrait bien repr\u00e9senter un tournant dans le domaine des mat\u00e9riaux scientifiques et des technologies propres. En offrant un mat\u00e9riau alliant robustesse et flexibilit\u00e9, les chercheurs ouvrent la voie \u00e0 des innovations susceptibles de transformer notre utilisation et notre production d\u2019\u00e9nergie. Les implications de cette avanc\u00e9e sont vastes et pourraient impacter de nombreux secteurs industriels.<\/p>\n<p>Tandis que le monde cherche des solutions pour relever les d\u00e9fis \u00e9nerg\u00e9tiques et environnementaux, ce cristal respirant pourrait jouer un r\u00f4le cl\u00e9. La question demeure : comment ces nouvelles technologies seront-elles int\u00e9gr\u00e9es dans notre quotidien pour maximiser leur impact positif sur notre environnement?<\/p>\n<p>Cet article s\u2019appuie sur des sources v\u00e9rifi\u00e9es et l\u2019assistance de technologies \u00e9ditoriales.<\/p>\n<p id=\"rating\">\u00c7a vous a plu ?\u00a04.6\/5 (28)<\/p>\n","protected":false},"excerpt":{"rendered":"EN BREF \ud83e\uddea D\u00e9couverte d\u2019un cristal innovant capable de \u00ab\u00a0respirer\u00a0\u00bb l\u2019oxyg\u00e8ne, transformant les technologies \u00e9nerg\u00e9tiques. \ud83c\udf3f Applications potentielles&hellip;\n","protected":false},"author":2,"featured_media":387520,"comment_status":"","ping_status":"","sticky":false,"template":"","format":"standard","meta":{"footnotes":""},"categories":[7],"tags":[1011,27,43,40,41,39,42,44],"class_list":{"0":"post-387519","1":"post","2":"type-post","3":"status-publish","4":"format-standard","5":"has-post-thumbnail","7":"category-sciences-et-technologies","8":"tag-fr","9":"tag-france","10":"tag-science","11":"tag-science-and-technology","12":"tag-sciences","13":"tag-sciences-et-technologies","14":"tag-technologies","15":"tag-technology"},"share_on_mastodon":{"url":"https:\/\/pubeurope.com\/@fr\/115196308034583336","error":""},"_links":{"self":[{"href":"https:\/\/www.europesays.com\/fr\/wp-json\/wp\/v2\/posts\/387519","targetHints":{"allow":["GET"]}}],"collection":[{"href":"https:\/\/www.europesays.com\/fr\/wp-json\/wp\/v2\/posts"}],"about":[{"href":"https:\/\/www.europesays.com\/fr\/wp-json\/wp\/v2\/types\/post"}],"author":[{"embeddable":true,"href":"https:\/\/www.europesays.com\/fr\/wp-json\/wp\/v2\/users\/2"}],"replies":[{"embeddable":true,"href":"https:\/\/www.europesays.com\/fr\/wp-json\/wp\/v2\/comments?post=387519"}],"version-history":[{"count":0,"href":"https:\/\/www.europesays.com\/fr\/wp-json\/wp\/v2\/posts\/387519\/revisions"}],"wp:featuredmedia":[{"embeddable":true,"href":"https:\/\/www.europesays.com\/fr\/wp-json\/wp\/v2\/media\/387520"}],"wp:attachment":[{"href":"https:\/\/www.europesays.com\/fr\/wp-json\/wp\/v2\/media?parent=387519"}],"wp:term":[{"taxonomy":"category","embeddable":true,"href":"https:\/\/www.europesays.com\/fr\/wp-json\/wp\/v2\/categories?post=387519"},{"taxonomy":"post_tag","embeddable":true,"href":"https:\/\/www.europesays.com\/fr\/wp-json\/wp\/v2\/tags?post=387519"}],"curies":[{"name":"wp","href":"https:\/\/api.w.org\/{rel}","templated":true}]}}