{"id":387523,"date":"2025-09-13T09:36:12","date_gmt":"2025-09-13T09:36:12","guid":{"rendered":"https:\/\/www.europesays.com\/fr\/387523\/"},"modified":"2025-09-13T09:36:12","modified_gmt":"2025-09-13T09:36:12","slug":"comment-le-suspect-tyler-robinson-a-pu-etre-arrete-grace-a-ses-proches","status":"publish","type":"post","link":"https:\/\/www.europesays.com\/fr\/387523\/","title":{"rendered":"comment le suspect, Tyler Robinson, a pu \u00eatre arr\u00eat\u00e9 gr\u00e2ce \u00e0 ses proches"},"content":{"rendered":"\n<p> La lecture de ce contenu est susceptible d\u2019entra\u00eener un d\u00e9p\u00f4t de cookies de la part de l\u2019op\u00e9rateur tiers qui l\u2019h\u00e9berge. Compte-tenu des choix que vous avez exprim\u00e9s en mati\u00e8re de d\u00e9p\u00f4t de cookies, nous avons bloqu\u00e9 l\u2019affichage de ce contenu. Si vous souhaitez y acc\u00e9der, vous devez accepter la cat\u00e9gorie de cookies \u201cContenus tiers\u201d en cliquant sur le bouton ci-dessous. <\/p>\n<p> Lire la Vid\u00e9o              <\/p>\n<p class=\"asset asset-text\">\u00c9TATS-UNIS &#8211; D\u00e9nonc\u00e9 par sa propre famille. Un<a href=\"https:\/\/www.huffingtonpost.fr\/international\/video\/apres-la-mort-de-charlie-kirk-la-police-revele-les-images-de-la-fuite-du-meurtrier-de-l-influenceur_254738.html\" target=\"_blank\" rel=\"noopener\"> homme soup\u00e7onn\u00e9 d\u2019avoir assassin\u00e9<\/a> l\u2019influenceur conservateur Charlie Kirk a \u00e9t\u00e9 arr\u00eat\u00e9 apr\u00e8s une <a href=\"https:\/\/www.huffingtonpost.fr\/international\/article\/au-dela-de-la-mort-de-charlie-kirk-les-etats-unis-face-a-une-spirale-de-violence-politique_254749.html\" target=\"_blank\" rel=\"noopener\">chasse \u00e0 l\u2019homme effr\u00e9n\u00e9e<\/a>, deux jours apr\u00e8s le meurtre du porte-drapeau de la <a href=\"https:\/\/www.huffingtonpost.fr\/politique\/article\/nous-sommes-tous-charlie-pourquoi-l-extreme-droite-francaise-s-est-si-vite-emparee-de-la-mort-de-charlie-kirk_254692.html\" target=\"_blank\" rel=\"noopener\">jeunesse trumpiste<\/a> qui a choqu\u00e9 des \u00c9tats-Unis profond\u00e9ment polaris\u00e9s.<\/p>\n<p class=\"asset asset-text\">L\u2019arrestation a \u00e9t\u00e9 annonc\u00e9e vendredi 12\u00a0septembre au matin par Donald Trump et confirm\u00e9e par les autorit\u00e9s lors d\u2019une conf\u00e9rence de presse \u00e0 Orem, la ville de l\u2019Utah o\u00f9 Charlie Kirk, 31\u00a0ans, a \u00e9t\u00e9<a href=\"https:\/\/www.huffingtonpost.fr\/international\/video\/assassinat-de-charlie-kirk-ce-que-l-on-sait-de-la-mort-de-cet-influenceur-conservateur-proche-de-trump_254684.html\" target=\"_blank\" rel=\"noopener\"> tu\u00e9 d\u2019une balle dans le cou<\/a> mercredi lors d\u2019un d\u00e9bat public sur un campus universitaire.<\/p>\n<p class=\"asset asset-text\"><a href=\"https:\/\/www.huffingtonpost.fr\/international\/article\/donald-trump-annonce-la-capture-du-tireur-presume-apres-l-assassinat-de-charlie-kirk_254751.html\" target=\"_blank\" rel=\"noopener\">\u00ab\u00a0On l\u2019a eu\u00a0\u00bb<\/a>, a lanc\u00e9 le gouverneur r\u00e9publicain de l\u2019Utah, Spencer Cox, identifiant le suspect comme \u00e9tant Tyler Robinson. Ce jeune homme de 22\u00a0ans vivait \u00e0 Saint George, une ville \u00e0 quatre heures de route au sud, entour\u00e9e des canyons rouges de l\u2019ouest am\u00e9ricain. C\u2019est gr\u00e2ce \u00e0 la participation de certains de ses proches qu\u2019il a pu \u00eatre identifi\u00e9 et interpell\u00e9.<\/p>\n<p>    La famille mobilis\u00e9e pour faire interpeller le suspect    <\/p>\n<p class=\"asset asset-text\">Tyler Robinson a en effet \u00e9t\u00e9 signal\u00e9 aux autorit\u00e9s jeudi soir parce qu\u2019\u00ab\u00a0un membre de la famille\u00a0\u00bb du suspect a joint un ami, lequel a ensuite contact\u00e9 les autorit\u00e9s pour les informer que \u00ab\u00a0Robinson leur avait avou\u00e9 ou laiss\u00e9 entendre son implication\u00a0\u00bb dans l\u2019assassinat.<\/p>\n<p class=\"asset asset-text\">Puis \u00ab\u00a0sa famille et un ami ont aid\u00e9 \u00e0 le remettre aux autorit\u00e9s dans le comt\u00e9 de Washington\u00a0\u00bb, a indiqu\u00e9 Spencer Cox. Il a \u00e9t\u00e9 appr\u00e9hend\u00e9 jeudi soir vers 22H00 locales (6h heure de Paris vendredi) apr\u00e8s 33\u00a0heures de traque, selon le directeur de la police f\u00e9d\u00e9rale (FBI), Kash Patel.<\/p>\n<p class=\"asset asset-text\">Tyler Robinson est un \u00e9lecteur enregistr\u00e9 dans cet \u00c9tat majoritairement r\u00e9publicain mais il n\u2019a aucune affiliation politique connue. Un membre de sa famille a n\u00e9anmoins t\u00e9moign\u00e9 que \u00ab\u00a0Robinson \u00e9tait devenu plus politis\u00e9 ces derni\u00e8res ann\u00e9es\u00a0\u00bb, a soulign\u00e9 le gouverneur Cox.<\/p>\n<p>    \u00ab\u00a0Eh fasciste\u00a0! Attrape \u00e7a\u00a0!\u00a0\u00bb    <\/p>\n<p class=\"asset asset-text\">En outre, ce membre de la famille a fait \u00e9tat d\u2019une r\u00e9cente conversation avec un parent au cours de laquelle Tyler Robinson avait mentionn\u00e9 la prochaine venue de Charlie Kirk dans l\u2019Utah et partag\u00e9 son hostilit\u00e9 \u00e0 sa personne et \u00e0 ses opinions, <a href=\"https:\/\/www.huffingtonpost.fr\/medias\/article\/juste-avant-la-mort-de-charlie-kirk-ce-site-americain-publiait-un-billet-affirmant-lui-avoir-jete-un-sort_254691.html\" target=\"_blank\" rel=\"noopener\">tr\u00e8s conservatrices<\/a>.<\/p>\n<p class=\"asset asset-text\">Des messages \u00e0 tonalit\u00e9 antifasciste ont \u00e9t\u00e9 retrouv\u00e9s sur les munitions d\u00e9couvertes apr\u00e8s l\u2019assassinat, a annonc\u00e9 Spencer Cox.<\/p>\n<p class=\"asset asset-text\">\u00ab\u00a0Sur des inscriptions sur les trois munitions non utilis\u00e9es on pouvait lire \u201cEh fasciste\u00a0! Attrape \u00e7a\u00a0!\u201d\u00a0\u00bb, a expliqu\u00e9 le gouverneur. Une deuxi\u00e8me douille \u00e9tait grav\u00e9e du refrain de la c\u00e9l\u00e8bre chanson antifasciste \u00ab\u00a0Bella ciao\u00a0\u00bb mais d\u2019autres inscriptions paraissaient plus difficiles \u00e0 interpr\u00e9ter, dont des symboles inspir\u00e9s de l\u2019univers des jeux vid\u00e9o.<\/p>\n<p>    Famille unie et pas de casier judiciaire    <\/p>\n<p class=\"asset asset-text\">Tyler Robinson, 22\u00a0ans, vivait \u00ab\u00a0depuis longtemps avec sa famille dans le comt\u00e9 de Washington\u00a0\u00bb, \u00e0 l\u2019extr\u00e9mit\u00e9 sud-ouest de l\u2019Utah, a dit le gouverneur de l\u2019\u00c9tat, Spencer Cox. Il a fait ses \u00e9tudes primaires et secondaires dans la ville de St George et n\u2019a pas de casier judiciaire dans l\u2019\u00c9tat.<\/p>\n<p class=\"asset asset-text\">\u00ab\u00a0Pendant 33\u00a0heures, j\u2019ai pri\u00e9 pour que ce ne soit pas l\u2019un d\u2019entre nous, mais quelqu\u2019un venu d\u2019un autre \u00c9tat ou d\u2019un autre pays\u00a0\u00bb, a confi\u00e9 vendredi le gouverneur au sujet de l\u2019auteur de l\u2019assassinat de Charlie Kirk, tu\u00e9 d\u2019une balle dans le cou mercredi lors d\u2019un d\u00e9bat public sur un campus universitaire. \u00ab\u00a0Mais cela s\u2019est pass\u00e9 ici, et c\u2019\u00e9tait l\u2019un d\u2019entre nous\u00a0\u00bb, a-t-il reconnu.<\/p>\n<p class=\"asset asset-text\">Des photos publi\u00e9es sur les r\u00e9seaux sociaux de sa m\u00e8re, Amber, semblent montrer une famille unie. Tyler Robinson \u00e9tait l\u2019a\u00een\u00e9 de trois gar\u00e7ons. Sorti du lyc\u00e9e en 2021, \u00ab\u00a0Tyler James Robinson est \u00e9tudiant en 3e ann\u00e9e du programme d\u2019apprentissage en \u00e9lectricit\u00e9 de l\u2019Institut universitaire de technologie de Dixie\u00a0\u00bb, \u00e0 St George, ont pr\u00e9cis\u00e9 dans un communiqu\u00e9 les autorit\u00e9s de l\u2019enseignement sup\u00e9rieur de l\u2019Utah. \u00ab\u00a0Il a bri\u00e8vement \u00e9tudi\u00e9 \u00e0 l\u2019Universit\u00e9 d\u2019\u00c9tat de l\u2019Utah (pendant un semestre en 2021)\u00a0\u00bb, selon la m\u00eame source.<\/p>\n<p>    \u00ab\u00a0Toujours distant\u00a0\u00bb    <\/p>\n<p class=\"asset asset-text\">Dans le lotissement, o\u00f9 il habitait, les voisins le connaissaient \u00e0 peine\u00a0: ils \u00e9taient plus familiers avec sa voiture que son visage. \u00ab\u00a0Qui aurait pu imaginer que ce petit homme maigre qui montait et descendait de sa voiture serait capable de commettre un acte aussi odieux\u00a0?\u00a0\u00bb, a confi\u00e9 \u00e0 l\u2019AFP Heather McKnight, une ex-voisine qui avait r\u00e9cemment d\u00e9m\u00e9nag\u00e9.<\/p>\n<p class=\"asset asset-text\">\u00ab\u00a0Il \u00e9tait toujours distant, il ne disait jamais bonjour, il ne voulait pas parler ni nouer de bonnes relations de voisinage\u00a0\u00bb, a-t-elle ajout\u00e9.<\/p>\n<p class=\"asset asset-text\">\u00ab\u00a0J\u2019ai toujours pens\u00e9 qu\u2019il deviendrait un jour homme d\u2019affaires ou PDG, plut\u00f4t que ce que j\u2019apprends sur lui aujourd\u2019hui\u00a0\u00bb, a racont\u00e9 Jaida Funk, une jeune femme de 22\u00a0ans qui l\u2019a c\u00f4toy\u00e9 \u00e0 l\u2019\u00e9cole primaire et au coll\u00e8ge entre ses 5 et 16\u00a0ans. \u00ab\u00a0C\u2019est vraiment inattendu.\u00a0\u00bb<\/p>\n","protected":false},"excerpt":{"rendered":"La lecture de ce contenu est susceptible d\u2019entra\u00eener un d\u00e9p\u00f4t de cookies de la part de l\u2019op\u00e9rateur tiers&hellip;\n","protected":false},"author":2,"featured_media":387524,"comment_status":"","ping_status":"","sticky":false,"template":"","format":"standard","meta":{"footnotes":""},"categories":[5],"tags":[11,6744,75,73,1011,27,14,12,28],"class_list":{"0":"post-387523","1":"post","2":"type-post","3":"status-publish","4":"format-standard","5":"has-post-thumbnail","7":"category-international","8":"tag-actualites","9":"tag-assassinat","10":"tag-donald-trump","11":"tag-etats-unis","12":"tag-fr","13":"tag-france","14":"tag-international","15":"tag-news","16":"tag-world"},"share_on_mastodon":{"url":"https:\/\/pubeurope.com\/@fr\/115196315852683561","error":""},"_links":{"self":[{"href":"https:\/\/www.europesays.com\/fr\/wp-json\/wp\/v2\/posts\/387523","targetHints":{"allow":["GET"]}}],"collection":[{"href":"https:\/\/www.europesays.com\/fr\/wp-json\/wp\/v2\/posts"}],"about":[{"href":"https:\/\/www.europesays.com\/fr\/wp-json\/wp\/v2\/types\/post"}],"author":[{"embeddable":true,"href":"https:\/\/www.europesays.com\/fr\/wp-json\/wp\/v2\/users\/2"}],"replies":[{"embeddable":true,"href":"https:\/\/www.europesays.com\/fr\/wp-json\/wp\/v2\/comments?post=387523"}],"version-history":[{"count":0,"href":"https:\/\/www.europesays.com\/fr\/wp-json\/wp\/v2\/posts\/387523\/revisions"}],"wp:featuredmedia":[{"embeddable":true,"href":"https:\/\/www.europesays.com\/fr\/wp-json\/wp\/v2\/media\/387524"}],"wp:attachment":[{"href":"https:\/\/www.europesays.com\/fr\/wp-json\/wp\/v2\/media?parent=387523"}],"wp:term":[{"taxonomy":"category","embeddable":true,"href":"https:\/\/www.europesays.com\/fr\/wp-json\/wp\/v2\/categories?post=387523"},{"taxonomy":"post_tag","embeddable":true,"href":"https:\/\/www.europesays.com\/fr\/wp-json\/wp\/v2\/tags?post=387523"}],"curies":[{"name":"wp","href":"https:\/\/api.w.org\/{rel}","templated":true}]}}