{"id":387525,"date":"2025-09-13T09:37:13","date_gmt":"2025-09-13T09:37:13","guid":{"rendered":"https:\/\/www.europesays.com\/fr\/387525\/"},"modified":"2025-09-13T09:37:13","modified_gmt":"2025-09-13T09:37:13","slug":"faits-divers-saint-aubin-un-mort-dans-un-accident-de-la-circulation-le-bien-public","status":"publish","type":"post","link":"https:\/\/www.europesays.com\/fr\/387525\/","title":{"rendered":"Faits divers. Saint-Aubin : un mort dans un accident de la circulation &#8211; Le Bien Public"},"content":{"rendered":"<ol>\n<li><a href=\"https:\/\/news.google.com\/rss\/articles\/CBMiswFBVV95cUxPVjZhZ2piMnRkZjkzMld6ZjNhd0J0VjFqZDk4S3FYdGMxR28yNkI4Yk1BVUtRUjk2cFp6RU1TRS1wX3VyS21WeVZhUVpNeVF0X2lzV1JKaFZZNEdMZUpYT0VCdHNuV0ZSUWZqQWRKdmxMX3MyNGRXSVRIVlo0U3dRd2Z1WERVeW1jWVBNdE8xSVQ1ZXRPYWVLQUpVcGhtLXNTN0NFamtwbXdRa0czMkxXTlhmNA?oc=5\" target=\"_blank\" rel=\"noopener\">Faits divers. Saint-Aubin : un mort dans un accident de la circulation<\/a>&nbsp;&nbsp;Le Bien Public<\/li>\n<li><a href=\"https:\/\/news.google.com\/rss\/articles\/CBMiswJBVV95cUxObFc4YVJXNFJnYlROOXNVN3oxLTJ6akFnczUtZWRHVmdCSWFDT1M5RnFSMHFuRmUtVUxjQ2toVWJ6d3I4TXpTTDY2el9Qamtzb1FPXzJXYklDazhuZTAwbldvZVBJOGxFWlJINklDdUhIT1lMbDlvY2ZPNFVLV1picFlzSndLaXZhY3VnZU9tZ08zdXBZTjNyc3lfdVFjMzNXSnVaQWlSeHpiR3lmTEtZZG5aOW5WMW1lWTFHUldydTlWdlJqa1h4NUNlYkc0b3hZYWNHb3lJWDBnTEQ5RkpRc3JLWFpKRks1WXFmNmJ4R1kybTZ5OHdFS2xrbTFCNXFPMWNGc0ZxWjdBT25uLVJxZm5jNjRwYm1GX3BlcXA5N21CSER4NlJRVU5BdkhSOHhsUVkw?oc=5\" target=\"_blank\" rel=\"noopener\">Une m\u00e8re de famille d\u00e9c\u00e9d\u00e9e, ses trois enfants et un autre conducteur en \u00e9tat grave : \u00ab\u00a0tr\u00e8s violent\u00a0\u00bb accident en C\u00f4te-d&rsquo;Or<\/a>&nbsp;&nbsp;France 3 R\u00e9gions<\/li>\n<li><a href=\"https:\/\/news.google.com\/rss\/articles\/CBMihAJBVV95cUxQYktwaGxKeXZfbTFIcDJWLVF4ampUNWhuYy1OQlFEclZuaUdBcmxITXBmeklSZ2szMTZXeXctbWgwTzR4WjRteUxYUGFZQWd3bzhQRHRnbEhaT3JnRmFxWGtXMVkybDBLSzlwRU9wMFJrWC1KeXQwN0h0VXFWODJFREpQVTI4ZjJzWFk0dXlGZ1RrVE8tOHZyZGVnR2N4cWRsSlIzNVc3dWljY2VLYU4ydnk1N21VeGtXdTBpcGJQSFBiM0FMSkl2Y242OEg0R0pDWHpCalpiYWk4cVoyNTBOMmlVRHlvQlkzdE5TSS1lLTNMNnVoTUg3T3R1MHU5OFNxTEQzSA?oc=5\" target=\"_blank\" rel=\"noopener\">Un homme de 33 ans meurt dans un accident sur l&rsquo;ancienne nationale 6 en C\u00f4te-d&rsquo;Or, une femme gravement bless\u00e9e<\/a>&nbsp;&nbsp;francebleu.fr<\/li>\n<li><a href=\"https:\/\/news.google.com\/rss\/articles\/CBMi0AFBVV95cUxPOVhoUDlpWkpONUlIQkJEclhCNHdTTWlNb3VYaEU1YlFwMU9hUmJraDNLVjExUmI5NVExUF9xR1VoTkVOLVJuMWRBTS1halQwZXFnN0VpRDJCU3VZMHNUOGt6Yy1OUTNEbjVaQW1vN1FROGItZVpiODFVaEp6UTRVbzRmaHlFLXRyeWFqOXFla2FXU0pEQ0RYOE81aExBaFpMODRjVGh2VnZpYVFKOW9BMW90Zlh1UEtzV0JUd1JsdHBaQzIxbGViZXdHOXNheFV4?oc=5\" target=\"_blank\" rel=\"noopener\">Faits divers. Une m\u00e8re de famille tu\u00e9e dans un accident de la route \u00e0 Chassagne-Montrachet<\/a>&nbsp;&nbsp;Le Bien Public<\/li>\n<li><a href=\"https:\/\/news.google.com\/rss\/articles\/CBMizwFBVV95cUxQdngxdEd0cmNrclZQRGdMWEdfaHlfM1pLQTBfd2xPY1N1a3Mtck01bDhPbzRIVTM2U1U4Z2Jtckc3Ry0zWXlsd1I0eHR3M1oyWlp6QllfYkdicTdwWHdMQzRTSndaUmd5WFdCRXVEY2pYWDlJcVozSEFsNExOYWJsRGtWZW9rcjFNZ3hYRjBLdWFhLV9lV3hXWjlPdHBHemszTmZ1UGJ1LU5wUGE5ZjdFYzNPcWRHb2JBSE50ZnJhSGJQQWwxekJvZXpaZ3NLNTQ?oc=5\" target=\"_blank\" rel=\"noopener\">Chassagne-Montrachet. Nouvel accident grave sur la D906 : une m\u00e8re de famille tu\u00e9e, ses trois enfants bless\u00e9s<\/a>&nbsp;&nbsp;Le JSL<\/li>\n<\/ol>\n","protected":false},"excerpt":{"rendered":"Faits divers. Saint-Aubin : un mort dans un accident de la circulation&nbsp;&nbsp;Le Bien Public Une m\u00e8re de famille&hellip;\n","protected":false},"author":2,"featured_media":387526,"comment_status":"","ping_status":"","sticky":false,"template":"","format":"standard","meta":{"footnotes":""},"categories":[4],"tags":[11,10975,274,107,1011,27,12,25,52001],"class_list":{"0":"post-387525","1":"post","2":"type-post","3":"status-publish","4":"format-standard","5":"has-post-thumbnail","7":"category-france","8":"tag-actualites","9":"tag-edition-beaune-et-sa-region","10":"tag-faits-divers-justice","11":"tag-fil-info","12":"tag-fr","13":"tag-france","14":"tag-news","15":"tag-republique-francaise","16":"tag-saint-aubin"},"share_on_mastodon":{"url":"https:\/\/pubeurope.com\/@fr\/115196319790122122","error":""},"_links":{"self":[{"href":"https:\/\/www.europesays.com\/fr\/wp-json\/wp\/v2\/posts\/387525","targetHints":{"allow":["GET"]}}],"collection":[{"href":"https:\/\/www.europesays.com\/fr\/wp-json\/wp\/v2\/posts"}],"about":[{"href":"https:\/\/www.europesays.com\/fr\/wp-json\/wp\/v2\/types\/post"}],"author":[{"embeddable":true,"href":"https:\/\/www.europesays.com\/fr\/wp-json\/wp\/v2\/users\/2"}],"replies":[{"embeddable":true,"href":"https:\/\/www.europesays.com\/fr\/wp-json\/wp\/v2\/comments?post=387525"}],"version-history":[{"count":0,"href":"https:\/\/www.europesays.com\/fr\/wp-json\/wp\/v2\/posts\/387525\/revisions"}],"wp:featuredmedia":[{"embeddable":true,"href":"https:\/\/www.europesays.com\/fr\/wp-json\/wp\/v2\/media\/387526"}],"wp:attachment":[{"href":"https:\/\/www.europesays.com\/fr\/wp-json\/wp\/v2\/media?parent=387525"}],"wp:term":[{"taxonomy":"category","embeddable":true,"href":"https:\/\/www.europesays.com\/fr\/wp-json\/wp\/v2\/categories?post=387525"},{"taxonomy":"post_tag","embeddable":true,"href":"https:\/\/www.europesays.com\/fr\/wp-json\/wp\/v2\/tags?post=387525"}],"curies":[{"name":"wp","href":"https:\/\/api.w.org\/{rel}","templated":true}]}}